{"id":10579,"date":"2020-04-09T10:28:36","date_gmt":"2020-04-09T08:28:36","guid":{"rendered":"https:\/\/www.rajapack.at\/verpackungsnews\/\/?p=10579"},"modified":"2025-11-12T09:49:22","modified_gmt":"2025-11-12T08:49:22","slug":"atemschutzmasken-und-ffp-klassen","status":"publish","type":"post","link":"https:\/\/www.rajapack.at\/verpackungsnews\/atemschutzmasken-und-ffp-klassen","title":{"rendered":"Atemschutzmasken und FFP-Klassen"},"content":{"rendered":"<h5>Das tiefe Luftholen hat entspannende Wirkung, hilft wieder klar denken und verhindert gelegentlich eine vorschnelle \u00c4u\u00dferung. 20.000 Atemz\u00fcge macht ein Mensch pro Tag- das sind rund 6.600 Mal Atemholen w\u00e4hrend eines Arbeitstages. Umso wichtiger ist in bestimmten Umgebungen der richtige Atemschutz.. Doch Atemschutzmaske ist nicht gleich Atemschutzmaske.<\/h5>\n<div class=\"su-spacer\" style=\"height:20px\"><\/div><div class=\"su-divider su-divider-style-default\" style=\"margin:15px 0;border-width:3px;border-color:#999999\"><\/div><div class=\"su-spacer\" style=\"height:20px\"><\/div>\n<div id=\"ez-toc-container\" class=\"ez-toc-v2_0_73 counter-hierarchy ez-toc-counter ez-toc-grey ez-toc-container-direction\">\n<div class=\"ez-toc-title-container\">\n<p class=\"ez-toc-title\" style=\"cursor:inherit\">Direkt zu diesen Themen:<\/p>\n<span class=\"ez-toc-title-toggle\"><a href=\"#\" class=\"ez-toc-pull-right ez-toc-btn ez-toc-btn-xs ez-toc-btn-default ez-toc-toggle\" aria-label=\"Toggle Table of Content\"><span class=\"ez-toc-js-icon-con\"><span class=\"\"><span class=\"eztoc-hide\" style=\"display:none;\">Toggle<\/span><span class=\"ez-toc-icon-toggle-span\"><svg style=\"fill: #999;color:#999\" xmlns=\"http:\/\/www.w3.org\/2000\/svg\" class=\"list-377408\" width=\"20px\" height=\"20px\" viewBox=\"0 0 24 24\" fill=\"none\"><path d=\"M6 6H4v2h2V6zm14 0H8v2h12V6zM4 11h2v2H4v-2zm16 0H8v2h12v-2zM4 16h2v2H4v-2zm16 0H8v2h12v-2z\" fill=\"currentColor\"><\/path><\/svg><svg style=\"fill: #999;color:#999\" class=\"arrow-unsorted-368013\" xmlns=\"http:\/\/www.w3.org\/2000\/svg\" width=\"10px\" height=\"10px\" viewBox=\"0 0 24 24\" version=\"1.2\" baseProfile=\"tiny\"><path d=\"M18.2 9.3l-6.2-6.3-6.2 6.3c-.2.2-.3.4-.3.7s.1.5.3.7c.2.2.4.3.7.3h11c.3 0 .5-.1.7-.3.2-.2.3-.5.3-.7s-.1-.5-.3-.7zM5.8 14.7l6.2 6.3 6.2-6.3c.2-.2.3-.5.3-.7s-.1-.5-.3-.7c-.2-.2-.4-.3-.7-.3h-11c-.3 0-.5.1-.7.3-.2.2-.3.5-.3.7s.1.5.3.7z\"\/><\/svg><\/span><\/span><\/span><\/a><\/span><\/div>\n<nav><ul class='ez-toc-list ez-toc-list-level-1 ' ><li class='ez-toc-page-1 ez-toc-heading-level-2'><a class=\"ez-toc-link ez-toc-heading-1\" href=\"https:\/\/www.rajapack.at\/verpackungsnews\/atemschutzmasken-und-ffp-klassen\/#Atemschutz_am_Arbeitsplatz_dank_Einwegmaske\" title=\"Atemschutz am Arbeitsplatz dank Einwegmaske\">Atemschutz am Arbeitsplatz dank Einwegmaske<\/a><\/li><li class='ez-toc-page-1 ez-toc-heading-level-2'><a class=\"ez-toc-link ez-toc-heading-2\" href=\"https:\/\/www.rajapack.at\/verpackungsnews\/atemschutzmasken-und-ffp-klassen\/#Welche_FFP-Klassen_gibt_es_bei_Atemschutzmasken\" title=\"Welche FFP-Klassen gibt es bei Atemschutzmasken?\">Welche FFP-Klassen gibt es bei Atemschutzmasken?<\/a><ul class='ez-toc-list-level-3' ><li class='ez-toc-heading-level-3'><a class=\"ez-toc-link ez-toc-heading-3\" href=\"https:\/\/www.rajapack.at\/verpackungsnews\/atemschutzmasken-und-ffp-klassen\/#FFP1-Masken\" title=\"FFP1-Masken\">FFP1-Masken<\/a><\/li><li class='ez-toc-page-1 ez-toc-heading-level-3'><a class=\"ez-toc-link ez-toc-heading-4\" href=\"https:\/\/www.rajapack.at\/verpackungsnews\/atemschutzmasken-und-ffp-klassen\/#FFP2-Masken\" title=\"FFP2-Masken\">FFP2-Masken<\/a><\/li><li class='ez-toc-page-1 ez-toc-heading-level-3'><a class=\"ez-toc-link ez-toc-heading-5\" href=\"https:\/\/www.rajapack.at\/verpackungsnews\/atemschutzmasken-und-ffp-klassen\/#FFP3-Masken\" title=\"FFP3-Masken\">FFP3-Masken<\/a><\/li><\/ul><\/li><li class='ez-toc-page-1 ez-toc-heading-level-2'><a class=\"ez-toc-link ez-toc-heading-6\" href=\"https:\/\/www.rajapack.at\/verpackungsnews\/atemschutzmasken-und-ffp-klassen\/#Wie_lange_kann_ich_chirurgische_Masken_tragen\" title=\"Wie lange kann ich chirurgische Masken tragen?\">Wie lange kann ich chirurgische Masken tragen?<\/a><\/li><li class='ez-toc-page-1 ez-toc-heading-level-2'><a class=\"ez-toc-link ez-toc-heading-7\" href=\"https:\/\/www.rajapack.at\/verpackungsnews\/atemschutzmasken-und-ffp-klassen\/#Wie_lange_darf_ich_FFP-_Masken_tragen\" title=\"Wie lange darf ich FFP- Masken tragen?\">Wie lange darf ich FFP- Masken tragen?<\/a><\/li><li class='ez-toc-page-1 ez-toc-heading-level-2'><a class=\"ez-toc-link ez-toc-heading-8\" href=\"https:\/\/www.rajapack.at\/verpackungsnews\/atemschutzmasken-und-ffp-klassen\/#Schalenmaske_oder_Faltbare_Maske\" title=\"Schalenmaske oder Faltbare Maske?\">Schalenmaske oder Faltbare Maske?<\/a><\/li><li class='ez-toc-page-1 ez-toc-heading-level-2'><a class=\"ez-toc-link ez-toc-heading-9\" href=\"https:\/\/www.rajapack.at\/verpackungsnews\/atemschutzmasken-und-ffp-klassen\/#Einwegmaske_oder_Mehrwegmaske\" title=\"Einwegmaske oder Mehrwegmaske?\">Einwegmaske oder Mehrwegmaske?<\/a><\/li><li class='ez-toc-page-1 ez-toc-heading-level-2'><a class=\"ez-toc-link ez-toc-heading-10\" href=\"https:\/\/www.rajapack.at\/verpackungsnews\/atemschutzmasken-und-ffp-klassen\/#Einwegmaske_mit_Ventil_%E2%80%93_oder_ohne\" title=\"Einwegmaske mit Ventil \u2013 oder ohne?\">Einwegmaske mit Ventil \u2013 oder ohne?<\/a><\/li><li class='ez-toc-page-1 ez-toc-heading-level-2'><a class=\"ez-toc-link ez-toc-heading-11\" href=\"https:\/\/www.rajapack.at\/verpackungsnews\/atemschutzmasken-und-ffp-klassen\/#Schutzmasken_und_das_Coronavirus\" title=\"Schutzmasken und das Coronavirus\">Schutzmasken und das Coronavirus<\/a><\/li><\/ul><\/nav><\/div>\n<h2><span class=\"ez-toc-section\" id=\"Atemschutz_am_Arbeitsplatz_dank_Einwegmaske\"><\/span>Atemschutz am Arbeitsplatz dank Einwegmaske<span class=\"ez-toc-section-end\"><\/span><\/h2>\n<div class=\"su-spacer\" style=\"height:20px\"><\/div>\nBei vielen unserer Kunden, zum Beispiel im Baugewerbe, in Maler- und Lackiererbetrieben, Medizin- oder Chemielaboren, in der Lebensmittelbranche und Landwirtschaft geh\u00f6rt das Thema Atemschutz zum Arbeitsalltag. Das reicht vom komplett umluft-unabh\u00e4ngigen Atemschutzger\u00e4t (bei Eins\u00e4tzen mit weniger als 17 Volumen-% Sauerstoff oder bei giftigen Gasen) \u00fcber die umluftabh\u00e4ngigen Vollmasken (Schutz auch vor Gasen und D\u00e4mpfen, zum Beispiel bei Feuerwehreins\u00e4tzen) bis zur\u00a0<a href=\"https:\/\/www.rajapack.at\/arbeitsschutz-hygiene\/atemschutz_C6085.html\" target=\"_blank\" rel=\"noopener\"><strong>partikelfiltrierenden Halbmaske<\/strong><\/a>. Diese auch FFP (filtering face piece) genannte Staubmaske bedeckt Nase und Mund und sch\u00fctzt je nach Ausf\u00fchrung vor dem Einatmen diverser Partikel sowie w\u00e4ssriger oder \u00f6liger Aerosolen.<br \/>\nDabei spielen die Gesamtleckage und die MAK eine zentrale Rolle. Als Gesamtleckage bezeichnet man die Gesamtheit aller Undichtigkeitsstellen an Gesicht und Ausatemventil sowie Filterdurchlass. Unter MAK (Maximale Arbeitsplatzkonzentration) versteht man die max. zul\u00e4ssige Konzentration eines Stoffes in der Atemluft am Arbeitsplatz, bei der keine gesundheitssch\u00e4dlichen Wirkungen zu erwarten sind. Auch bei einer t\u00e4glichen Arbeitszeit von 8 Std., maximal 40 Std. in der Woche (bei Schichtbetrieb 42 Std.) darf es dabei nicht zu Gesundheitssch\u00e4den kommen.<br \/>\n<div class=\"su-spacer\" style=\"height:20px\"><\/div>\n<h2><span class=\"ez-toc-section\" id=\"Welche_FFP-Klassen_gibt_es_bei_Atemschutzmasken\"><\/span>Welche FFP-Klassen gibt es bei Atemschutzmasken?<span class=\"ez-toc-section-end\"><\/span><\/h2>\n<div class=\"su-spacer\" style=\"height:20px\"><\/div>\n<p>Es werden drei verschiedene FFP-Klassen unterschieden, ihre Schutzfunktion ist nach der EN149 genormt:<\/p>\n<div class=\"su-spacer\" style=\"height:20px\"><\/div>\n<h3><span class=\"ez-toc-section\" id=\"FFP1-Masken\"><\/span>FFP1-Masken<span class=\"ez-toc-section-end\"><\/span><\/h3>\n<div class=\"su-spacer\" style=\"height:20px\"><\/div>\nMasken der Klasse FFP1 sch\u00fctzen vor ungiftigen Stoffen. Die zul\u00e4ssige Gesamtleckage betr\u00e4gt max. 25 % und darf eingesetzt werden wenn der MAK-Wert h\u00f6chstens die 4-fache Konzentration des branchenspezifischen Wertes erreicht. Anwendung finden diese Masken zum Beispiel im Baugewerbe und in der Nahrungsmittelindustrie.<\/p>\n<h3><span class=\"ez-toc-section\" id=\"FFP2-Masken\"><\/span><div class=\"su-spacer\" style=\"height:20px\"><\/div>\nFFP2-Masken<span class=\"ez-toc-section-end\"><\/span><\/h3>\n<div class=\"su-spacer\" style=\"height:20px\"><\/div>\n<p>Masken der Klasse FFP2 sch\u00fctzen vor gesundheitssch\u00e4dlichem Staub, Rauch und Aerosolen. Letztere k\u00f6nnen auch fibrogen sein (d.h. hei\u00dft sie f\u00fchren kurzfristig zur Reizung der Atemwege und langfristig zur Abnahme der Elastizit\u00e4t des Lungengewebes). Die zul\u00e4ssige Gesamtleckage betr\u00e4gt max. 11 %, ihr Einsatz erfolgt wenn der MAK-Wert h\u00f6chstens die 10-fache Konzentration des branchenspezifischen Wertes erreicht. FFP2 Masken werden beispielsweise in der Metallindustrie und im Bergbau eingesetzt.<\/p>\n<h3><span class=\"ez-toc-section\" id=\"FFP3-Masken\"><\/span><div class=\"su-spacer\" style=\"height:20px\"><\/div>\nFFP3-Masken<span class=\"ez-toc-section-end\"><\/span><\/h3>\n<div class=\"su-spacer\" style=\"height:20px\"><\/div>\n<p>Atemmasken der Klasse FFP3 sch\u00fctzen vor giftigem, gesundheitssch\u00e4dlichem Staub, vor Rauch, Aerosolen, Viren, Bakterien, Pilzsporen und radioaktiven Stoffen. Die zul\u00e4ssige Gesamtleckage betr\u00e4gt max. 5 %. Ihr Einsatz erfolgt wenn der MAK-Wert h\u00f6chstens die 30-fache Konzentration des branchenspezifischen Wertes erreicht. Sie werden etwa in der Chemie-Industrie genutzt.<\/p>\n<table class=\"tg\">\n<tbody>\n<tr>\n<th class=\"tg-031e\"><\/th>\n<th class=\"tg-ta12\">Chirurgische Maske<\/th>\n<th class=\"tg-ta12\">FFP 1 Maske<\/th>\n<th class=\"tg-ta12\">FFP 2 Maske<\/th>\n<th class=\"tg-ta12\">FFP 3 Maske<\/th>\n<\/tr>\n<tr>\n<td class=\"tg-riqm\">Schutzgrad<\/td>\n<td class=\"tg-ws86\">Sch\u00fctzt andere vor Tropfen<br \/>\nin der Ausatemluft der tragenden Person<\/td>\n<td class=\"tg-ws86\">Filterkapazit\u00e4t 78 %,<br \/>\nGegen Feinstaub<br \/>\n(bis zum 4-fachen MAK-Wert*)<\/td>\n<td class=\"tg-ws86\">Filterkapazit\u00e4t 92 %,<br \/>\nGegen giftigen Feinstaub<br \/>\n(bis zum 10-fachen MAK-Wert*)<\/td>\n<td class=\"tg-ws86\">Filterkapazit\u00e4t 98 %,<br \/>\nGegen Feinstaub und sehr giftigen Staub<br \/>\n(bis zum 50-fachen MAK-Wert*)<\/td>\n<\/tr>\n<tr>\n<td class=\"tg-ywco\">Einsatzgebiet<\/td>\n<td class=\"tg-cxis\">Kranken- und Pflegeeinrichtungen,<br \/>\nVerwendung in der \u00d6ffentlichkeit<br \/>\nals Pr\u00e4ventionsma\u00dfnahme<\/td>\n<td class=\"tg-cxis\">Baugewerbe, Lebensmittelindustrie<\/td>\n<td class=\"tg-cxis\">Metall- und Chemieindustrie,<br \/>\nBergbau<\/td>\n<td class=\"tg-cxis\">Chemie- und Pharmaindustrie,<br \/>\nMetallidustrie<\/td>\n<\/tr>\n<tr>\n<td class=\"tg-nxje\">Schadstoffe<\/td>\n<td class=\"tg-ws86\">Begrenzte Barrierewirkung<br \/>\nbzgl. gegenseitiger Infektion<\/td>\n<td class=\"tg-ws86\">Ungiftige Stoffe: Baumwolle,<br \/>\nKohle, Eisenmetalle etc.Die Zusatzkennzeichnung &#8222;D&#8220;<br \/>\nan der Filterklasse bedeutet,<br \/>\ndass die Maske nach europ\u00e4ischer<br \/>\nNorm die<br \/>\nDolomitenstaub-<br \/>\neinlagerungspr\u00fcfung bestanden hat<\/td>\n<td class=\"tg-ws86\">Gesundheitsch\u00e4dliche Stoffe:<br \/>\nStaub, Rauch, Aerosole Staub, Rauch, AerosoleDie Zusatzkennzeichnung &#8222;D&#8220;<br \/>\nan der Filterklasse bedeutet,<br \/>\ndass die Maske nach europ\u00e4ischer<br \/>\nNorm die<br \/>\nDolomitenstaub-<br \/>\neinlagerungspr\u00fcfung bestanden hat<\/td>\n<td class=\"tg-ws86\">Giftige, gesundheitsch\u00e4dliche Stoffe:<br \/>\nStaub, Rauch, Aerosole, Viren,<br \/>\nBakterien, Pilzsporen, radioaktive StoffeDie Zusatzkennzeichnung &#8222;D&#8220;<br \/>\nan der Filterklasse bedeutet,<br \/>\ndass die Maske nach europ\u00e4ischer<br \/>\nNorm die<br \/>\nDolomitenstaub-<br \/>\neinlagerungspr\u00fcfung bestanden hat<\/td>\n<\/tr>\n<\/tbody>\n<\/table>\n<p>*MAK-Wert (Maximale Arbeitsplatz-Konzentration): Gibt die h\u00f6chstzul\u00e4ssige Konzentration eines Stoffes als Gas, Dampf oder Schwebstoff in der Luft am Arbeitsplatz (f\u00fcr einen i.d.R. 8-Stunden-Arbeitstag) an.<\/p>\n<h2><span class=\"ez-toc-section\" id=\"Wie_lange_kann_ich_chirurgische_Masken_tragen\"><\/span>Wie lange kann ich chirurgische Masken tragen?<span class=\"ez-toc-section-end\"><\/span><\/h2>\n<div class=\"su-spacer\" style=\"height:20px\"><\/div>\n<p>Eine chirurgische Maske ist ein Medizinprodukt und entspricht der Norm EN 14683+C1:2019. Es handelt sich um ein Einwegprodukt, welches nach jedem Einsatz entsorgt wird. Empfohlene Tragedauer: 4 Stunden.<\/p>\n<h2><span class=\"ez-toc-section\" id=\"Wie_lange_darf_ich_FFP-_Masken_tragen\"><\/span>Wie lange darf ich FFP- Masken tragen?<span class=\"ez-toc-section-end\"><\/span><\/h2>\n<div class=\"su-spacer\" style=\"height:20px\"><\/div>\n<p>FFP- Masken entsprechen der europ\u00e4ischen Norm EN149-2001+A1:2009. Ob schalenf\u00f6rmig oder faltbar, mit oder ohne Ventil, die Wirksamkeit der Maske bleibt f\u00fcr den Tr\u00e4ger gleich. Dsa Ventil sorgt f\u00fcr eine bessere Atmungsaktivit\u00e4t und reduziert die Temperatur im Inneren der Maske. Es l\u00e4sst Luft beim Ausatmen durch und schlie\u00dft sich wieder beim Einatmen. Empfohlene Tragedauer: 8 Stunden.<\/p>\n<h2><span class=\"ez-toc-section\" id=\"Schalenmaske_oder_Faltbare_Maske\"><\/span>Schalenmaske oder Faltbare Maske?<span class=\"ez-toc-section-end\"><\/span><\/h2>\n<div class=\"su-spacer\" style=\"height:20px\"><\/div>\n<p>Geschmackssache. Eine Schalenmaske ist geformt und starr, was ein schnelleres Anlegen m\u00f6glich macht. EIne faltbare Maske ist flexibel, biegsam und platzsparend. Sie passt sich dar\u00fcber hinaus jeder Gesichtsform an.<\/p>\n<h2><span class=\"ez-toc-section\" id=\"Einwegmaske_oder_Mehrwegmaske\"><\/span>Einwegmaske oder Mehrwegmaske?<span class=\"ez-toc-section-end\"><\/span><\/h2>\n<div class=\"su-spacer\" style=\"height:20px\"><\/div>\nWird die Atemschutzmaske nur gelegentlich f\u00fcr einzelne T\u00e4tigkeiten ben\u00f6tigt, empfiehlt sich der Gebrauch von Einwegmasken. Diese werden einfach ausgetauscht, sobald das Atmen schwerer f\u00e4llt. Je nach Konzentration der Partikel, vor der die Maske Schutz bieten soll (Staub, Rauch, Aerosolen, Viren, Bakterien, Pilssporen\u2026), bietet die Maske Schutz f\u00fcr bis zu 8 Stunden \u2013 oder den oben errechneten 6.600 Atemz\u00fcgen.<\/p>\n<h2><span class=\"ez-toc-section\" id=\"Einwegmaske_mit_Ventil_%E2%80%93_oder_ohne\"><\/span>Einwegmaske mit Ventil \u2013 oder ohne?<span class=\"ez-toc-section-end\"><\/span><\/h2>\n<div class=\"su-spacer\" style=\"height:20px\"><\/div>\nOb sich f\u00fcr Sie der Einsatz einer Atemschutzmaske mit Ventil empfiehlt, h\u00e4ngt im Wesentlichen von der Tragedauer und der Art der T\u00e4tigkeit ab. Das Ventil erleichtert das Entweichen der Atemluft und wird daher als komfortabler empfunden bei l\u00e4ngerer Tragezeit oder w\u00e4hrend anstrengenden T\u00e4tigkeiten mit erh\u00f6hter Atemfrequenz. Das f\u00fchrt zu dauerhaft k\u00fchlem und trockenem Klima innerhalb der Maske und hat einen weiteren gro\u00dfen Vorteil, wenn zus\u00e4tzlich zu der Schutzmaske auch eine\u00a0<a href=\"\/verpackungsnews\/gute-arbeitsschutzbrille\" target=\"_blank\" rel=\"noopener\">Schutzbrille<\/a>\u00a0getragen wird: Da die feuchte Atemluft lediglich \u00fcber das Ventil entweicht, wird das Beschlagen der Schutzbrille deutlich minimiert.<\/p>\n<p>Optimalen Schutz bieten beide Varianten, mit und ohne Ventil, da sich beim Einatmen die Membran des Ventils, allein durch den Atemzug, komplett luftdicht verschlie\u00dft.<\/p>\n<h2><span class=\"ez-toc-section\" id=\"Schutzmasken_und_das_Coronavirus\"><\/span>Schutzmasken und das Coronavirus<span class=\"ez-toc-section-end\"><\/span><\/h2>\n<div class=\"su-spacer\" style=\"height:20px\"><\/div>\nAtemschutzmasken werden in erster Linie in Asien, vor allem in China produziert, diese Tatsache und die weltweit sehr hohe Nachfrage verursacht die aktuellen Engp\u00e4sse in der Wiederbeschaffung. Dringend notwendig sind Schutzmasken vor allem im Gesundheitswesen, bei medizinischem Personal und Pflegepersonal. In den Kliniken werden in erster Linie zwei Maskentypen benutzt: einfache OP-Masken aus Vlies, die dazu dienen die Patienten bei einer Operation vor dem Speichel von \u00c4rzten und Personal zu sch\u00fctzen, sowie Schutzmasken der Klassen FFP2 und FFP3. Da das Coronavirus relativ klein ist, bieten nur diese FFP-Masken Schutz vor einer Infektion mit dem Coronavirus.<\/p>\n<p>Auch die \u00d6sterreichische Agentur f\u00fcr Gesundheit und Ern\u00e4hrungssicherheit (AGES) empfiehlt das Tragen eines Mund-Nasen-Schutzes, \u00fcberall dort wo der Sicherheitsabstand nicht eingehalten werden kann (z.B. in Gesch\u00e4ften oder im \u00f6ffentlichen Nahverkehr), um die Weiterverbreitung von SARS-CoV-2 einzud\u00e4mmen. Der Mundschutz muss dabei eng anliegend getragen und gewechselt werden sobald er feucht ist. Das European Centre for Disease Prevention and Control (ECDC) gibt <a href=\"https:\/\/www.ecdc.europa.eu\/en\/publications-data\/infographic-using-face-masks-community\" target=\"_blank\" rel=\"noopener\">Hinweise zur Handhabung und Pflege von Mund-Nasen-Bedeckungen<\/a>. Es wird jedoch auch darauf hingewiesen, dass das Tragen eines Mund-Nasen-Schutzes nicht vor einer Infektion sch\u00fctzt, es soll lediglich andere Personen vor der Tr\u00f6pfcheninfektion sch\u00fctzen. Daher m\u00fcssen auch weiterhin die Abstandsregeln sowie die Husten- und Niesregeln und die H\u00e4ndehygiene eingehalten werden. Und nat\u00fcrlich gilt nach wie vor: Wenn jemand Symptome hat, muss diese Person unbedingt zu Hause bleiben.<\/p>\n<p><img loading=\"lazy\" decoding=\"async\" class=\"aligncenter wp-image-24539 size-large\" src=\"https:\/\/www.rajapack.at\/verpackungsnews\/wp-content\/uploads\/2020\/04\/atemschutzmasken-bearbeitet-1024x300.jpg\" alt=\"Masken Atemschutz\" width=\"1024\" height=\"300\" srcset=\"https:\/\/www.rajapack.at\/verpackungsnews\/wp-content\/uploads\/2020\/04\/atemschutzmasken-bearbeitet-1024x300.jpg 1024w, https:\/\/www.rajapack.at\/verpackungsnews\/wp-content\/uploads\/2020\/04\/atemschutzmasken-bearbeitet-430x126.jpg 430w, https:\/\/www.rajapack.at\/verpackungsnews\/wp-content\/uploads\/2020\/04\/atemschutzmasken-bearbeitet-768x225.jpg 768w, https:\/\/www.rajapack.at\/verpackungsnews\/wp-content\/uploads\/2020\/04\/atemschutzmasken-bearbeitet.jpg 1200w\" sizes=\"auto, (max-width: 1024px) 100vw, 1024px\" \/><\/p>\n","protected":false},"excerpt":{"rendered":"<p>Das tiefe Luftholen hat entspannende Wirkung, hilft wieder klar denken und verhindert gelegentlich eine vorschnelle \u00c4u\u00dferung. 20.000 Atemz\u00fcge macht ein Mensch pro Tag- das sind rund 6.600 Mal Atemholen w\u00e4hrend [&#8230;]<\/p>\n","protected":false},"author":22,"featured_media":24795,"comment_status":"open","ping_status":"closed","sticky":false,"template":"","format":"standard","meta":{"_acf_changed":false,"footnotes":""},"categories":[20],"tags":[49,756,287],"class_list":["post-10579","post","type-post","status-publish","format-standard","has-post-thumbnail","hentry","category-know-how","tag-arbeitsschutz","tag-gesundheit","tag-normen"],"acf":[],"yoast_head":"\n<title>Atemschutzmasken und FFP-Klassen<\/title>\n<meta name=\"description\" content=\"Atemschutzmasken werden klassifiziert nach FFP. Wir erkl\u00e4ren, welche Atemschutzmaske sich wof\u00fcr eignet und welche verschiedenen Arten es gibt\" \/>\n<meta name=\"robots\" content=\"index, follow, max-snippet:-1, max-image-preview:large, max-video-preview:-1\" \/>\n<link rel=\"canonical\" href=\"https:\/\/www.rajapack.at\/verpackungsnews\/atemschutzmasken-und-ffp-klassen\" \/>\n<meta property=\"og:locale\" content=\"de_AT\" \/>\n<meta property=\"og:type\" content=\"article\" \/>\n<meta property=\"og:title\" content=\"Atemschutzmasken und FFP-Klassen\" \/>\n<meta property=\"og:description\" content=\"Atemschutzmasken werden klassifiziert nach FFP. Wir erkl\u00e4ren, welche Atemschutzmaske sich wof\u00fcr eignet und welche verschiedenen Arten es gibt\" \/>\n<meta property=\"og:url\" content=\"https:\/\/www.rajapack.at\/verpackungsnews\/atemschutzmasken-und-ffp-klassen\" \/>\n<meta property=\"og:site_name\" content=\"RAJAPACK Blog AT\" \/>\n<meta property=\"article:published_time\" content=\"2020-04-09T08:28:36+00:00\" \/>\n<meta property=\"article:modified_time\" content=\"2025-11-12T08:49:22+00:00\" \/>\n<meta property=\"og:image\" content=\"https:\/\/www.rajapack.at\/verpackungsnews\/wp-content\/uploads\/2020\/04\/Social-Schutzmasken.jpg\" \/>\n\t<meta property=\"og:image:width\" content=\"1200\" \/>\n\t<meta property=\"og:image:height\" content=\"627\" \/>\n\t<meta property=\"og:image:type\" content=\"image\/jpeg\" \/>\n<meta name=\"author\" content=\"RAJAPACK AT\" \/>\n<meta name=\"twitter:card\" content=\"summary_large_image\" \/>\n<meta name=\"twitter:label1\" content=\"Verfasst von\" \/>\n\t<meta name=\"twitter:data1\" content=\"RAJAPACK AT\" \/>\n\t<meta name=\"twitter:label2\" content=\"Gesch\u00e4tzte Lesezeit\" \/>\n\t<meta name=\"twitter:data2\" content=\"7 Minuten\" \/>\n<script type=\"application\/ld+json\" class=\"yoast-schema-graph\">{\n\t    \"@context\": \"https:\/\/schema.org\",\n\t    \"@graph\": [\n\t        {\n\t            \"@type\": \"Article\",\n\t            \"@id\": \"https:\/\/www.rajapack.at\/verpackungsnews\/atemschutzmasken-und-ffp-klassen#article\",\n\t            \"isPartOf\": {\n\t                \"@id\": \"https:\/\/www.rajapack.at\/verpackungsnews\/atemschutzmasken-und-ffp-klassen\"\n\t            },\n\t            \"author\": {\n\t                \"name\": \"RAJAPACK AT\",\n\t                \"@id\": \"https:\/\/www.rajapack.at\/verpackungsnews\/#\/schema\/person\/df6dc3629cb737ad2c3253a2901a8034\"\n\t            },\n\t            \"headline\": \"Atemschutzmasken und FFP-Klassen\",\n\t            \"datePublished\": \"2020-04-09T08:28:36+00:00\",\n\t            \"dateModified\": \"2025-11-12T08:49:22+00:00\",\n\t            \"mainEntityOfPage\": {\n\t                \"@id\": \"https:\/\/www.rajapack.at\/verpackungsnews\/atemschutzmasken-und-ffp-klassen\"\n\t            },\n\t            \"wordCount\": 1220,\n\t            \"commentCount\": 0,\n\t            \"publisher\": {\n\t                \"@id\": \"https:\/\/www.rajapack.at\/verpackungsnews\/#organization\"\n\t            },\n\t            \"image\": {\n\t                \"@id\": \"https:\/\/www.rajapack.at\/verpackungsnews\/atemschutzmasken-und-ffp-klassen#primaryimage\"\n\t            },\n\t            \"thumbnailUrl\": \"https:\/\/www.rajapack.at\/verpackungsnews\/wp-content\/uploads\/2020\/04\/Blog_Header_Schutzmasken.jpg\",\n\t            \"keywords\": [\n\t                \"Arbeitsschutz\",\n\t                \"Gesundheit\",\n\t                \"Normen\"\n\t            ],\n\t            \"articleSection\": [\n\t                \"Know How\"\n\t            ],\n\t            \"inLanguage\": \"de-AT\",\n\t            \"potentialAction\": [\n\t                {\n\t                    \"@type\": \"CommentAction\",\n\t                    \"name\": \"Comment\",\n\t                    \"target\": [\n\t                        \"https:\/\/www.rajapack.at\/verpackungsnews\/atemschutzmasken-und-ffp-klassen#respond\"\n\t                    ]\n\t                }\n\t            ]\n\t        },\n\t        {\n\t            \"@type\": \"WebPage\",\n\t            \"@id\": \"https:\/\/www.rajapack.at\/verpackungsnews\/atemschutzmasken-und-ffp-klassen\",\n\t            \"url\": \"https:\/\/www.rajapack.at\/verpackungsnews\/atemschutzmasken-und-ffp-klassen\",\n\t            \"name\": \"Atemschutzmasken und FFP-Klassen\",\n\t            \"isPartOf\": {\n\t                \"@id\": \"https:\/\/www.rajapack.at\/verpackungsnews\/#website\"\n\t            },\n\t            \"primaryImageOfPage\": {\n\t                \"@id\": \"https:\/\/www.rajapack.at\/verpackungsnews\/atemschutzmasken-und-ffp-klassen#primaryimage\"\n\t            },\n\t            \"image\": {\n\t                \"@id\": \"https:\/\/www.rajapack.at\/verpackungsnews\/atemschutzmasken-und-ffp-klassen#primaryimage\"\n\t            },\n\t            \"thumbnailUrl\": \"https:\/\/www.rajapack.at\/verpackungsnews\/wp-content\/uploads\/2020\/04\/Blog_Header_Schutzmasken.jpg\",\n\t            \"datePublished\": \"2020-04-09T08:28:36+00:00\",\n\t            \"dateModified\": \"2025-11-12T08:49:22+00:00\",\n\t            \"description\": \"Atemschutzmasken werden klassifiziert nach FFP. Wir erkl\u00e4ren, welche Atemschutzmaske sich wof\u00fcr eignet und welche verschiedenen Arten es gibt\",\n\t            \"inLanguage\": \"de-AT\",\n\t            \"potentialAction\": [\n\t                {\n\t                    \"@type\": \"ReadAction\",\n\t                    \"target\": [\n\t                        \"https:\/\/www.rajapack.at\/verpackungsnews\/atemschutzmasken-und-ffp-klassen\"\n\t                    ]\n\t                }\n\t            ]\n\t        },\n\t        {\n\t            \"@type\": \"ImageObject\",\n\t            \"inLanguage\": \"de-AT\",\n\t            \"@id\": \"https:\/\/www.rajapack.at\/verpackungsnews\/atemschutzmasken-und-ffp-klassen#primaryimage\",\n\t            \"url\": \"https:\/\/www.rajapack.at\/verpackungsnews\/wp-content\/uploads\/2020\/04\/Blog_Header_Schutzmasken.jpg\",\n\t            \"contentUrl\": \"https:\/\/www.rajapack.at\/verpackungsnews\/wp-content\/uploads\/2020\/04\/Blog_Header_Schutzmasken.jpg\",\n\t            \"width\": 810,\n\t            \"height\": 420,\n\t            \"caption\": \"Atemschutzmasken\"\n\t        },\n\t        {\n\t            \"@type\": \"WebSite\",\n\t            \"@id\": \"https:\/\/www.rajapack.at\/verpackungsnews\/#website\",\n\t            \"url\": \"https:\/\/www.rajapack.at\/verpackungsnews\/\",\n\t            \"name\": \"RAJAPACK Blog AT\",\n\t            \"description\": \"Verpackungsnews vom Experten\",\n\t            \"publisher\": {\n\t                \"@id\": \"https:\/\/www.rajapack.at\/verpackungsnews\/#organization\"\n\t            },\n\t            \"potentialAction\": [\n\t                {\n\t                    \"@type\": \"SearchAction\",\n\t                    \"target\": {\n\t                        \"@type\": \"EntryPoint\",\n\t                        \"urlTemplate\": \"https:\/\/www.rajapack.at\/verpackungsnews\/?s={search_term_string}\"\n\t                    },\n\t                    \"query-input\": {\n\t                        \"@type\": \"PropertyValueSpecification\",\n\t                        \"valueRequired\": true,\n\t                        \"valueName\": \"search_term_string\"\n\t                    }\n\t                }\n\t            ],\n\t            \"inLanguage\": \"de-AT\"\n\t        },\n\t        {\n\t            \"@type\": \"Organization\",\n\t            \"@id\": \"https:\/\/www.rajapack.at\/verpackungsnews\/#organization\",\n\t            \"name\": \"RAJAPACK Blog AT\",\n\t            \"url\": \"https:\/\/www.rajapack.at\/verpackungsnews\/\",\n\t            \"logo\": {\n\t                \"@type\": \"ImageObject\",\n\t                \"inLanguage\": \"de-AT\",\n\t                \"@id\": \"https:\/\/www.rajapack.at\/verpackungsnews\/#\/schema\/logo\/image\/\",\n\t                \"url\": \"https:\/\/www.rajapack.at\/verpackungsnews\/wp-content\/uploads\/2021\/11\/LOGO-RAJA-800x243-1.jpg\",\n\t                \"contentUrl\": \"https:\/\/www.rajapack.at\/verpackungsnews\/wp-content\/uploads\/2021\/11\/LOGO-RAJA-800x243-1.jpg\",\n\t                \"width\": 800,\n\t                \"height\": 243,\n\t                \"caption\": \"RAJAPACK Blog AT\"\n\t            },\n\t            \"image\": {\n\t                \"@id\": \"https:\/\/www.rajapack.at\/verpackungsnews\/#\/schema\/logo\/image\/\"\n\t            },\n\t            \"sameAs\": [\n\t                \"https:\/\/de.linkedin.com\/company\/rajapack-gmbh\"\n\t            ]\n\t        },\n\t        {\n\t            \"@type\": \"Person\",\n\t            \"@id\": \"https:\/\/www.rajapack.at\/verpackungsnews\/#\/schema\/person\/df6dc3629cb737ad2c3253a2901a8034\",\n\t            \"name\": \"RAJAPACK AT\",\n\t            \"image\": {\n\t                \"@type\": \"ImageObject\",\n\t                \"inLanguage\": \"de-AT\",\n\t                \"@id\": \"https:\/\/www.rajapack.at\/verpackungsnews\/#\/schema\/person\/image\/\",\n\t                \"url\": \"https:\/\/secure.gravatar.com\/avatar\/4c95834f3b6420b1fbe980903e066e22?s=96&d=mm&r=g\",\n\t                \"contentUrl\": \"https:\/\/secure.gravatar.com\/avatar\/4c95834f3b6420b1fbe980903e066e22?s=96&d=mm&r=g\",\n\t                \"caption\": \"RAJAPACK AT\"\n\t            }\n\t        }\n\t    ]\n\t}<\/script>\n","yoast_head_json":{"title":"Atemschutzmasken und FFP-Klassen","description":"Atemschutzmasken werden klassifiziert nach FFP. Wir erkl\u00e4ren, welche Atemschutzmaske sich wof\u00fcr eignet und welche verschiedenen Arten es gibt","robots":{"index":"index","follow":"follow","max-snippet":"max-snippet:-1","max-image-preview":"max-image-preview:large","max-video-preview":"max-video-preview:-1"},"canonical":"https:\/\/www.rajapack.at\/verpackungsnews\/atemschutzmasken-und-ffp-klassen","og_locale":"de_AT","og_type":"article","og_title":"Atemschutzmasken und FFP-Klassen","og_description":"Atemschutzmasken werden klassifiziert nach FFP. Wir erkl\u00e4ren, welche Atemschutzmaske sich wof\u00fcr eignet und welche verschiedenen Arten es gibt","og_url":"https:\/\/www.rajapack.at\/verpackungsnews\/atemschutzmasken-und-ffp-klassen","og_site_name":"RAJAPACK Blog AT","article_published_time":"2020-04-09T08:28:36+00:00","article_modified_time":"2025-11-12T08:49:22+00:00","og_image":[{"width":1200,"height":627,"url":"https:\/\/www.rajapack.at\/verpackungsnews\/wp-content\/uploads\/2020\/04\/Social-Schutzmasken.jpg","type":"image\/jpeg"}],"author":"RAJAPACK AT","twitter_card":"summary_large_image","twitter_misc":{"Verfasst von":"RAJAPACK AT","Gesch\u00e4tzte Lesezeit":"7 Minuten"},"schema":{"@context":"https:\/\/schema.org","@graph":[{"@type":"Article","@id":"https:\/\/www.rajapack.at\/verpackungsnews\/atemschutzmasken-und-ffp-klassen#article","isPartOf":{"@id":"https:\/\/www.rajapack.at\/verpackungsnews\/atemschutzmasken-und-ffp-klassen"},"author":{"name":"RAJAPACK AT","@id":"https:\/\/www.rajapack.at\/verpackungsnews\/#\/schema\/person\/df6dc3629cb737ad2c3253a2901a8034"},"headline":"Atemschutzmasken und FFP-Klassen","datePublished":"2020-04-09T08:28:36+00:00","dateModified":"2025-11-12T08:49:22+00:00","mainEntityOfPage":{"@id":"https:\/\/www.rajapack.at\/verpackungsnews\/atemschutzmasken-und-ffp-klassen"},"wordCount":1220,"commentCount":0,"publisher":{"@id":"https:\/\/www.rajapack.at\/verpackungsnews\/#organization"},"image":{"@id":"https:\/\/www.rajapack.at\/verpackungsnews\/atemschutzmasken-und-ffp-klassen#primaryimage"},"thumbnailUrl":"https:\/\/www.rajapack.at\/verpackungsnews\/wp-content\/uploads\/2020\/04\/Blog_Header_Schutzmasken.jpg","keywords":["Arbeitsschutz","Gesundheit","Normen"],"articleSection":["Know How"],"inLanguage":"de-AT","potentialAction":[{"@type":"CommentAction","name":"Comment","target":["https:\/\/www.rajapack.at\/verpackungsnews\/atemschutzmasken-und-ffp-klassen#respond"]}]},{"@type":"WebPage","@id":"https:\/\/www.rajapack.at\/verpackungsnews\/atemschutzmasken-und-ffp-klassen","url":"https:\/\/www.rajapack.at\/verpackungsnews\/atemschutzmasken-und-ffp-klassen","name":"Atemschutzmasken und FFP-Klassen","isPartOf":{"@id":"https:\/\/www.rajapack.at\/verpackungsnews\/#website"},"primaryImageOfPage":{"@id":"https:\/\/www.rajapack.at\/verpackungsnews\/atemschutzmasken-und-ffp-klassen#primaryimage"},"image":{"@id":"https:\/\/www.rajapack.at\/verpackungsnews\/atemschutzmasken-und-ffp-klassen#primaryimage"},"thumbnailUrl":"https:\/\/www.rajapack.at\/verpackungsnews\/wp-content\/uploads\/2020\/04\/Blog_Header_Schutzmasken.jpg","datePublished":"2020-04-09T08:28:36+00:00","dateModified":"2025-11-12T08:49:22+00:00","description":"Atemschutzmasken werden klassifiziert nach FFP. Wir erkl\u00e4ren, welche Atemschutzmaske sich wof\u00fcr eignet und welche verschiedenen Arten es gibt","inLanguage":"de-AT","potentialAction":[{"@type":"ReadAction","target":["https:\/\/www.rajapack.at\/verpackungsnews\/atemschutzmasken-und-ffp-klassen"]}]},{"@type":"ImageObject","inLanguage":"de-AT","@id":"https:\/\/www.rajapack.at\/verpackungsnews\/atemschutzmasken-und-ffp-klassen#primaryimage","url":"https:\/\/www.rajapack.at\/verpackungsnews\/wp-content\/uploads\/2020\/04\/Blog_Header_Schutzmasken.jpg","contentUrl":"https:\/\/www.rajapack.at\/verpackungsnews\/wp-content\/uploads\/2020\/04\/Blog_Header_Schutzmasken.jpg","width":810,"height":420,"caption":"Atemschutzmasken"},{"@type":"WebSite","@id":"https:\/\/www.rajapack.at\/verpackungsnews\/#website","url":"https:\/\/www.rajapack.at\/verpackungsnews\/","name":"RAJAPACK Blog AT","description":"Verpackungsnews vom Experten","publisher":{"@id":"https:\/\/www.rajapack.at\/verpackungsnews\/#organization"},"potentialAction":[{"@type":"SearchAction","target":{"@type":"EntryPoint","urlTemplate":"https:\/\/www.rajapack.at\/verpackungsnews\/?s={search_term_string}"},"query-input":{"@type":"PropertyValueSpecification","valueRequired":true,"valueName":"search_term_string"}}],"inLanguage":"de-AT"},{"@type":"Organization","@id":"https:\/\/www.rajapack.at\/verpackungsnews\/#organization","name":"RAJAPACK Blog AT","url":"https:\/\/www.rajapack.at\/verpackungsnews\/","logo":{"@type":"ImageObject","inLanguage":"de-AT","@id":"https:\/\/www.rajapack.at\/verpackungsnews\/#\/schema\/logo\/image\/","url":"https:\/\/www.rajapack.at\/verpackungsnews\/wp-content\/uploads\/2021\/11\/LOGO-RAJA-800x243-1.jpg","contentUrl":"https:\/\/www.rajapack.at\/verpackungsnews\/wp-content\/uploads\/2021\/11\/LOGO-RAJA-800x243-1.jpg","width":800,"height":243,"caption":"RAJAPACK Blog AT"},"image":{"@id":"https:\/\/www.rajapack.at\/verpackungsnews\/#\/schema\/logo\/image\/"},"sameAs":["https:\/\/de.linkedin.com\/company\/rajapack-gmbh"]},{"@type":"Person","@id":"https:\/\/www.rajapack.at\/verpackungsnews\/#\/schema\/person\/df6dc3629cb737ad2c3253a2901a8034","name":"RAJAPACK AT","image":{"@type":"ImageObject","inLanguage":"de-AT","@id":"https:\/\/www.rajapack.at\/verpackungsnews\/#\/schema\/person\/image\/","url":"https:\/\/secure.gravatar.com\/avatar\/4c95834f3b6420b1fbe980903e066e22?s=96&d=mm&r=g","contentUrl":"https:\/\/secure.gravatar.com\/avatar\/4c95834f3b6420b1fbe980903e066e22?s=96&d=mm&r=g","caption":"RAJAPACK AT"}}]}},"_links":{"self":[{"href":"https:\/\/www.rajapack.at\/verpackungsnews\/wp-json\/wp\/v2\/posts\/10579","targetHints":{"allow":["GET"]}}],"collection":[{"href":"https:\/\/www.rajapack.at\/verpackungsnews\/wp-json\/wp\/v2\/posts"}],"about":[{"href":"https:\/\/www.rajapack.at\/verpackungsnews\/wp-json\/wp\/v2\/types\/post"}],"author":[{"embeddable":true,"href":"https:\/\/www.rajapack.at\/verpackungsnews\/wp-json\/wp\/v2\/users\/22"}],"replies":[{"embeddable":true,"href":"https:\/\/www.rajapack.at\/verpackungsnews\/wp-json\/wp\/v2\/comments?post=10579"}],"version-history":[{"count":5,"href":"https:\/\/www.rajapack.at\/verpackungsnews\/wp-json\/wp\/v2\/posts\/10579\/revisions"}],"predecessor-version":[{"id":29965,"href":"https:\/\/www.rajapack.at\/verpackungsnews\/wp-json\/wp\/v2\/posts\/10579\/revisions\/29965"}],"wp:featuredmedia":[{"embeddable":true,"href":"https:\/\/www.rajapack.at\/verpackungsnews\/wp-json\/wp\/v2\/media\/24795"}],"wp:attachment":[{"href":"https:\/\/www.rajapack.at\/verpackungsnews\/wp-json\/wp\/v2\/media?parent=10579"}],"wp:term":[{"taxonomy":"category","embeddable":true,"href":"https:\/\/www.rajapack.at\/verpackungsnews\/wp-json\/wp\/v2\/categories?post=10579"},{"taxonomy":"post_tag","embeddable":true,"href":"https:\/\/www.rajapack.at\/verpackungsnews\/wp-json\/wp\/v2\/tags?post=10579"}],"curies":[{"name":"wp","href":"https:\/\/api.w.org\/{rel}","templated":true}]}}