{"id":11861,"date":"2017-06-02T12:55:13","date_gmt":"2017-06-02T10:55:13","guid":{"rendered":"https:\/\/www.rajapack.at\/verpackungsnews\/?p=11861"},"modified":"2025-11-11T13:12:26","modified_gmt":"2025-11-11T12:12:26","slug":"baustellen-schutzhelme","status":"publish","type":"post","link":"https:\/\/www.rajapack.at\/verpackungsnews\/baustellen-schutzhelme","title":{"rendered":"Arbeitsschutz auf Baustellen \u2013 Schutzhelme"},"content":{"rendered":"<h5>Der Sommer ist nicht nur Ferienhochzeit sondern auch f\u00fcr den Baubetrieb Hauptsaison. Meist merkt man das auch wenn man auf dem Weg in den Urlaub im Baustellenstau steht. Grund genug uns einmal genauer mit dem Thema Baustellen zu besch\u00e4ftigen. Denn auf Baustellen kommen zahlreiche Materialien zum Einsatz die wir nur zu gut kennen: Paletten, Kartons, Cutter, Leitern\u2026und nat\u00fcrlich\u00a0<a href=\"\/verpackungsnews\/arbeitskleidung-und-schutzkleidung\/\" target=\"_blank\" rel=\"noopener\">Arbeitsschutzkleidung<\/a>. Und die ist auf dem Bau von ganz entscheidender Bedeutung.<\/h5>\n<div class=\"su-spacer\" style=\"height:20px\"><\/div><div class=\"su-divider su-divider-style-default\" style=\"margin:15px 0;border-width:3px;border-color:#999999\"><\/div><div class=\"su-spacer\" style=\"height:20px\"><\/div>\n<div id=\"ez-toc-container\" class=\"ez-toc-v2_0_73 counter-hierarchy ez-toc-counter ez-toc-grey ez-toc-container-direction\">\n<div class=\"ez-toc-title-container\">\n<p class=\"ez-toc-title\" style=\"cursor:inherit\">Direkt zu diesen Themen:<\/p>\n<span class=\"ez-toc-title-toggle\"><a href=\"#\" class=\"ez-toc-pull-right ez-toc-btn ez-toc-btn-xs ez-toc-btn-default ez-toc-toggle\" aria-label=\"Toggle Table of Content\"><span class=\"ez-toc-js-icon-con\"><span class=\"\"><span class=\"eztoc-hide\" style=\"display:none;\">Toggle<\/span><span class=\"ez-toc-icon-toggle-span\"><svg style=\"fill: #999;color:#999\" xmlns=\"http:\/\/www.w3.org\/2000\/svg\" class=\"list-377408\" width=\"20px\" height=\"20px\" viewBox=\"0 0 24 24\" fill=\"none\"><path d=\"M6 6H4v2h2V6zm14 0H8v2h12V6zM4 11h2v2H4v-2zm16 0H8v2h12v-2zM4 16h2v2H4v-2zm16 0H8v2h12v-2z\" fill=\"currentColor\"><\/path><\/svg><svg style=\"fill: #999;color:#999\" class=\"arrow-unsorted-368013\" xmlns=\"http:\/\/www.w3.org\/2000\/svg\" width=\"10px\" height=\"10px\" viewBox=\"0 0 24 24\" version=\"1.2\" baseProfile=\"tiny\"><path d=\"M18.2 9.3l-6.2-6.3-6.2 6.3c-.2.2-.3.4-.3.7s.1.5.3.7c.2.2.4.3.7.3h11c.3 0 .5-.1.7-.3.2-.2.3-.5.3-.7s-.1-.5-.3-.7zM5.8 14.7l6.2 6.3 6.2-6.3c.2-.2.3-.5.3-.7s-.1-.5-.3-.7c-.2-.2-.4-.3-.7-.3h-11c-.3 0-.5.1-.7.3-.2.2-.3.5-.3.7s.1.5.3.7z\"\/><\/svg><\/span><\/span><\/span><\/a><\/span><\/div>\n<nav><ul class='ez-toc-list ez-toc-list-level-1 ' ><li class='ez-toc-page-1 ez-toc-heading-level-2'><a class=\"ez-toc-link ez-toc-heading-1\" href=\"https:\/\/www.rajapack.at\/verpackungsnews\/baustellen-schutzhelme\/#Schutzhelme_als_Teil_der_Persoenlichen_Schutzausruestung\" title=\"Schutzhelme als Teil der Pers\u00f6nlichen Schutzausr\u00fcstung\">Schutzhelme als Teil der Pers\u00f6nlichen Schutzausr\u00fcstung<\/a><\/li><li class='ez-toc-page-1 ez-toc-heading-level-2'><a class=\"ez-toc-link ez-toc-heading-2\" href=\"https:\/\/www.rajapack.at\/verpackungsnews\/baustellen-schutzhelme\/#Warum_sind_Schutzhelme_fuer_den_Bau_essentiell\" title=\"Warum sind Schutzhelme f\u00fcr den Bau essentiell?\">Warum sind Schutzhelme f\u00fcr den Bau essentiell?<\/a><\/li><li class='ez-toc-page-1 ez-toc-heading-level-2'><a class=\"ez-toc-link ez-toc-heading-3\" href=\"https:\/\/www.rajapack.at\/verpackungsnews\/baustellen-schutzhelme\/#Was_ist_die_DIN_EN_397\" title=\"Was ist die DIN EN 397?\">Was ist die DIN EN 397?<\/a><\/li><li class='ez-toc-page-1 ez-toc-heading-level-2'><a class=\"ez-toc-link ez-toc-heading-4\" href=\"https:\/\/www.rajapack.at\/verpackungsnews\/baustellen-schutzhelme\/#Wie_lange_darf_man_Schutzhelme_benutzen\" title=\"Wie lange darf man Schutzhelme benutzen?\">Wie lange darf man Schutzhelme benutzen?<\/a><\/li><li class='ez-toc-page-1 ez-toc-heading-level-2'><a class=\"ez-toc-link ez-toc-heading-5\" href=\"https:\/\/www.rajapack.at\/verpackungsnews\/baustellen-schutzhelme\/#Was_hat_es_mit_den_Farben_der_Schutzhelme_auf_sich\" title=\"Was hat es mit den Farben der Schutzhelme auf sich?\">Was hat es mit den Farben der Schutzhelme auf sich?<\/a><\/li><\/ul><\/nav><\/div>\n<h2><span class=\"ez-toc-section\" id=\"Schutzhelme_als_Teil_der_Persoenlichen_Schutzausruestung\"><\/span>Schutzhelme als Teil der Pers\u00f6nlichen Schutzausr\u00fcstung<span class=\"ez-toc-section-end\"><\/span><\/h2>\n<div class=\"su-spacer\" style=\"height:20px\"><\/div>\n<p>Mit dem\u00a0<a href=\"http:\/\/www.ris.bka.gv.at\/GeltendeFassung.wxe?Abfrage=Bundesnormen&amp;Gesetzesnummer=10008910\" target=\"_blank\" rel=\"noopener noreferrer\">ArbeitnehmerInnenschutzgesetz\u00a0<\/a>\u00a0soll die Gesundheit aller Besch\u00e4ftigten gesichert und verbessert werden. Ein wesentlicher Bestandteil des Arbeitsschutzes ist die\u00a0<a href=\"https:\/\/www.wko.at\/service\/arbeitsrecht-sozialrecht\/Arbeitsplatzevaluierung.html\" target=\"_blank\" rel=\"noopener noreferrer\">Arbeitsplatzevaluierung<\/a>. Alle Arbeitgeber sind verpflichtet eine angemessene Evaluierung f\u00fcr alle Arbeitspl\u00e4tze durchzuf\u00fchren und zwar unabh\u00e4ngig von der Anzahl der Besch\u00e4ftigten. Entsprechend dieser Beurteilung m\u00fcssen Schutzma\u00dfnahmen f\u00fcr die Arbeitnehmer ergriffen werden. Ein Bestandteil ist die Pers\u00f6nliche Schutzausr\u00fcstung (PSA). Darunter f\u00e4llt jede Ausr\u00fcstung, die vor einer Gef\u00e4hrdung f\u00fcr Sicherheit und Gesundheit sch\u00fctzen, sowie die damit verbundene Zusatzausr\u00fcstung.<\/p>\n<p>Arbeiten auf Baustellen sind im Vergleich zu anderen Wirtschaftszweigen mit sehr hohen Verletzungsrisiken verbunden. Daher gibt es f\u00fcr Baustellen ein spezielle\u00a0<a href=\"http:\/\/www.bausicherheit.at\/faq\/bauarbeiterschutzverordnung-bauv\/\" target=\"_blank\" rel=\"noopener noreferrer\">Bauarbeiterschutzverordnung\u00a0<\/a>\u00a0zur Planung und Umsetzung des Arbeitsschutzes.<\/p>\n<p>Im Baugewerbe bestehen zahlreiche Gefahren die eine angemessene Arbeitskleidung unerl\u00e4sslich machen. Neben Fu\u00dfschutz, Absturzsicherung sind Atemschutzmasken, Schutzhandschuhe, Hautschutz, Schutzkleidung, Augen- und Gesichtsschutz, Knieschutz, Geh\u00f6rschutz und nat\u00fcrlich der Kopfschutz ganz entscheidend. Der Kopf muss also gewisserma\u00dfen gut \u201everpackt\u201c werden. Und beim Verpacken wissen wir Bescheid.<\/p>\n<h2><span class=\"ez-toc-section\" id=\"Warum_sind_Schutzhelme_fuer_den_Bau_essentiell\"><\/span>Warum sind Schutzhelme f\u00fcr den Bau essentiell?<span class=\"ez-toc-section-end\"><\/span><\/h2>\n<div class=\"su-spacer\" style=\"height:20px\"><\/div>\n<p>Rund 170.000 Arbeitsunf\u00e4lle (2021) verzeichnet das Bauwesen in \u00d6sterreich und bildet damit den traurigen Spitzenreiter vor dem produzierenden Gewerbe. Im benachbarten Deutschland hat die <a href=\"https:\/\/publikationen.dguv.de\/widgets\/pdf\/download\/article\/3680\" target=\"_blank\" rel=\"noopener\">BG Bau 2018<\/a> 58.872 Arbeitsunf\u00e4lle mit Kopfverletzungen registriert. Von allen Todesf\u00e4llen wird der Kopf mit 86 F\u00e4llen am H\u00e4ufigsten als verletzte K\u00f6rperregion genannt. Bezogen auf die Anzahl der meldepflichtigen Unf\u00e4lle ergeben sich hier 1,4 Todesf\u00e4lle je tausend meldepflichtiger Unf\u00e4lle.<\/p>\n<p>Die Gefahren die einen Kopfschutz auf Baustellen notwendig machen sind besonders zahlreich: Gegenst\u00e4nde k\u00f6nnen herunterfallen, pendeln oder wegfliegen und die Gefahr sich den Kopf zu sto\u00dfen ist sehr hoch. Industrieschutzhelme sind daher absolut notwendig und m\u00fcssen somit vom Arbeitgeber bereitgestellt werden.<div class=\"su-spacer\" style=\"height:20px\"><\/div>\n<h2><span class=\"ez-toc-section\" id=\"Was_ist_die_DIN_EN_397\"><\/span>Was ist die DIN EN 397?<span class=\"ez-toc-section-end\"><\/span><\/h2>\n<div class=\"su-spacer\" style=\"height:20px\"><\/div>\n<p>Die\u00a0<a href=\"https:\/\/www.rajapack.at\/arbeitsschutz-hygiene\/augen-kopf-gehoerschutz\/schutzhelme\/uvex-airwing-schutzhelme_OFF_DE_1083.html\" target=\"_blank\" rel=\"noopener\">Schutzhelme<\/a>\u00a0bestehen aus einer \u00e4u\u00dferen Helmschale und einer Innenausstattung. Die Helmschale nimmt die von au\u00dfen wirkenden Kr\u00e4fte auf und leitet sie auf die Innenausstattung weiter. Bauhelme m\u00fcssen der DIN Norm EN 397 (Industrieschutzhelme) entsprechen und damit die folgenden Grundanforderungen erf\u00fcllen:<\/p>\n<ul>\n<li>Sto\u00dfd\u00e4mpfung um vor herabfallenden Gegenst\u00e4nden oder pendelnden Lasten zu sch\u00fctzen<\/li>\n<li>Durchdringungsfestigkeit zum Schutz vor Spritzern und gegen Schmutz, aber auch vor spitzen und scharfen Gegenst\u00e4nden<\/li>\n<li>Flammbest\u00e4ndigkeit<\/li>\n<li>Gew\u00e4hrleistung des Sitzes am Kopf durch eine verstellbare Innenausstattung<\/li>\n<\/ul>\n<p>Die Innenausstattung besteht meist aus einer Sechs-Punkt-Textilbandaufh\u00e4ngung sowie einem Drehradsystem f\u00fcr die Weitenregulierung. Variable Ventilations\u00f6ffnungen sorgen f\u00fcr eine gute Bel\u00fcftung auch bei w\u00e4rmeren Temperaturen.<\/p>\n<p>Viele Helme erf\u00fcllen zus\u00e4tzliche Schutzfunktionen wie \u00a0zum Beispiel:<\/p>\n<ul>\n<li>Schutz bei sehr niedrigen Temperaturen (bis -30\u00b0C) oder sehr hohen Temperaturen (+150\u00b0C)<\/li>\n<li>bestimmte elektrisch isolierende Eigenschaften z.B. bis 440 V.<\/li>\n<\/ul>\n<figure id=\"attachment_25558\" aria-describedby=\"caption-attachment-25558\" style=\"width: 699px\" class=\"wp-caption aligncenter\"><img loading=\"lazy\" decoding=\"async\" class=\"wp-image-25558 size-full\" src=\"https:\/\/www.rajapack.at\/verpackungsnews\/wp-content\/uploads\/2017\/06\/quelle-bgbau-medien.jpg\" alt=\"Schutzhelm Aufbau BGBAU\" width=\"699\" height=\"513\" srcset=\"https:\/\/www.rajapack.at\/verpackungsnews\/wp-content\/uploads\/2017\/06\/quelle-bgbau-medien.jpg 699w, https:\/\/www.rajapack.at\/verpackungsnews\/wp-content\/uploads\/2017\/06\/quelle-bgbau-medien-430x316.jpg 430w\" sizes=\"auto, (max-width: 699px) 100vw, 699px\" \/><figcaption id=\"caption-attachment-25558\" class=\"wp-caption-text\">Quelle: BGBau<\/figcaption><\/figure>\n<p>Zus\u00e4tzlich m\u00fcssen Industrieschutzhelme mit einer Kennzeichnung versehen sein, die folgende Informationen enthalten:<\/p>\n<ul>\n<li>Das CE Kennzeichen sowie die Kennnummer der gemeldeten Stelle die die Produktions\u00fcberwachung durchf\u00fchrt (durch die Anbringung der CE-Kennzeichnung best\u00e4tigt der Hersteller, dass das Produkt den geltenden europ\u00e4ischen Richtlinien entspricht)<\/li>\n<li>Die angewendete Norm (EN 397 f\u00fcr Industrieschutzhelme)<\/li>\n<li>Name und Zeichen des Herstellers<\/li>\n<li>Jahr und Quartal der Herstellung<\/li>\n<li>Typbezeichnung des Herstellers<\/li>\n<li>Gr\u00f6\u00dfe oder Gr\u00f6\u00dfenbereich (Kopfumfang in cm)<\/li>\n<li>Bei Industrieschutzhelmen Kurzzeichen des verwendeten Helmmaterials (z. B. PE f\u00fcr Polyethylen)<\/li>\n<\/ul>\n<figure id=\"attachment_25557\" aria-describedby=\"caption-attachment-25557\" style=\"width: 690px\" class=\"wp-caption aligncenter\"><img loading=\"lazy\" decoding=\"async\" class=\"wp-image-25557 size-full\" src=\"https:\/\/www.rajapack.at\/verpackungsnews\/wp-content\/uploads\/2017\/06\/helm-kennzeichnung.jpg\" alt=\"Kennzeichnung Schutzhelm\" width=\"690\" height=\"380\" srcset=\"https:\/\/www.rajapack.at\/verpackungsnews\/wp-content\/uploads\/2017\/06\/helm-kennzeichnung.jpg 690w, https:\/\/www.rajapack.at\/verpackungsnews\/wp-content\/uploads\/2017\/06\/helm-kennzeichnung-430x237.jpg 430w\" sizes=\"auto, (max-width: 690px) 100vw, 690px\" \/><figcaption id=\"caption-attachment-25557\" class=\"wp-caption-text\">Beispiel der Helmkennzeichnung<\/figcaption><\/figure>\n<h2><span class=\"ez-toc-section\" id=\"Wie_lange_darf_man_Schutzhelme_benutzen\"><\/span>Wie lange darf man Schutzhelme benutzen?<span class=\"ez-toc-section-end\"><\/span><\/h2>\n<div class=\"su-spacer\" style=\"height:20px\"><\/div>\n<p>Industriehelme aus thermoplastischen Kunststoffen (PE, PP, PC und ABS) sollten laut DGUV maximal 4 Jahre ab Herstellungsdatum verwendet werden, da ihre Schutzwirkung aufgrund von Faktoren wir Witterungseinfl\u00fcssen, UV-Bestrahlung und Luftverunreinigung nachl\u00e4sst. Nach einem harten Schlag oder wenn der Helm zu Boden gefallen ist sollte er ebenfalls sofort ausgewechselt werden, denn die Stabilit\u00e4t kann auch durch nicht sichtbare Ver\u00e4nderungen eingeschr\u00e4nkt sein.<\/p>\n<div class=\"su-spacer\" style=\"height:20px\"><\/div>\n<h2><span class=\"ez-toc-section\" id=\"Was_hat_es_mit_den_Farben_der_Schutzhelme_auf_sich\"><\/span>Was hat es mit den Farben der Schutzhelme auf sich?<span class=\"ez-toc-section-end\"><\/span><\/h2>\n<div class=\"su-spacer\" style=\"height:20px\"><\/div>\n<p>Auf Baustellen sind meist sehr viele verschiedene Arbeiter Helmen in unterschiedlichen Farben unterwegs. Und das hat einen Grund, jede Farbe steht f\u00fcr eine Funktion bzw. Aufgabe der jeweiligen Person auf der Baustelle. Zwar handelt es sich hier nicht um eine offizielle Vorgabe und die Helmfarbe unterscheidet sich h\u00e4ufig je nach Bauunternehmen und Gr\u00f6\u00dfe der Baustelle. Bei Gro\u00dfbaustellen ist jedoch h\u00e4ufig die folgende Farbeinteilung vorzufinden:<\/p>\n<ul>\n<li>Wei\u00dfe Helme werden auf Baustellen h\u00e4ufig von Personen getragen, die keinen permanenten Zugang zur Baustelle haben oder sich nicht permanent dort aufhalten. So werden wei\u00dfe Helme meist von Besuchern getragen aber auch von Angeh\u00f6rigen der Bauleitung oder Polieren.<\/li>\n<li>Gelbe Helme werden meist von Maurern oder Lagerverwaltern getragen.<\/li>\n<li>Orangefarbene von Eisenflechtern und Stahlbetonbauern, gr\u00fcne Helme f\u00fcr Zimmerer und blaue Helme f\u00fcr Schlosser oder die Sanit\u00e4rbranche.<\/li>\n<\/ul>\n<p>Beim n\u00e4chsten Stau vor der Baustelle wissen wir also ganz genau Bescheid wer da gerade arbeitet. \ud83d\ude42<\/p>\n","protected":false},"excerpt":{"rendered":"<p>Der Sommer ist nicht nur Ferienhochzeit sondern auch f\u00fcr den Baubetrieb Hauptsaison. Meist merkt man das auch wenn man auf dem Weg in den Urlaub im Baustellenstau steht. Grund genug [&#8230;]<\/p>\n","protected":false},"author":22,"featured_media":25556,"comment_status":"open","ping_status":"closed","sticky":false,"template":"","format":"standard","meta":{"_acf_changed":false,"footnotes":""},"categories":[10],"tags":[49,756],"class_list":["post-11861","post","type-post","status-publish","format-standard","has-post-thumbnail","hentry","category-branchenloesungen","tag-arbeitsschutz","tag-gesundheit"],"acf":[],"yoast_head":"\n<title>Arbeitsschutz auf Baustellen \u2013 Schutzhelme - RAJAPACK Blog AT<\/title>\n<meta name=\"description\" content=\"Auf Baustellen bestehen besondere Anforderungen an den Arbeitsschutz: Schutzhelme f\u00fcr den Kopfschutz sind besonders wichtig!\" \/>\n<meta name=\"robots\" content=\"index, follow, max-snippet:-1, max-image-preview:large, max-video-preview:-1\" \/>\n<link rel=\"canonical\" href=\"https:\/\/www.rajapack.at\/verpackungsnews\/baustellen-schutzhelme\" \/>\n<meta property=\"og:locale\" content=\"de_AT\" \/>\n<meta property=\"og:type\" content=\"article\" \/>\n<meta property=\"og:title\" content=\"Arbeitsschutz auf Baustellen \u2013 Schutzhelme - RAJAPACK Blog AT\" \/>\n<meta property=\"og:description\" content=\"Auf Baustellen bestehen besondere Anforderungen an den Arbeitsschutz: Schutzhelme f\u00fcr den Kopfschutz sind besonders wichtig!\" \/>\n<meta property=\"og:url\" content=\"https:\/\/www.rajapack.at\/verpackungsnews\/baustellen-schutzhelme\" \/>\n<meta property=\"og:site_name\" content=\"RAJAPACK Blog AT\" \/>\n<meta property=\"article:published_time\" content=\"2017-06-02T10:55:13+00:00\" \/>\n<meta property=\"article:modified_time\" content=\"2025-11-11T12:12:26+00:00\" \/>\n<meta property=\"og:image\" content=\"https:\/\/www.rajapack.at\/verpackungsnews\/wp-content\/uploads\/2017\/06\/Blogtitel-Schutzhelme.png\" \/>\n\t<meta property=\"og:image:width\" content=\"1545\" \/>\n\t<meta property=\"og:image:height\" content=\"588\" \/>\n\t<meta property=\"og:image:type\" content=\"image\/png\" \/>\n<meta name=\"author\" content=\"RAJAPACK AT\" \/>\n<meta name=\"twitter:card\" content=\"summary_large_image\" \/>\n<meta name=\"twitter:label1\" content=\"Verfasst von\" \/>\n\t<meta name=\"twitter:data1\" content=\"RAJAPACK AT\" \/>\n\t<meta name=\"twitter:label2\" content=\"Gesch\u00e4tzte Lesezeit\" \/>\n\t<meta name=\"twitter:data2\" content=\"5 Minuten\" \/>\n<script type=\"application\/ld+json\" class=\"yoast-schema-graph\">{\n\t    \"@context\": \"https:\/\/schema.org\",\n\t    \"@graph\": [\n\t        {\n\t            \"@type\": \"Article\",\n\t            \"@id\": \"https:\/\/www.rajapack.at\/verpackungsnews\/baustellen-schutzhelme#article\",\n\t            \"isPartOf\": {\n\t                \"@id\": \"https:\/\/www.rajapack.at\/verpackungsnews\/baustellen-schutzhelme\"\n\t            },\n\t            \"author\": {\n\t                \"name\": \"RAJAPACK AT\",\n\t                \"@id\": \"https:\/\/www.rajapack.at\/verpackungsnews\/#\/schema\/person\/df6dc3629cb737ad2c3253a2901a8034\"\n\t            },\n\t            \"headline\": \"Arbeitsschutz auf Baustellen \u2013 Schutzhelme\",\n\t            \"datePublished\": \"2017-06-02T10:55:13+00:00\",\n\t            \"dateModified\": \"2025-11-11T12:12:26+00:00\",\n\t            \"mainEntityOfPage\": {\n\t                \"@id\": \"https:\/\/www.rajapack.at\/verpackungsnews\/baustellen-schutzhelme\"\n\t            },\n\t            \"wordCount\": 892,\n\t            \"commentCount\": 2,\n\t            \"publisher\": {\n\t                \"@id\": \"https:\/\/www.rajapack.at\/verpackungsnews\/#organization\"\n\t            },\n\t            \"image\": {\n\t                \"@id\": \"https:\/\/www.rajapack.at\/verpackungsnews\/baustellen-schutzhelme#primaryimage\"\n\t            },\n\t            \"thumbnailUrl\": \"https:\/\/www.rajapack.at\/verpackungsnews\/wp-content\/uploads\/2017\/06\/Blogtitel-Schutzhelme.png\",\n\t            \"keywords\": [\n\t                \"Arbeitsschutz\",\n\t                \"Gesundheit\"\n\t            ],\n\t            \"articleSection\": [\n\t                \"Branchenl\u00f6sungen\"\n\t            ],\n\t            \"inLanguage\": \"de-AT\",\n\t            \"potentialAction\": [\n\t                {\n\t                    \"@type\": \"CommentAction\",\n\t                    \"name\": \"Comment\",\n\t                    \"target\": [\n\t                        \"https:\/\/www.rajapack.at\/verpackungsnews\/baustellen-schutzhelme#respond\"\n\t                    ]\n\t                }\n\t            ]\n\t        },\n\t        {\n\t            \"@type\": \"WebPage\",\n\t            \"@id\": \"https:\/\/www.rajapack.at\/verpackungsnews\/baustellen-schutzhelme\",\n\t            \"url\": \"https:\/\/www.rajapack.at\/verpackungsnews\/baustellen-schutzhelme\",\n\t            \"name\": \"Arbeitsschutz auf Baustellen \u2013 Schutzhelme - RAJAPACK Blog AT\",\n\t            \"isPartOf\": {\n\t                \"@id\": \"https:\/\/www.rajapack.at\/verpackungsnews\/#website\"\n\t            },\n\t            \"primaryImageOfPage\": {\n\t                \"@id\": \"https:\/\/www.rajapack.at\/verpackungsnews\/baustellen-schutzhelme#primaryimage\"\n\t            },\n\t            \"image\": {\n\t                \"@id\": \"https:\/\/www.rajapack.at\/verpackungsnews\/baustellen-schutzhelme#primaryimage\"\n\t            },\n\t            \"thumbnailUrl\": \"https:\/\/www.rajapack.at\/verpackungsnews\/wp-content\/uploads\/2017\/06\/Blogtitel-Schutzhelme.png\",\n\t            \"datePublished\": \"2017-06-02T10:55:13+00:00\",\n\t            \"dateModified\": \"2025-11-11T12:12:26+00:00\",\n\t            \"description\": \"Auf Baustellen bestehen besondere Anforderungen an den Arbeitsschutz: Schutzhelme f\u00fcr den Kopfschutz sind besonders wichtig!\",\n\t            \"inLanguage\": \"de-AT\",\n\t            \"potentialAction\": [\n\t                {\n\t                    \"@type\": \"ReadAction\",\n\t                    \"target\": [\n\t                        \"https:\/\/www.rajapack.at\/verpackungsnews\/baustellen-schutzhelme\"\n\t                    ]\n\t                }\n\t            ]\n\t        },\n\t        {\n\t            \"@type\": \"ImageObject\",\n\t            \"inLanguage\": \"de-AT\",\n\t            \"@id\": \"https:\/\/www.rajapack.at\/verpackungsnews\/baustellen-schutzhelme#primaryimage\",\n\t            \"url\": \"https:\/\/www.rajapack.at\/verpackungsnews\/wp-content\/uploads\/2017\/06\/Blogtitel-Schutzhelme.png\",\n\t            \"contentUrl\": \"https:\/\/www.rajapack.at\/verpackungsnews\/wp-content\/uploads\/2017\/06\/Blogtitel-Schutzhelme.png\",\n\t            \"width\": 1545,\n\t            \"height\": 588,\n\t            \"caption\": \"Schutzhelme Arbeitsschutz Baustelle\"\n\t        },\n\t        {\n\t            \"@type\": \"WebSite\",\n\t            \"@id\": \"https:\/\/www.rajapack.at\/verpackungsnews\/#website\",\n\t            \"url\": \"https:\/\/www.rajapack.at\/verpackungsnews\/\",\n\t            \"name\": \"RAJAPACK Blog AT\",\n\t            \"description\": \"Verpackungsnews vom Experten\",\n\t            \"publisher\": {\n\t                \"@id\": \"https:\/\/www.rajapack.at\/verpackungsnews\/#organization\"\n\t            },\n\t            \"potentialAction\": [\n\t                {\n\t                    \"@type\": \"SearchAction\",\n\t                    \"target\": {\n\t                        \"@type\": \"EntryPoint\",\n\t                        \"urlTemplate\": \"https:\/\/www.rajapack.at\/verpackungsnews\/?s={search_term_string}\"\n\t                    },\n\t                    \"query-input\": {\n\t                        \"@type\": \"PropertyValueSpecification\",\n\t                        \"valueRequired\": true,\n\t                        \"valueName\": \"search_term_string\"\n\t                    }\n\t                }\n\t            ],\n\t            \"inLanguage\": \"de-AT\"\n\t        },\n\t        {\n\t            \"@type\": \"Organization\",\n\t            \"@id\": \"https:\/\/www.rajapack.at\/verpackungsnews\/#organization\",\n\t            \"name\": \"RAJAPACK Blog AT\",\n\t            \"url\": \"https:\/\/www.rajapack.at\/verpackungsnews\/\",\n\t            \"logo\": {\n\t                \"@type\": \"ImageObject\",\n\t                \"inLanguage\": \"de-AT\",\n\t                \"@id\": \"https:\/\/www.rajapack.at\/verpackungsnews\/#\/schema\/logo\/image\/\",\n\t                \"url\": \"https:\/\/www.rajapack.at\/verpackungsnews\/wp-content\/uploads\/2021\/11\/LOGO-RAJA-800x243-1.jpg\",\n\t                \"contentUrl\": \"https:\/\/www.rajapack.at\/verpackungsnews\/wp-content\/uploads\/2021\/11\/LOGO-RAJA-800x243-1.jpg\",\n\t                \"width\": 800,\n\t                \"height\": 243,\n\t                \"caption\": \"RAJAPACK Blog AT\"\n\t            },\n\t            \"image\": {\n\t                \"@id\": \"https:\/\/www.rajapack.at\/verpackungsnews\/#\/schema\/logo\/image\/\"\n\t            },\n\t            \"sameAs\": [\n\t                \"https:\/\/de.linkedin.com\/company\/rajapack-gmbh\"\n\t            ]\n\t        },\n\t        {\n\t            \"@type\": \"Person\",\n\t            \"@id\": \"https:\/\/www.rajapack.at\/verpackungsnews\/#\/schema\/person\/df6dc3629cb737ad2c3253a2901a8034\",\n\t            \"name\": \"RAJAPACK AT\",\n\t            \"image\": {\n\t                \"@type\": \"ImageObject\",\n\t                \"inLanguage\": \"de-AT\",\n\t                \"@id\": \"https:\/\/www.rajapack.at\/verpackungsnews\/#\/schema\/person\/image\/\",\n\t                \"url\": \"https:\/\/secure.gravatar.com\/avatar\/4c95834f3b6420b1fbe980903e066e22?s=96&d=mm&r=g\",\n\t                \"contentUrl\": \"https:\/\/secure.gravatar.com\/avatar\/4c95834f3b6420b1fbe980903e066e22?s=96&d=mm&r=g\",\n\t                \"caption\": \"RAJAPACK AT\"\n\t            }\n\t        }\n\t    ]\n\t}<\/script>\n","yoast_head_json":{"title":"Arbeitsschutz auf Baustellen \u2013 Schutzhelme - RAJAPACK Blog AT","description":"Auf Baustellen bestehen besondere Anforderungen an den Arbeitsschutz: Schutzhelme f\u00fcr den Kopfschutz sind besonders wichtig!","robots":{"index":"index","follow":"follow","max-snippet":"max-snippet:-1","max-image-preview":"max-image-preview:large","max-video-preview":"max-video-preview:-1"},"canonical":"https:\/\/www.rajapack.at\/verpackungsnews\/baustellen-schutzhelme","og_locale":"de_AT","og_type":"article","og_title":"Arbeitsschutz auf Baustellen \u2013 Schutzhelme - RAJAPACK Blog AT","og_description":"Auf Baustellen bestehen besondere Anforderungen an den Arbeitsschutz: Schutzhelme f\u00fcr den Kopfschutz sind besonders wichtig!","og_url":"https:\/\/www.rajapack.at\/verpackungsnews\/baustellen-schutzhelme","og_site_name":"RAJAPACK Blog AT","article_published_time":"2017-06-02T10:55:13+00:00","article_modified_time":"2025-11-11T12:12:26+00:00","og_image":[{"width":1545,"height":588,"url":"https:\/\/www.rajapack.at\/verpackungsnews\/wp-content\/uploads\/2017\/06\/Blogtitel-Schutzhelme.png","type":"image\/png"}],"author":"RAJAPACK AT","twitter_card":"summary_large_image","twitter_misc":{"Verfasst von":"RAJAPACK AT","Gesch\u00e4tzte Lesezeit":"5 Minuten"},"schema":{"@context":"https:\/\/schema.org","@graph":[{"@type":"Article","@id":"https:\/\/www.rajapack.at\/verpackungsnews\/baustellen-schutzhelme#article","isPartOf":{"@id":"https:\/\/www.rajapack.at\/verpackungsnews\/baustellen-schutzhelme"},"author":{"name":"RAJAPACK AT","@id":"https:\/\/www.rajapack.at\/verpackungsnews\/#\/schema\/person\/df6dc3629cb737ad2c3253a2901a8034"},"headline":"Arbeitsschutz auf Baustellen \u2013 Schutzhelme","datePublished":"2017-06-02T10:55:13+00:00","dateModified":"2025-11-11T12:12:26+00:00","mainEntityOfPage":{"@id":"https:\/\/www.rajapack.at\/verpackungsnews\/baustellen-schutzhelme"},"wordCount":892,"commentCount":2,"publisher":{"@id":"https:\/\/www.rajapack.at\/verpackungsnews\/#organization"},"image":{"@id":"https:\/\/www.rajapack.at\/verpackungsnews\/baustellen-schutzhelme#primaryimage"},"thumbnailUrl":"https:\/\/www.rajapack.at\/verpackungsnews\/wp-content\/uploads\/2017\/06\/Blogtitel-Schutzhelme.png","keywords":["Arbeitsschutz","Gesundheit"],"articleSection":["Branchenl\u00f6sungen"],"inLanguage":"de-AT","potentialAction":[{"@type":"CommentAction","name":"Comment","target":["https:\/\/www.rajapack.at\/verpackungsnews\/baustellen-schutzhelme#respond"]}]},{"@type":"WebPage","@id":"https:\/\/www.rajapack.at\/verpackungsnews\/baustellen-schutzhelme","url":"https:\/\/www.rajapack.at\/verpackungsnews\/baustellen-schutzhelme","name":"Arbeitsschutz auf Baustellen \u2013 Schutzhelme - RAJAPACK Blog AT","isPartOf":{"@id":"https:\/\/www.rajapack.at\/verpackungsnews\/#website"},"primaryImageOfPage":{"@id":"https:\/\/www.rajapack.at\/verpackungsnews\/baustellen-schutzhelme#primaryimage"},"image":{"@id":"https:\/\/www.rajapack.at\/verpackungsnews\/baustellen-schutzhelme#primaryimage"},"thumbnailUrl":"https:\/\/www.rajapack.at\/verpackungsnews\/wp-content\/uploads\/2017\/06\/Blogtitel-Schutzhelme.png","datePublished":"2017-06-02T10:55:13+00:00","dateModified":"2025-11-11T12:12:26+00:00","description":"Auf Baustellen bestehen besondere Anforderungen an den Arbeitsschutz: Schutzhelme f\u00fcr den Kopfschutz sind besonders wichtig!","inLanguage":"de-AT","potentialAction":[{"@type":"ReadAction","target":["https:\/\/www.rajapack.at\/verpackungsnews\/baustellen-schutzhelme"]}]},{"@type":"ImageObject","inLanguage":"de-AT","@id":"https:\/\/www.rajapack.at\/verpackungsnews\/baustellen-schutzhelme#primaryimage","url":"https:\/\/www.rajapack.at\/verpackungsnews\/wp-content\/uploads\/2017\/06\/Blogtitel-Schutzhelme.png","contentUrl":"https:\/\/www.rajapack.at\/verpackungsnews\/wp-content\/uploads\/2017\/06\/Blogtitel-Schutzhelme.png","width":1545,"height":588,"caption":"Schutzhelme Arbeitsschutz Baustelle"},{"@type":"WebSite","@id":"https:\/\/www.rajapack.at\/verpackungsnews\/#website","url":"https:\/\/www.rajapack.at\/verpackungsnews\/","name":"RAJAPACK Blog AT","description":"Verpackungsnews vom Experten","publisher":{"@id":"https:\/\/www.rajapack.at\/verpackungsnews\/#organization"},"potentialAction":[{"@type":"SearchAction","target":{"@type":"EntryPoint","urlTemplate":"https:\/\/www.rajapack.at\/verpackungsnews\/?s={search_term_string}"},"query-input":{"@type":"PropertyValueSpecification","valueRequired":true,"valueName":"search_term_string"}}],"inLanguage":"de-AT"},{"@type":"Organization","@id":"https:\/\/www.rajapack.at\/verpackungsnews\/#organization","name":"RAJAPACK Blog AT","url":"https:\/\/www.rajapack.at\/verpackungsnews\/","logo":{"@type":"ImageObject","inLanguage":"de-AT","@id":"https:\/\/www.rajapack.at\/verpackungsnews\/#\/schema\/logo\/image\/","url":"https:\/\/www.rajapack.at\/verpackungsnews\/wp-content\/uploads\/2021\/11\/LOGO-RAJA-800x243-1.jpg","contentUrl":"https:\/\/www.rajapack.at\/verpackungsnews\/wp-content\/uploads\/2021\/11\/LOGO-RAJA-800x243-1.jpg","width":800,"height":243,"caption":"RAJAPACK Blog AT"},"image":{"@id":"https:\/\/www.rajapack.at\/verpackungsnews\/#\/schema\/logo\/image\/"},"sameAs":["https:\/\/de.linkedin.com\/company\/rajapack-gmbh"]},{"@type":"Person","@id":"https:\/\/www.rajapack.at\/verpackungsnews\/#\/schema\/person\/df6dc3629cb737ad2c3253a2901a8034","name":"RAJAPACK AT","image":{"@type":"ImageObject","inLanguage":"de-AT","@id":"https:\/\/www.rajapack.at\/verpackungsnews\/#\/schema\/person\/image\/","url":"https:\/\/secure.gravatar.com\/avatar\/4c95834f3b6420b1fbe980903e066e22?s=96&d=mm&r=g","contentUrl":"https:\/\/secure.gravatar.com\/avatar\/4c95834f3b6420b1fbe980903e066e22?s=96&d=mm&r=g","caption":"RAJAPACK AT"}}]}},"_links":{"self":[{"href":"https:\/\/www.rajapack.at\/verpackungsnews\/wp-json\/wp\/v2\/posts\/11861","targetHints":{"allow":["GET"]}}],"collection":[{"href":"https:\/\/www.rajapack.at\/verpackungsnews\/wp-json\/wp\/v2\/posts"}],"about":[{"href":"https:\/\/www.rajapack.at\/verpackungsnews\/wp-json\/wp\/v2\/types\/post"}],"author":[{"embeddable":true,"href":"https:\/\/www.rajapack.at\/verpackungsnews\/wp-json\/wp\/v2\/users\/22"}],"replies":[{"embeddable":true,"href":"https:\/\/www.rajapack.at\/verpackungsnews\/wp-json\/wp\/v2\/comments?post=11861"}],"version-history":[{"count":7,"href":"https:\/\/www.rajapack.at\/verpackungsnews\/wp-json\/wp\/v2\/posts\/11861\/revisions"}],"predecessor-version":[{"id":29993,"href":"https:\/\/www.rajapack.at\/verpackungsnews\/wp-json\/wp\/v2\/posts\/11861\/revisions\/29993"}],"wp:featuredmedia":[{"embeddable":true,"href":"https:\/\/www.rajapack.at\/verpackungsnews\/wp-json\/wp\/v2\/media\/25556"}],"wp:attachment":[{"href":"https:\/\/www.rajapack.at\/verpackungsnews\/wp-json\/wp\/v2\/media?parent=11861"}],"wp:term":[{"taxonomy":"category","embeddable":true,"href":"https:\/\/www.rajapack.at\/verpackungsnews\/wp-json\/wp\/v2\/categories?post=11861"},{"taxonomy":"post_tag","embeddable":true,"href":"https:\/\/www.rajapack.at\/verpackungsnews\/wp-json\/wp\/v2\/tags?post=11861"}],"curies":[{"name":"wp","href":"https:\/\/api.w.org\/{rel}","templated":true}]}}