{"id":16763,"date":"2022-03-27T09:57:11","date_gmt":"2022-03-27T07:57:11","guid":{"rendered":"https:\/\/www.rajapack.at\/verpackungsnews\/?p=16763"},"modified":"2025-11-12T11:54:59","modified_gmt":"2025-11-12T10:54:59","slug":"sicherheitszubehoer","status":"publish","type":"post","link":"https:\/\/www.rajapack.at\/verpackungsnews\/sicherheitszubehoer","title":{"rendered":"Lagersicherheit und Sicherheitszubeh\u00f6r"},"content":{"rendered":"<h5 class=\"wp-block-heading\">In fast jedem Betrieb ist ein Lager erforderlich: Im B\u00fcro werden eher kleine Mengen an Druckerpapier und B\u00fcromaterialien aufbewahrt, w\u00e4hrend in der Produktion oder im Handel das Lager weitaus gr\u00f6\u00dfere Dimensionen annimmt. Der Einsatz von Flurf\u00f6rderger\u00e4ten und anderen Maschinen in Kombination mit Lagerangestellten, die zu Fu\u00df gehen, f\u00fchrt hier zu einem erh\u00f6hten Gef\u00e4hrdungspotential. Jeder Arbeitgeber hat die Pflicht daf\u00fcr zu sorgen, dass von Arbeitsst\u00e4tten keine Gef\u00e4hrdungen f\u00fcr die Besch\u00e4ftigten ausgehen, dazu geh\u00f6rt auch die Lagersicherheit und die Sicherheit s\u00e4mtlicher Verkehrswege im Betrieb. Eine gute Lagerplanung inklusive der innerbetrieblichen Verkehrswege hilft dabei Unf\u00e4lle zu vermeiden, aber auch die Effektivit\u00e4t steigern. Denn kein Unternehmen kann sich Ausfallzeiten leisten, daher ist es wichtig durch Sicherheitskennzeichnung am Arbeitsplatz Gefahrenquellen f\u00fcr Unf\u00e4lle zu vermeiden und vorausschauend zu handeln.<\/h5>\r\n<div class=\"su-spacer\" style=\"height:20px\"><\/div><div class=\"su-divider su-divider-style-default\" style=\"margin:15px 0;border-width:3px;border-color:#999999\"><\/div><div class=\"su-spacer\" style=\"height:20px\"><\/div> <div class=\"su-button-center\"><a href=\"\/lagerung-handling\/betriebsausstattung\/sicherheitskennzeichnung-ausstattung_C504060.html\" class=\"su-button su-button-style-default\" style=\"color:#FFFFFF;background-color:#276EF1;border-color:#2058c1;border-radius:34px\" target=\"_blank\" rel=\"noopener noreferrer\"><span style=\"color:#FFFFFF;padding:6px 18px;font-size:14px;line-height:21px;border-color:#689af6;border-radius:34px;text-shadow:0px 0px 0px #000000\"><i class=\"sui sui-shopping-cart\" style=\"font-size:14px;color:#ffffff\"><\/i> Sie ben\u00f6tigen Sicherheitskennzeichnung und -ausstattung f\u00fcr Ihr Lager \u2013 im RAJA-Shop werden Sie f\u00fcndig!<\/span><\/a><\/div><div class=\"su-spacer\" style=\"height:20px\"><\/div><div class=\"su-divider su-divider-style-default\" style=\"margin:15px 0;border-width:3px;border-color:#999999\"><\/div><div class=\"su-spacer\" style=\"height:20px\"><\/div>\r\n<div id=\"ez-toc-container\" class=\"ez-toc-v2_0_73 counter-hierarchy ez-toc-counter ez-toc-grey ez-toc-container-direction\">\n<div class=\"ez-toc-title-container\">\n<p class=\"ez-toc-title\" style=\"cursor:inherit\">Direkt zu diesen Themen:<\/p>\n<span class=\"ez-toc-title-toggle\"><a href=\"#\" class=\"ez-toc-pull-right ez-toc-btn ez-toc-btn-xs ez-toc-btn-default ez-toc-toggle\" aria-label=\"Toggle Table of Content\"><span class=\"ez-toc-js-icon-con\"><span class=\"\"><span class=\"eztoc-hide\" style=\"display:none;\">Toggle<\/span><span class=\"ez-toc-icon-toggle-span\"><svg style=\"fill: #999;color:#999\" xmlns=\"http:\/\/www.w3.org\/2000\/svg\" class=\"list-377408\" width=\"20px\" height=\"20px\" viewBox=\"0 0 24 24\" fill=\"none\"><path d=\"M6 6H4v2h2V6zm14 0H8v2h12V6zM4 11h2v2H4v-2zm16 0H8v2h12v-2zM4 16h2v2H4v-2zm16 0H8v2h12v-2z\" fill=\"currentColor\"><\/path><\/svg><svg style=\"fill: #999;color:#999\" class=\"arrow-unsorted-368013\" xmlns=\"http:\/\/www.w3.org\/2000\/svg\" width=\"10px\" height=\"10px\" viewBox=\"0 0 24 24\" version=\"1.2\" baseProfile=\"tiny\"><path d=\"M18.2 9.3l-6.2-6.3-6.2 6.3c-.2.2-.3.4-.3.7s.1.5.3.7c.2.2.4.3.7.3h11c.3 0 .5-.1.7-.3.2-.2.3-.5.3-.7s-.1-.5-.3-.7zM5.8 14.7l6.2 6.3 6.2-6.3c.2-.2.3-.5.3-.7s-.1-.5-.3-.7c-.2-.2-.4-.3-.7-.3h-11c-.3 0-.5.1-.7.3-.2.2-.3.5-.3.7s.1.5.3.7z\"\/><\/svg><\/span><\/span><\/span><\/a><\/span><\/div>\n<nav><ul class='ez-toc-list ez-toc-list-level-1 ' ><li class='ez-toc-page-1 ez-toc-heading-level-2'><a class=\"ez-toc-link ez-toc-heading-1\" href=\"https:\/\/www.rajapack.at\/verpackungsnews\/sicherheitszubehoer\/#Was_ist_Lagersicherheit_Welche_Gefahren_gibt_es\" title=\"Was ist Lagersicherheit: Welche Gefahren gibt es?\">Was ist Lagersicherheit: Welche Gefahren gibt es?<\/a><\/li><li class='ez-toc-page-1 ez-toc-heading-level-2'><a class=\"ez-toc-link ez-toc-heading-2\" href=\"https:\/\/www.rajapack.at\/verpackungsnews\/sicherheitszubehoer\/#Wer_ist_fuer_die_Lagersicherheit_im_Unternehmen_verantwortlich\" title=\"Wer ist f\u00fcr die Lagersicherheit im Unternehmen verantwortlich?\">Wer ist f\u00fcr die Lagersicherheit im Unternehmen verantwortlich?<\/a><\/li><li class='ez-toc-page-1 ez-toc-heading-level-2'><a class=\"ez-toc-link ez-toc-heading-3\" href=\"https:\/\/www.rajapack.at\/verpackungsnews\/sicherheitszubehoer\/#Eine_sichere_Arbeitsumgebung_ist_Pflicht\" title=\"Eine sichere Arbeitsumgebung ist Pflicht\">Eine sichere Arbeitsumgebung ist Pflicht<\/a><\/li><li class='ez-toc-page-1 ez-toc-heading-level-2'><a class=\"ez-toc-link ez-toc-heading-4\" href=\"https:\/\/www.rajapack.at\/verpackungsnews\/sicherheitszubehoer\/#Welche_Vorschriften_fuer_Verkehrswege_und_die_Sicherheitskennzeichnung_am_Arbeitsplatz_gibt_es\" title=\"Welche Vorschriften f\u00fcr Verkehrswege und die Sicherheitskennzeichnung am Arbeitsplatz gibt es?\">Welche Vorschriften f\u00fcr Verkehrswege und die Sicherheitskennzeichnung am Arbeitsplatz gibt es?<\/a><\/li><li class='ez-toc-page-1 ez-toc-heading-level-2'><a class=\"ez-toc-link ez-toc-heading-5\" href=\"https:\/\/www.rajapack.at\/verpackungsnews\/sicherheitszubehoer\/#Was_sind_Innerbetriebliche_Verkehrswege\" title=\"Was sind Innerbetriebliche Verkehrswege?\">Was sind Innerbetriebliche Verkehrswege?<\/a><\/li><li class='ez-toc-page-1 ez-toc-heading-level-2'><a class=\"ez-toc-link ez-toc-heading-6\" href=\"https:\/\/www.rajapack.at\/verpackungsnews\/sicherheitszubehoer\/#Warum_ist_eine_Planung_der_innerbetrieblichen_Verkehrswege_notwendig\" title=\"Warum ist eine Planung der innerbetrieblichen Verkehrswege notwendig?\">Warum ist eine Planung der innerbetrieblichen Verkehrswege notwendig?<\/a><ul class='ez-toc-list-level-3' ><li class='ez-toc-heading-level-3'><a class=\"ez-toc-link ez-toc-heading-7\" href=\"https:\/\/www.rajapack.at\/verpackungsnews\/sicherheitszubehoer\/#Unzureichende_Trennung_von_Fahrbereich_und_Fussgaengerbereich\" title=\"Unzureichende Trennung von Fahrbereich und Fu\u00dfg\u00e4ngerbereich\">Unzureichende Trennung von Fahrbereich und Fu\u00dfg\u00e4ngerbereich<\/a><\/li><li class='ez-toc-page-1 ez-toc-heading-level-3'><a class=\"ez-toc-link ez-toc-heading-8\" href=\"https:\/\/www.rajapack.at\/verpackungsnews\/sicherheitszubehoer\/#Verschmutzung_Unebenheiten\" title=\"Verschmutzung, Unebenheiten\">Verschmutzung, Unebenheiten<\/a><\/li><li class='ez-toc-page-1 ez-toc-heading-level-3'><a class=\"ez-toc-link ez-toc-heading-9\" href=\"https:\/\/www.rajapack.at\/verpackungsnews\/sicherheitszubehoer\/#Unzureichende_Beleuchtung_schlecht_einzusehende_Bereiche\" title=\"Unzureichende Beleuchtung, schlecht einzusehende Bereiche\">Unzureichende Beleuchtung, schlecht einzusehende Bereiche<\/a><\/li><li class='ez-toc-page-1 ez-toc-heading-level-3'><a class=\"ez-toc-link ez-toc-heading-10\" href=\"https:\/\/www.rajapack.at\/verpackungsnews\/sicherheitszubehoer\/#Unzureichende_Unterweisung_der_Mitarbeiter\" title=\"Unzureichende Unterweisung der Mitarbeiter\">Unzureichende Unterweisung der Mitarbeiter<\/a><\/li><\/ul><\/li><li class='ez-toc-page-1 ez-toc-heading-level-2'><a class=\"ez-toc-link ez-toc-heading-11\" href=\"https:\/\/www.rajapack.at\/verpackungsnews\/sicherheitszubehoer\/#Welche_Eigenschaften_muessen_Sicherheitskennzeichnungen_erfuellen\" title=\"Welche Eigenschaften m\u00fcssen Sicherheitskennzeichnungen erf\u00fcllen?\">Welche Eigenschaften m\u00fcssen Sicherheitskennzeichnungen erf\u00fcllen?<\/a><\/li><li class='ez-toc-page-1 ez-toc-heading-level-2'><a class=\"ez-toc-link ez-toc-heading-12\" href=\"https:\/\/www.rajapack.at\/verpackungsnews\/sicherheitszubehoer\/#Zusaetzliches_Zubehoer_fuer_die_Lagersicherheit\" title=\"Zus\u00e4tzliches Zubeh\u00f6r f\u00fcr die Lagersicherheit:\">Zus\u00e4tzliches Zubeh\u00f6r f\u00fcr die Lagersicherheit:<\/a><ul class='ez-toc-list-level-3' ><li class='ez-toc-heading-level-3'><a class=\"ez-toc-link ez-toc-heading-13\" href=\"https:\/\/www.rajapack.at\/verpackungsnews\/sicherheitszubehoer\/#Wann_muss_eine_Absperrung_angebracht_werden\" title=\"Wann muss eine Absperrung angebracht werden?\">Wann muss eine Absperrung angebracht werden?<\/a><\/li><li class='ez-toc-page-1 ez-toc-heading-level-3'><a class=\"ez-toc-link ez-toc-heading-14\" href=\"https:\/\/www.rajapack.at\/verpackungsnews\/sicherheitszubehoer\/#Wie_kann_ich_die_Lagereinrichtungen_und_Maschinen_schuetzen\" title=\"Wie kann ich die Lagereinrichtungen und Maschinen sch\u00fctzen?\">Wie kann ich die Lagereinrichtungen und Maschinen sch\u00fctzen?<\/a><\/li><\/ul><\/li><li class='ez-toc-page-1 ez-toc-heading-level-2'><a class=\"ez-toc-link ez-toc-heading-15\" href=\"https:\/\/www.rajapack.at\/verpackungsnews\/sicherheitszubehoer\/#Wo_finde_ich_Unterstuetzung_zum_Thema_Unfallvermeidung_und_Arbeitssicherheit\" title=\"Wo finde ich Unterst\u00fctzung zum Thema Unfallvermeidung und Arbeitssicherheit?\">Wo finde ich Unterst\u00fctzung zum Thema Unfallvermeidung und Arbeitssicherheit?<\/a><\/li><\/ul><\/nav><\/div>\n<h2><span class=\"ez-toc-section\" id=\"Was_ist_Lagersicherheit_Welche_Gefahren_gibt_es\"><\/span>Was ist Lagersicherheit: Welche Gefahren gibt es?<span class=\"ez-toc-section-end\"><\/span><\/h2>\r\n<p>Um ein Lager effizient einzurichten und zu f\u00fchren, m\u00fcssen bestimmte Anforderungen in Bezug auf die Lagersicherheit erf\u00fcllt werden. Es gilt die typischen Risiken zu vermeiden:<\/p>\r\n<ul>\r\n<li style=\"list-style-type: none;\">\r\n<ul>\r\n<li>Brandgefahr<\/li>\r\n<li>Nicht markierte Verkehrswege oder fehlende\u00a0<a href=\"\/lagerung-handling\/betriebsausstattung\/sicherheitskennzeichnung-ausstattung\/bodenmarkierungen_OFF_DE_01473.html\" target=\"_blank\" rel=\"noopener\">Bodenmarkierungen<\/a><\/li>\r\n<li>unzureichende Beleuchtung<\/li>\r\n<li>Rutschgefahr<\/li>\r\n<li>mangelhafte Lagerausstattung<\/li>\r\n<li>falsche\u00a0<a href=\"\/verpackungsnews\/arbeitskleidung-und-schutzkleidung\" target=\"_blank\" rel=\"noopener\">Arbeits- und Schutzkleidung<\/a><\/li>\r\n<li>Fehlende<strong>\u00a0<\/strong><a href=\"\/lagerung-handling\/betriebsausstattung\/sicherheitskennzeichnung-ausstattung\/absperrpfosten-pvc-mit-kette_OFF_DE_01525.html\" target=\"_blank\" rel=\"noopener\">Absperrungen<\/a><\/li>\r\n<\/ul>\r\n<\/li>\r\n<\/ul>\r\n<p>Vorbeugen statt Nachsorge lautet die Devise: Wer Lager- und Produktionsst\u00e4tten durchdacht einrichtet, verringert die Unfallgefahr und vermeidet teure Reparaturkosten bei entstandenen Sch\u00e4den. Voraussetzung f\u00fcr eine optimale Produktions- bzw. Lagerplanung ist also das Vermeiden von Ausfallzeiten durch Arbeitsunf\u00e4lle oder Besch\u00e4digungen an Maschinen. Mit dem richtigen Zubeh\u00f6r f\u00fcr die Lagersicherheit und der richtigen Sicherheitskennzeichnung k\u00f6nnen diese Risiken minimiert werden. <div class=\"su-service\"><div class=\"su-service-title\" style=\"padding-left:54px;min-height:40px;line-height:40px\"><i class=\"sui sui-lightbulb-o\" style=\"font-size:40px;color:#4169ed\"><\/i> Ursache der betrieblichen Unf\u00e4lle ist zu 30%: Stolpern, rutschen, st\u00fcrzen!<\/div><div class=\"su-service-content su-u-clearfix su-u-trim\" style=\"padding-left:54px\"> Stolpern, Rutschen, St\u00fcrzen oder Zusammenst\u00f6\u00dfe jeglicher Art sind die h\u00e4ufigste Unfallursache laut Arbeitsunfall Statistik der AUVA. Umgerechnet kostet jeder einzelne Arbeitsunfall den Betrieb, in dem er sich ereignet, durchschnittlich 2.300 Euro. Das ergibt hochgerechnet einen Betrag von etwa 255 Millionen Euro, den die \u00f6sterreichischen Betriebe zu tragen haben.<\/div><\/div> <div class=\"su-spacer\" style=\"height:20px\"><\/div>\r\n<h2><span class=\"ez-toc-section\" id=\"Wer_ist_fuer_die_Lagersicherheit_im_Unternehmen_verantwortlich\"><\/span>Wer ist f\u00fcr die Lagersicherheit im Unternehmen verantwortlich?<span class=\"ez-toc-section-end\"><\/span><\/h2>\r\n<div class=\"su-spacer\" style=\"height:20px\"><\/div>\r\n<p>F\u00fcr die Lagersicherheit und die Sicherheitskennzeichnung auf Verkehrswegen ist grunds\u00e4tzlich der Grundst\u00fcckseigner zust\u00e4ndig. Wird das Gel\u00e4nde gewerblich genutzt, ist in den meisten F\u00e4llen der Grundst\u00fcckseigner identisch mit dem Arbeitgeber, der sicherheitsrelevante Pflichten wiederum an seine Fachkraft f\u00fcr Arbeitssicherheit \u00fcbertr\u00e4gt. Das umfasst Pflichten wie wir sie aus dem privaten Bereich kennen: R\u00e4um- und Streudienste im Winter, die Beseitigung von potentiellen Stolperstellen wie z.B. abgesunkenen Gehwegplatten. Aber eben dar\u00fcber hinaus auch die Umsetzung aller Vorgaben aus der Arbeitsst\u00e4ttenverordnung (<a href=\"https:\/\/www.ris.bka.gv.at\/NormDokument.wxe?Abfrage=Bundesnormen&amp;Gesetzesnummer=10009098&amp;Paragraf=2\" target=\"_blank\" rel=\"noopener\">AStV<\/a>).<\/p>\r\n<div class=\"su-service\"><div class=\"su-service-title\" style=\"padding-left:54px;min-height:40px;line-height:40px\"><i class=\"sui sui-lightbulb-o\" style=\"font-size:40px;color:#4169ed\"><\/i> \u00dcbrigens: Auf einem Firmengel\u00e4nde gilt die StVO zun\u00e4chst einmal nicht.<\/div><div class=\"su-service-content su-u-clearfix su-u-trim\" style=\"padding-left:54px\">Fahrzeuge wie Stapler und Radlader haben keine amtliche Zulassung (also kein \u201eNummernschild\u201c). Um aus dem Werksgel\u00e4nde keinen \u201erechtlosen Raum\u201c werden zu lassen, sieht man auf Zufahrten zu Werksgel\u00e4nden oft den Hinweis: \u201ehier gilt die STVO\u201c. Dieser Hinweis allein tut allerdings den gesetzlichen Anspr\u00fcchen in Belangen der Arbeitssicherheit nicht gen\u00fcge! Innerbetriebliche Verkehrswege m\u00fcssen vom Besucherverkehr strikt getrennt werden, sonst gelten auch Betriebsfahrzeuge als Teil des \u00f6ffentlichen Stra\u00dfenverkehrs und unterliegen den <a href=\"https:\/\/www.wko.at\/noe\/verkehr-betriebsstandort\/werksgelaende-strafzettel\" target=\"_blank\" rel=\"noopener\">entsprechenden Regeln<\/a> d.h. sie ben\u00f6tigen eine Betriebserlaubnis im Sinne der <a href=\"https:\/\/www.ris.bka.gv.at\/GeltendeFassung.wxe?Abfrage=Bundesnormen&amp;Gesetzesnummer=10011336\" target=\"_blank\" rel=\"noopener\">StVO<\/a>, ein amtliches Kennzeichen usw.. <\/div><\/div>\r\n<div class=\"su-spacer\" style=\"height:20px\"><\/div>\r\n<h2><span class=\"ez-toc-section\" id=\"Eine_sichere_Arbeitsumgebung_ist_Pflicht\"><\/span>Eine sichere Arbeitsumgebung ist Pflicht<span class=\"ez-toc-section-end\"><\/span><\/h2>\r\n<div class=\"su-spacer\" style=\"height:20px\"><\/div>\r\n<p>Die Sicherheit am Arbeitsplatz und damit auch die Lagersicherheit ist ein entscheidendes Thema, das durch Gesetze, Verordnungen und Regeln vorgeschrieben wird:<\/p>\r\n<p><img loading=\"lazy\" decoding=\"async\" class=\"aligncenter wp-image-25784 size-large\" src=\"https:\/\/www.rajapack.at\/verpackungsnews\/wp-content\/uploads\/2019\/03\/Arbeitsschutzgesetz-1024x682.jpg\" alt=\"Gesetz zum Arbeitsschutz\" width=\"1024\" height=\"682\" srcset=\"https:\/\/www.rajapack.at\/verpackungsnews\/wp-content\/uploads\/2019\/03\/Arbeitsschutzgesetz-1024x682.jpg 1024w, https:\/\/www.rajapack.at\/verpackungsnews\/wp-content\/uploads\/2019\/03\/Arbeitsschutzgesetz-430x287.jpg 430w, https:\/\/www.rajapack.at\/verpackungsnews\/wp-content\/uploads\/2019\/03\/Arbeitsschutzgesetz-768x512.jpg 768w, https:\/\/www.rajapack.at\/verpackungsnews\/wp-content\/uploads\/2019\/03\/Arbeitsschutzgesetz-1536x1024.jpg 1536w, https:\/\/www.rajapack.at\/verpackungsnews\/wp-content\/uploads\/2019\/03\/Arbeitsschutzgesetz.jpg 2000w\" sizes=\"auto, (max-width: 1024px) 100vw, 1024px\" \/><\/p>\r\n<p><a href=\"https:\/\/www.ris.bka.gv.at\/GeltendeFassung.wxe?Abfrage=Bundesnormen&amp;Gesetzesnummer=10008910\" target=\"_blank\" rel=\"noopener\">ArbeitnehmerInnenschutzgesetz<\/a> (ASchG), <a href=\"https:\/\/www.arbeitsinspektion.gv.at\/Maschinen-_Werkzeuge\/Gemeinsame_Bestimmungen\/Kommentierte_Arbeitsmittelverordnung.html\" target=\"_blank\" rel=\"noopener\">Arbeitsmittelverordnung<\/a>(AM-VO) und \u00a0<a href=\"https:\/\/www.arbeitsinspektion.gv.at\/Arbeitsstaetten-_Arbeitsplaetze\/Arbeitsstaetten-_Arbeitsplaetze_1\/Kommentierte_Arbeitsstaettenverordnung.html\" target=\"_blank\" rel=\"noopener\">Arbeitsst\u00e4ttenverordnung<\/a>(AStV), um nur einige zu nennen. Ziel ist immer, dem Arbeitnehmer eine sichere Arbeitsumgebung zu bieten, Gefahren zu vermeiden und ihn vor Unf\u00e4llen und Berufskrankheiten zu sch\u00fctzen. Die\u00a0<a href=\"https:\/\/www.ris.bka.gv.at\/GeltendeFassung.wxe?Abfrage=Bundesnormen&amp;Gesetzesnummer=10009098\" target=\"_blank\" rel=\"noopener\">Arbeitsst\u00e4ttenverordnung<\/a>(AStV) richtet sich an den Arbeitgeber und umfasst die Mindestvorschriften f\u00fcr die Sicherheit und den Gesundheitsschutz der Mitarbeiter beim Einrichten und Betreiben von Arbeitsst\u00e4tten. Die Verordnung basiert auf der\u00a0<a href=\"https:\/\/eur-lex.europa.eu\/legal-content\/DE\/ALL\/?uri=CELEX%3A31989L0654\" target=\"_blank\" rel=\"noopener\">EG-Arbeitsst\u00e4ttenrichtlinien 89\/654\/EWG<\/a>, die die europ\u00e4ische Umsetzung vorschreibt. Neben der Vorschrift zum Schutz von Nichtrauchern liegt der Fokus auf der ordnungsgem\u00e4\u00dfen Beschaffenheit von Einrichtung und Unterhaltung der Arbeitsst\u00e4tte. Neben entsprechender <a href=\"\/verpackungsnews\/arbeitskleidung-und-schutzkleidung\" target=\"_blank\" rel=\"noopener\">Arbeitsschutzbekleidung <\/a>und funktionierenden Maschinen spielen viele weitere Faktoren eine gro\u00dfe Rolle. Darunter fallen beispielsweise das Vermeiden von Sturzunf\u00e4llen auf schadhaftem Fu\u00dfboden oder Transportunf\u00e4llen durch nicht gekennzeichnete Transportwege und die richtige Gestaltung der innerbetrieblichen Verkehrswege. Denn der Begriff Arbeitsst\u00e4tte bezeichnet alle Arbeitsr\u00e4ume oder andere R\u00e4ume auf dem Betriebsgel\u00e4nde, sowie alle Orte im Freien auf dem Betriebsgel\u00e4nde und auch Baustellen, in denen Besch\u00e4ftige im Rahmen ihrer Arbeit t\u00e4tig sind. Zur Arbeitsst\u00e4tte geh\u00f6ren daher alle Orte zu denen die Besch\u00e4ftigten w\u00e4hrend Ihrer Arbeitszeit und zur Ausf\u00fchrung der T\u00e4tigkeit Zugang haben und Einrichtungen, die zum Betreiben der Arbeitsst\u00e4tte dienen.<\/p>\r\n<ul>\r\n<li>Verkehrswege, Fluchtwege, Notausg\u00e4nge, Lager-Maschinen und Nebenr\u00e4ume, Sanit\u00e4rr\u00e4ume, Kantinen, Pausen- und Bereitschaftsr\u00e4ume, Erste-Hilfe-R\u00e4ume und Unterk\u00fcnfte<\/li>\r\n<li>Sicherheitsbeleuchtung, Feuerl\u00f6scheinrichtungen, Versorgungseinrichtungen, Beleuchtungsanlagen, raumlufttechnische Anlagen, Signalanlagen, Energieverteilungsanlagen, T\u00fcren und Rohre, Fahrsteige, Fahrtreppen, Laderampen und Steigleitern<\/li>\r\n<\/ul>\r\n<h2><span class=\"ez-toc-section\" id=\"Welche_Vorschriften_fuer_Verkehrswege_und_die_Sicherheitskennzeichnung_am_Arbeitsplatz_gibt_es\"><\/span>Welche Vorschriften f\u00fcr Verkehrswege und die Sicherheitskennzeichnung am Arbeitsplatz gibt es?<span class=\"ez-toc-section-end\"><\/span><\/h2>\r\n<div class=\"su-spacer\" style=\"height:20px\"><\/div> Wie und wo Kennzeichnungen und Markierungen im Betrieb einzusetzen sind, regelt die Arbeitsst\u00e4ttenverordnung (AStV) und ganz konkret die <strong><a href=\"https:\/\/www.ris.bka.gv.at\/GeltendeFassung.wxe?Abfrage=Bundesnormen&amp;Gesetzesnummer=10009067\" target=\"_blank\" rel=\"noopener\">Kennzeichnungsverordnung<\/a><\/strong> (KennV). Dort ist das Einrichten von Verkehrswegen (A1.8) sowie deren Kennzeichnung (A1.3) geregelt. Dort finden sich, neben der Gestaltung von Flucht- und Rettungspl\u00e4nen, eben auch Vorschriften zur Sicherheits- und Gesundheitsschutzkennzeichnung. Darunter f\u00e4llt, ganz konkret:<\/p>\r\n<ul>\r\n<li>Die Markierung von Treppenstufen, Abs\u00e4tzen und anderen Gefahrenstellen; die Kennzeichnung von Ladefl\u00e4chen, Fahrwegen bzw. Fu\u00dfwegen und die Kennzeichnung von Fluchtwegen.<\/li>\r\n<li>Eine Sicherheits- und Gesundheitsschutzkennzeichnung kann die Kennzeichnung durch Schilder, Warnaufsteller, Schall- oder Leuchtzeichen sowie Farbmarkierungen sein. Dazu eignen sich Markierungsfarben f\u00fcr den Boden genauso wie Markierungsb\u00e4nder oder Aufkleber.<\/li>\r\n<\/ul>\r\n<p>\u00dcbrigens: Die <a href=\"https:\/\/www.wko.at\/site\/kampagnen\/BetriebsanlagenserviceNoe\/Arbeitsstaetten_AI.pdf\" target=\"_blank\" rel=\"noopener\">Gestaltung von Arbeitsst\u00e4tten<\/a> werden von der <a href=\"https:\/\/www.arbeitsinspektion.gv.at\/Arbeitsstaetten-_Arbeitsplaetze\/Arbeitsstaetten-_Arbeitsplaetze_1\/Kommentierte_Arbeitsstaettenverordnung.html\" target=\"_blank\" rel=\"noopener\">Arbeitsinspektion<\/a> und dem Bundesministerium f\u00fcr Arbeit, Soziales, Gesundheit und Konsumentenschutz ermittelt bzw. angepasst und bekannt gegeben. Weiterlesen in der <a href=\"https:\/\/www.arbeitsinspektion.gv.at\/Arbeitsstaetten-_Arbeitsplaetze\/Arbeitsstaetten-_Arbeitsplaetze_1\/Kommentierte_Arbeitsstaettenverordnung.html\" target=\"_blank\" rel=\"noopener\">AStV<\/a>: Welche konkreten Vorschriften gelten f\u00fcr Treppen und Leitern? F\u00fcr Rampen, Fu\u00dfg\u00e4ngerwege und deren Abgrenzung? <div class=\"su-spacer\" style=\"height:20px\"><\/div>\r\n<h2><span class=\"ez-toc-section\" id=\"Was_sind_Innerbetriebliche_Verkehrswege\"><\/span>Was sind Innerbetriebliche Verkehrswege?<span class=\"ez-toc-section-end\"><\/span><\/h2>\r\n<div class=\"su-spacer\" style=\"height:20px\"><\/div> Unter innerbetrieblichen Verkehrswegen versteht man all die Bereiche im Unternehmen, die dem innerbetrieblichen Personen- aber auch Warenverkehr dienen. Darunter fallen G\u00e4nge, Flure, Stra\u00dfen, Rampen, Treppen, Galerien aber auch Parkpl\u00e4tze und eben auch die Wege in Produktions- und Lagerhallen.<\/p>\r\n<p><img loading=\"lazy\" decoding=\"async\" class=\"alignnone wp-image-24847 size-full\" src=\"https:\/\/www.rajapack.at\/verpackungsnews\/wp-content\/uploads\/2019\/03\/Bodenmarkierung-Maennle1.jpg\" alt=\"Markierung Lagersicherheit\" width=\"202\" height=\"281\" \/><\/p>\r\n<p>Diese Bereiche oder \u201eWege\u201c m\u00fcssen klar gekennzeichnet und voneinander getrennt sein. In einem f\u00fcr Fu\u00dfg\u00e4nger markierten Bereich hat kein Gabelstapler etwas zu suchen. Umgekehrt gilt f\u00fcr den Fu\u00dfg\u00e4nger in der Ladezone \u201ebetreten verboten\u201c bzw. h\u00f6chste Sorgfalt: Hier muss ich jederzeit damit rechnen, dass ein <a href=\"\/lagerung-handling\/transportgeraete\/sackkarren_C502030.html\" target=\"_blank\" rel=\"noopener\">Transportkarren<\/a> meinen Weg kreuzt. <div class=\"su-spacer\" style=\"height:20px\"><\/div>\r\n<h2><span class=\"ez-toc-section\" id=\"Warum_ist_eine_Planung_der_innerbetrieblichen_Verkehrswege_notwendig\"><\/span>Warum ist eine Planung der innerbetrieblichen Verkehrswege notwendig?<span class=\"ez-toc-section-end\"><\/span><\/h2>\r\n<div class=\"su-spacer\" style=\"height:20px\"><\/div>\r\n<p>Die Ursachen f\u00fcr Unf\u00e4lle im Betrieb, die in den Bereich der Verkehrswegesicherheit fallen, sind vielf\u00e4ltig, \u00fcblicherweise werden folgende Punkte genannt:<\/p>\r\n<h3><span class=\"ez-toc-section\" id=\"Unzureichende_Trennung_von_Fahrbereich_und_Fussgaengerbereich\"><\/span>Unzureichende Trennung von Fahrbereich und Fu\u00dfg\u00e4ngerbereich<span class=\"ez-toc-section-end\"><\/span><\/h3>\r\n<div class=\"su-spacer\" style=\"height:20px\"><\/div> <div class=\"su-service\"><div class=\"su-service-title\" style=\"padding-left:54px;min-height:40px;line-height:40px\"><i class=\"sui sui-check-circle\" style=\"font-size:40px;color:#4169ed\"><\/i> L\u00f6sung<\/div><div class=\"su-service-content su-u-clearfix su-u-trim\" style=\"padding-left:54px\">R\u00e4umliche Trennung, Einhaltung der Mindestbreiten und Sicherheitsabst\u00e4nde, gut sichtbare Markierung der Zonen, z.B. Bodenmarkierungen oder gegebenenfalls durch Absperrketten oder Schutzb\u00fcgel. <\/div><\/div>\r\n<h3 class=\"wp-block-heading\"><span class=\"ez-toc-section\" id=\"Verschmutzung_Unebenheiten\"><\/span>Verschmutzung, Unebenheiten<span class=\"ez-toc-section-end\"><\/span><\/h3>\r\n<div class=\"su-spacer\" style=\"height:20px\"><\/div> <div class=\"su-service\"><div class=\"su-service-title\" style=\"padding-left:54px;min-height:40px;line-height:40px\"><i class=\"sui sui-check-circle\" style=\"font-size:40px;color:#4169ed\"><\/i> L\u00f6sung<\/div><div class=\"su-service-content su-u-clearfix su-u-trim\" style=\"padding-left:54px\">Verkehrswege sauber und trocken halten, ebene Verkehrswege einrichten, Gefahrenstellen kennzeichnen, z.B. mit Warnaufstellern (vor\u00fcbergehend) oder mit Markierungsb\u00e4ndern. <\/div><\/div>\r\n<h3><span class=\"ez-toc-section\" id=\"Unzureichende_Beleuchtung_schlecht_einzusehende_Bereiche\"><\/span>Unzureichende Beleuchtung, schlecht einzusehende Bereiche<span class=\"ez-toc-section-end\"><\/span><\/h3>\r\n<div class=\"su-spacer\" style=\"height:20px\"><\/div> <div class=\"su-service\"><div class=\"su-service-title\" style=\"padding-left:54px;min-height:40px;line-height:40px\"><i class=\"sui sui-check-circle\" style=\"font-size:40px;color:#4169ed\"><\/i> L\u00f6sung<\/div><div class=\"su-service-content su-u-clearfix su-u-trim\" style=\"padding-left:54px\">F\u00fcr gute Ausleuchtung sorgen, Beobachtungsspiegel oder Panoramaspiegel geben \u201eRundumblick\u201c, insbesondere an Kreuzungen und Einm\u00fcndungen.<\/div><\/div>\r\n<h3><span class=\"ez-toc-section\" id=\"Unzureichende_Unterweisung_der_Mitarbeiter\"><\/span>Unzureichende Unterweisung der Mitarbeiter<span class=\"ez-toc-section-end\"><\/span><\/h3>\r\n<div class=\"su-spacer\" style=\"height:20px\"><\/div> <div class=\"su-service\"><div class=\"su-service-title\" style=\"padding-left:54px;min-height:40px;line-height:40px\"><i class=\"sui sui-check-circle\" style=\"font-size:40px;color:#4169ed\"><\/i> L\u00f6sung<\/div><div class=\"su-service-content su-u-clearfix su-u-trim\" style=\"padding-left:54px\">Insbesondere wenn sich Regelungen \u00fcberschneiden, z.B. innerbetriebliche Regeln und die StVO auf dem Parkplatz, ist eine klare Einweisung der Mitarbeiter n\u00f6tig. Vor Ort muss auf den ersten Blick ersichtlich sein, was G\u00fcltigkeit hat, z.B. durch Verbots- und Gebotsschilder.<\/div><\/div> Eine sorgf\u00e4ltige Planung und Ausgestaltung der innerbetrieblichen Verkehrswege ist somit aus zweierlei Hinsicht immens wichtig: Zum einen geht es um Arbeitssicherheit und die Vermeidung von Unf\u00e4llen. Zum anderen steht eine optimale Verkehrswegeplanung auch f\u00fcr eine reibungslose und schnelle Logistik- und damit daf\u00fcr, dass sie keine unn\u00f6tige Zeit \u201eliegen lassen\u201c. Auch bei uns wird ganz sch\u00f6n was bewegt. Sendungen f\u00fcr ganz Europa verlassen pro Tag das RAJA Zentrallager in Tongeren, Belgien. Damit das alles funktioniert, werden oft hunderte, tausende Kilogramm Ware gehoben, transportiert, kommissioniert, gelagert, bewegt, gewogen, gefahren, sortiert, gepr\u00fcft, verpackt und verladen. Unz\u00e4hlige Hubwagen, Gabelstapler und \u201eAmeisen\u201c bewegen sich scheinbar m\u00fchelos in einem von au\u00dfen undurchschaubaren \u201eBallett\u201c. Gut, wenn jeder wei\u00df, wo genau er sich zu bewegen hat \u2013 und wo nicht! Das klappt nur mit einer guten innerbetrieblichen Verkehrswegeplanung. <div class=\"su-youtube su-u-responsive-media-yes\"><iframe loading=\"lazy\" width=\"600\" height=\"400\" src=\"https:\/\/www.youtube.com\/embed\/dnejuD2oTPI?autohide=2&amp;autoplay=0&amp;mute=0&amp;controls=1&amp;fs=1&amp;loop=0&amp;modestbranding=0&amp;rel=1&amp;showinfo=1&amp;theme=dark&amp;wmode=&amp;playsinline=0\" frameborder=\"0\" allowfullscreen allow=\"autoplay; encrypted-media; picture-in-picture\" title=\"RAJA Logistikcenter\"><\/iframe><\/div><div class=\"su-spacer\" style=\"height:20px\"><\/div>\r\n<h2 class=\"wp-block-heading\"><span class=\"ez-toc-section\" id=\"Welche_Eigenschaften_muessen_Sicherheitskennzeichnungen_erfuellen\"><\/span>Welche Eigenschaften m\u00fcssen Sicherheitskennzeichnungen erf\u00fcllen?<span class=\"ez-toc-section-end\"><\/span><\/h2>\r\n<p data-start=\"4171\" data-end=\"4387\">\r\n\r\n<\/p>\r\n<div class=\"su-spacer\" style=\"height:20px\"><\/div>\r\n<p data-start=\"4171\" data-end=\"4387\">\r\n\r\n<\/p>\r\n<p>Eine gute und eindeutige Kennzeichnung der Arbeitswege hilft nicht nur Unf\u00e4lle vermeiden, sondern erm\u00f6glicht erst einen reibungslosen und effektiven Ablauf aller Prozesse. Nur wenn bekannt ist, wo sich Fu\u00dfg\u00e4nger, Fahrzeuge oder Maschinen gefahrlos zwischen den Regalen bewegen k\u00f6nnen, wo Gabelstapler Vorfahrt haben und wo genau die Palette hinkommt, so dass der Kollege sie mit dem Gabelstapler sp\u00e4ter problemlos anfahren kann, nur wenn also jeder \u201eVerkehrsteilnehmer\u201c die Vorschriften kennt und einh\u00e4lt, ist ein reibungsloser Ablauf gew\u00e4hrleistet \u2013 im Grunde wie im Stra\u00dfenverkehr auch.<\/p>\r\n<p data-start=\"4171\" data-end=\"4387\">\r\n\r\n<\/p>\r\n<p>Daf\u00fcr ist es aber auch wichtig, dass die geltenden Regeln und Vorschriften jedem bekannt sind bzw. in der Praxis auf den ersten Blick f\u00fcr jeden erkennbar und intuitiv erfassbar sind. Wie bei den Hinweis- und Warnschildern oder Verbotsschildern im Stra\u00dfenverkehr gelten daher auch in der innerbetrieblichen Verwendung bestimmte Farbcodes.<\/p>\r\n<h2>\r\n\r\n<\/h2>\r\n<figure class=\"wp-block-gallery aligncenter has-nested-images columns-default is-cropped\">\r\n<figure class=\"wp-block-image aligncenter size-large is-resized\">In unserem Blog zur<a href=\"\/verpackungsnews\/sicherheitskennzeichnung\" target=\"_blank\" rel=\"noopener\"> Sicherheitskennzeichnung am Arbeitsplatz mit Warn- und Markierungsb\u00e4ndern<\/a> beschreiben wir die wichtigsten Eigenschaften und Vorschriften zum Thema.<\/figure>\r\n<\/figure>\r\n<div class=\"wp-block-media-text__content\">\r\n<h2><span class=\"ez-toc-section\" id=\"Zusaetzliches_Zubehoer_fuer_die_Lagersicherheit\"><\/span>Zus\u00e4tzliches Zubeh\u00f6r f\u00fcr die Lagersicherheit:<span class=\"ez-toc-section-end\"><\/span><\/h2>\r\n<div class=\"su-spacer\" style=\"height:20px\"><\/div>\r\n<h3><span class=\"ez-toc-section\" id=\"Wann_muss_eine_Absperrung_angebracht_werden\"><\/span>Wann muss eine Absperrung angebracht werden?<span class=\"ez-toc-section-end\"><\/span><\/h3>\r\n<div class=\"su-spacer\" style=\"height:20px\"><\/div>\r\n<p>Wenn Absturzgefahr f\u00fcr Besch\u00e4ftigte oder Gefahr durch herabfallende Gegenst\u00e4nde besteht sind entsprechende Absicherungen Vorschrift. Arbeitspl\u00e4tze und Verkehrswege m\u00fcssen dann mit Schutzvorrichtungen versehen werden, um die Mitarbeiter vor Verletzungen zu sch\u00fctzen.\u00a0Doch nicht bei jeder T\u00e4tigkeit ist es mit einer einfachen Absperrung getan. Bei einem Dachdecker oder Industriekletterer kann eine solche Schutzvorrichtung nicht angebracht werden. Der Arbeitgeber hat durch andere Mittel zum Beispiel spezielle Klettergurte f\u00fcr die Arbeitssicherheit zu sorgen.<\/p>\r\n<p>Gibt es weitere Gefahrenbereiche, bspw. Bereiche, die nur mit spezieller Ausr\u00fcstung betreten werden sollten, m\u00fcssen die Gefahrenbereiche deutlich gekennzeichnet sein. Dar\u00fcber hinaus gilt es den Zutritt vor unbefugtem Betreten zu sch\u00fctzen und dem Arbeitnehmer, der die Gefahrenbereiche betritt, muss entsprechende Schutzausr\u00fcstung zur Verf\u00fcgung gestellt werden.<\/p>\r\n<p><a href=\"\/lagerung-handling\/betriebsausstattung\/sicherheitskennzeichnung-ausstattung\/schutzbuegel-stahl_OFF_DE_01531.html\" target=\"_blank\" rel=\"noopener\">Schutzb\u00fcgel aus Stahl<\/a> k\u00f6nnen f\u00fcr die gro\u00dffl\u00e4chigere Sicherung eingesetzt werden. Eine weitere Einsatzm\u00f6glichkeit ist die Abtrennung von Verkehrswegen zwischen Fahrzeugen und Fu\u00dfg\u00e4ngern: So besteht keine Gefahr f\u00fcr den Fu\u00dfg\u00e4nger, von einem Fahrzeug angefahren zu werden. Durch die Signalfarben gelb-schwarz sorgen Rammschutz-Poller und Schutzb\u00fcgel f\u00fcr hohe Aufmerksamkeit und sind sowohl im Innen-, als auch im Au\u00dfenbereich gut sichtbar. Der Absturzschutz dient in erster Linie der Vorbeugung von Arbeitsunf\u00e4llen: Ab einer H\u00f6he von \u00fcber einem Meter muss eine Absperrung angebracht werden, um Arbeitnehmer auf die Gefahr aufmerksam zu machen und einen Sturz zu verhindern.<\/p>\r\n<div class=\"su-spacer\" style=\"height:20px\"><\/div>\r\n<h3><span class=\"ez-toc-section\" id=\"Wie_kann_ich_die_Lagereinrichtungen_und_Maschinen_schuetzen\"><\/span>Wie kann ich die Lagereinrichtungen und Maschinen sch\u00fctzen?<span class=\"ez-toc-section-end\"><\/span><\/h3>\r\n<div class=\"su-spacer\" style=\"height:20px\"><\/div> Gem\u00e4\u00df DIN EN 15635 und den Richtlinien der BGR 234 muss in Fahrwegen unbedingt jeweils ein Rammschutz an die Regalanfang- und Regalendst\u00fctze angebracht werden. F\u00fcr Lagereinrichtungen und -ger\u00e4te gelten die Bestimmungen des ArbeitnehmerInnenschutzgesetz \u2013\u00a0<a href=\"https:\/\/www.ris.bka.gv.at\/GeltendeFassung.wxe?Abfrage=Bundesnormen&amp;Gesetzesnummer=10008910\" target=\"_blank\" rel=\"noopener\">ASchG<\/a>. Sie dient f\u00fcr Unternehmer als Hilfestellung bei der Umsetzung der Arbeitsschutzvorschriften oder Unfallverh\u00fctungsvorschriften und unterst\u00fctzt bei der Vermeidung von Arbeitsunf\u00e4llen und Berufskrankheiten.\r\n<p>Ein\u00a0<strong><a href=\"https:\/\/www.rajapack.at\/lagerung-handling\/betriebsausstattung\/sicherheitskennzeichnung-ausstattung\/anfahrschutz_OFF_DE_01536.html\" target=\"_blank\" rel=\"noopener\">Anfahrschutz<\/a><\/strong>\u00a0von mindestens 0,3 Meter H\u00f6he ist beispielsweise bei ortsfesten Regalen an den Eckbereichen Pflicht, wenn diese mit nicht leitliniengef\u00fchrten F\u00f6rdermitteln be- oder entladen werden. Erfolgt die Be- und Entladung also \u00fcber frei fahrende Flurf\u00f6rderger\u00e4te wie Hubwagen oder Gabelstapler muss an den Ecken ein Anfahrschutz angebracht werden, der eine Energie von mindestens 400 Nm aufnehmen kann. Welche Kr\u00e4fte das Sicherheitszubeh\u00f6r aushalten muss, wird im Video eindrucksvoll demonstriert: <div class=\"su-youtube su-u-responsive-media-yes\"><iframe loading=\"lazy\" width=\"560\" height=\"320\" src=\"https:\/\/www.youtube.com\/embed\/HGrxDbsH7Vo?autohide=2&amp;autoplay=0&amp;mute=0&amp;controls=1&amp;fs=1&amp;loop=0&amp;modestbranding=0&amp;rel=1&amp;showinfo=1&amp;theme=dark&amp;wmode=&amp;playsinline=0\" frameborder=\"0\" allowfullscreen allow=\"autoplay; encrypted-media; picture-in-picture\" title=\"Anfahrschutz Praxistest Messe\"><\/iframe><\/div> Generell ist bei der Navigation zwischen den Lagerregalen Vorsicht geboten. Denn wo hoch gestapelt wird, ist die Sicht oftmals eingeschr\u00e4nkt. Besonders dann, wenn man Fahrzeuge wie Hubwagen oder Gabelstapler dort bewegt, wo auch Fu\u00dfg\u00e4nger unterwegs sind. Nicht nur zwischen den Regalen, sondern bei jeder schwer einsehbaren Einm\u00fcndung oder un\u00fcbersichtlichen Bereichen hilft ein <a href=\"https:\/\/www.rajapack.de\/lagerung-handling\/betriebsausstattung\/sicherheitskennzeichnung-ausstattung\/beobachtungsspiegel_OFF_DE_01524.html\" target=\"_blank\" rel=\"noopener\">Beobachtungsspiegel<\/a>. Mit einem\u00a0<a href=\"https:\/\/www.rajapack.de\/lagerung-handling\/betriebsausstattung\/sicherheitskennzeichnung-ausstattung\/panoramaspiegel_OFF_DE_01532.html\" target=\"_blank\" rel=\"noopener\">Panoramaspiegel\u00a0<\/a>kann man sogar einen Blickwinkel von 180\u00b0 oder 360\u00b0 abdecken. Dadurch werden tote Winkel sichtbar gemacht und die Spiegel verhelfen zu mehr Sicherheit an den Gefahrenstellen. Mit entsprechenden Hinweisschildern werden die Arbeitnehmer zus\u00e4tzlich sensibilisiert.<\/p>\r\n<h2><span class=\"ez-toc-section\" id=\"Wo_finde_ich_Unterstuetzung_zum_Thema_Unfallvermeidung_und_Arbeitssicherheit\"><\/span>Wo finde ich Unterst\u00fctzung zum Thema Unfallvermeidung und Arbeitssicherheit?<span class=\"ez-toc-section-end\"><\/span><\/h2>\r\n<div class=\"su-spacer\" style=\"height:20px\"><\/div>\r\n<p>In Unternehmen ab 10 Besch\u00e4ftigten ist die Sicherheitsvertrauensperson (<a href=\"https:\/\/www.ris.bka.gv.at\/GeltendeFassung.wxe?Abfrage=Bundesnormen&amp;Gesetzesnummer=10009007\" target=\"_blank\" rel=\"noopener\">SVP<\/a>) f\u00fcr die Einhaltung der Regelungen zust\u00e4ndig.<\/p>\r\n<p><img loading=\"lazy\" decoding=\"async\" class=\"aligncenter wp-image-24860 size-medium\" src=\"https:\/\/www.rajapack.at\/verpackungsnews\/wp-content\/uploads\/2019\/03\/shutterstock_701109013_Sammelpunkt-1-300x225.jpg\" alt=\"Warnweste Sammelpunkt\" width=\"300\" height=\"225\" \/><\/p>\r\nDas kann ein Mitarbeiter sein, der durch eine mindestens 24-st\u00fcndige Arbeitsschutz-Ausbildung erhalten hat (beispielsweise bei der <a href=\"https:\/\/www.auva.at\/cdscontent\/?contentid=10007.670999\" target=\"_blank\" rel=\"noopener\">AUVA<\/a>). Jedes Unternehmen \u2013 egal welche Branche und Gr\u00f6\u00dfe \u2013 ist laut\u00a0<strong><a href=\"https:\/\/www.jusline.at\/gesetz\/aschg\/paragraf\/73\" target=\"_blank\" rel=\"noopener noreferrer\">ArbeitnehmerInnenschutzgesetz (ASchG)<\/a><\/strong> auch verpflichtet, Pr\u00e4ventivfachkr\u00e4fte (Sicherheitsfachkr\u00e4fte, Arbeitsmediziner \u2026) einzusetzen. Unternehmen bis 50 MitarbeiterInnen werden von der AUVA kostenlos betreut, ab 51 MitarbeiterInnen bedarf es einer externen Sicherheitsfachkraft.<\/div>\r\n<div>\u00a0<\/div>\r\n<div><img loading=\"lazy\" decoding=\"async\" class=\"aligncenter wp-image-29824 size-full\" src=\"https:\/\/www.rajapack.at\/verpackungsnews\/wp-content\/uploads\/2024\/04\/Arbeitsschutz-Blog.png\" alt=\"Arbeitsschutz\" width=\"810\" height=\"420\" srcset=\"https:\/\/www.rajapack.at\/verpackungsnews\/wp-content\/uploads\/2024\/04\/Arbeitsschutz-Blog.png 810w, https:\/\/www.rajapack.at\/verpackungsnews\/wp-content\/uploads\/2024\/04\/Arbeitsschutz-Blog-430x223.png 430w, https:\/\/www.rajapack.at\/verpackungsnews\/wp-content\/uploads\/2024\/04\/Arbeitsschutz-Blog-768x398.png 768w\" sizes=\"auto, (max-width: 810px) 100vw, 810px\" \/><\/div>\r\n<div>\u00a0<\/div>\r\n<div class=\"wp-block-media-text__content\">Immer ein guter Ansprechpartner: Das jeweilige Arbeitsinspektorat. Auf der Seite der <a href=\"https:\/\/www.arbeitsinspektion.gv.at\/Kontakt\/Standorte-_Zustaendigkeit\/Standortsuche.html\" target=\"_blank\" rel=\"noopener\">Arbeitsinspektion<\/a> gibt es auch umfassende Informationen zum Thema.<\/div>","protected":false},"excerpt":{"rendered":"<p>In fast jedem Betrieb ist ein Lager erforderlich: Im B\u00fcro werden eher kleine Mengen an Druckerpapier und B\u00fcromaterialien aufbewahrt, w\u00e4hrend in der Produktion oder im Handel das Lager weitaus gr\u00f6\u00dfere [&#8230;]<\/p>\n","protected":false},"author":22,"featured_media":24866,"comment_status":"open","ping_status":"closed","sticky":false,"template":"","format":"standard","meta":{"_acf_changed":false,"footnotes":""},"categories":[22],"tags":[49,262],"class_list":["post-16763","post","type-post","status-publish","format-standard","has-post-thumbnail","hentry","category-kosten-und-prozessoptimierung","tag-arbeitsschutz","tag-lager"],"acf":[],"yoast_head":"\n<title>Lagersicherheit und Sicherheitszubeh\u00f6r<\/title>\n<meta name=\"description\" content=\"\u26a0Wir zeigen wie wichtig Lagersicherheit ist und welche Sicherheitskennzeichnungen am Arbeitsplatz notwendig sind.\ud83d\udea7\" \/>\n<meta name=\"robots\" content=\"index, follow, max-snippet:-1, max-image-preview:large, max-video-preview:-1\" \/>\n<link rel=\"canonical\" href=\"https:\/\/www.rajapack.at\/verpackungsnews\/sicherheitszubehoer\" \/>\n<meta property=\"og:locale\" content=\"de_AT\" \/>\n<meta property=\"og:type\" content=\"article\" \/>\n<meta property=\"og:title\" content=\"Sicherheitszubeh\u00f6r f\u00fcrs Lager - RAJAPACK Blog AT\" \/>\n<meta property=\"og:description\" content=\"Spiegel, Anfahr- und Rammschutz. Wir zeigen welche Regeln zur Anbringung von Sicherheitszubeh\u00f6r im Lager gelten.\" \/>\n<meta property=\"og:url\" content=\"https:\/\/www.rajapack.at\/verpackungsnews\/sicherheitszubehoer\" \/>\n<meta property=\"og:site_name\" content=\"RAJAPACK Blog AT\" \/>\n<meta property=\"article:published_time\" content=\"2022-03-27T07:57:11+00:00\" \/>\n<meta property=\"article:modified_time\" content=\"2025-11-12T10:54:59+00:00\" \/>\n<meta property=\"og:image\" content=\"https:\/\/www.rajapack.at\/verpackungsnews\/wp-content\/uploads\/2019\/03\/Blog.-Sicherheitszubehoer-1.jpg\" \/>\n\t<meta property=\"og:image:width\" content=\"810\" \/>\n\t<meta property=\"og:image:height\" content=\"420\" \/>\n\t<meta property=\"og:image:type\" content=\"image\/jpeg\" \/>\n<meta name=\"author\" content=\"RAJAPACK AT\" \/>\n<meta name=\"twitter:card\" content=\"summary_large_image\" \/>\n<meta name=\"twitter:title\" content=\"Sicherheitszubeh\u00f6r f\u00fcrs Lager - RAJAPACK Blog AT\" \/>\n<meta name=\"twitter:description\" content=\"Spiegel, Anfahr- und Rammschutz. Wir zeigen welche Regeln zur Anbringung von Sicherheitszubeh\u00f6r im Lager gelten.\" \/>\n<meta name=\"twitter:image\" content=\"https:\/\/www.rajapack.at\/verpackungsnews\/wp-content\/uploads\/2019\/03\/Blog.-Sicherheitszubehoer-1.jpg\" \/>\n<meta name=\"twitter:label1\" content=\"Verfasst von\" \/>\n\t<meta name=\"twitter:data1\" content=\"RAJAPACK AT\" \/>\n\t<meta name=\"twitter:label2\" content=\"Gesch\u00e4tzte Lesezeit\" \/>\n\t<meta name=\"twitter:data2\" content=\"13 Minuten\" \/>\n<script type=\"application\/ld+json\" class=\"yoast-schema-graph\">{\n\t    \"@context\": \"https:\/\/schema.org\",\n\t    \"@graph\": [\n\t        {\n\t            \"@type\": \"Article\",\n\t            \"@id\": \"https:\/\/www.rajapack.at\/verpackungsnews\/sicherheitszubehoer#article\",\n\t            \"isPartOf\": {\n\t                \"@id\": \"https:\/\/www.rajapack.at\/verpackungsnews\/sicherheitszubehoer\"\n\t            },\n\t            \"author\": {\n\t                \"name\": \"RAJAPACK AT\",\n\t                \"@id\": \"https:\/\/www.rajapack.at\/verpackungsnews\/#\/schema\/person\/df6dc3629cb737ad2c3253a2901a8034\"\n\t            },\n\t            \"headline\": \"Lagersicherheit und Sicherheitszubeh\u00f6r\",\n\t            \"datePublished\": \"2022-03-27T07:57:11+00:00\",\n\t            \"dateModified\": \"2025-11-12T10:54:59+00:00\",\n\t            \"mainEntityOfPage\": {\n\t                \"@id\": \"https:\/\/www.rajapack.at\/verpackungsnews\/sicherheitszubehoer\"\n\t            },\n\t            \"wordCount\": 2344,\n\t            \"commentCount\": 2,\n\t            \"publisher\": {\n\t                \"@id\": \"https:\/\/www.rajapack.at\/verpackungsnews\/#organization\"\n\t            },\n\t            \"image\": {\n\t                \"@id\": \"https:\/\/www.rajapack.at\/verpackungsnews\/sicherheitszubehoer#primaryimage\"\n\t            },\n\t            \"thumbnailUrl\": \"https:\/\/www.rajapack.at\/verpackungsnews\/wp-content\/uploads\/2019\/03\/Innerbetriebliche-Verkehrswege.jpg\",\n\t            \"keywords\": [\n\t                \"Arbeitsschutz\",\n\t                \"Lager\"\n\t            ],\n\t            \"articleSection\": [\n\t                \"Kosten- und Prozessoptimierung\"\n\t            ],\n\t            \"inLanguage\": \"de-AT\",\n\t            \"potentialAction\": [\n\t                {\n\t                    \"@type\": \"CommentAction\",\n\t                    \"name\": \"Comment\",\n\t                    \"target\": [\n\t                        \"https:\/\/www.rajapack.at\/verpackungsnews\/sicherheitszubehoer#respond\"\n\t                    ]\n\t                }\n\t            ]\n\t        },\n\t        {\n\t            \"@type\": \"WebPage\",\n\t            \"@id\": \"https:\/\/www.rajapack.at\/verpackungsnews\/sicherheitszubehoer\",\n\t            \"url\": \"https:\/\/www.rajapack.at\/verpackungsnews\/sicherheitszubehoer\",\n\t            \"name\": \"Lagersicherheit und Sicherheitszubeh\u00f6r\",\n\t            \"isPartOf\": {\n\t                \"@id\": \"https:\/\/www.rajapack.at\/verpackungsnews\/#website\"\n\t            },\n\t            \"primaryImageOfPage\": {\n\t                \"@id\": \"https:\/\/www.rajapack.at\/verpackungsnews\/sicherheitszubehoer#primaryimage\"\n\t            },\n\t            \"image\": {\n\t                \"@id\": \"https:\/\/www.rajapack.at\/verpackungsnews\/sicherheitszubehoer#primaryimage\"\n\t            },\n\t            \"thumbnailUrl\": \"https:\/\/www.rajapack.at\/verpackungsnews\/wp-content\/uploads\/2019\/03\/Innerbetriebliche-Verkehrswege.jpg\",\n\t            \"datePublished\": \"2022-03-27T07:57:11+00:00\",\n\t            \"dateModified\": \"2025-11-12T10:54:59+00:00\",\n\t            \"description\": \"\u26a0Wir zeigen wie wichtig Lagersicherheit ist und welche Sicherheitskennzeichnungen am Arbeitsplatz notwendig sind.\ud83d\udea7\",\n\t            \"inLanguage\": \"de-AT\",\n\t            \"potentialAction\": [\n\t                {\n\t                    \"@type\": \"ReadAction\",\n\t                    \"target\": [\n\t                        \"https:\/\/www.rajapack.at\/verpackungsnews\/sicherheitszubehoer\"\n\t                    ]\n\t                }\n\t            ]\n\t        },\n\t        {\n\t            \"@type\": \"ImageObject\",\n\t            \"inLanguage\": \"de-AT\",\n\t            \"@id\": \"https:\/\/www.rajapack.at\/verpackungsnews\/sicherheitszubehoer#primaryimage\",\n\t            \"url\": \"https:\/\/www.rajapack.at\/verpackungsnews\/wp-content\/uploads\/2019\/03\/Innerbetriebliche-Verkehrswege.jpg\",\n\t            \"contentUrl\": \"https:\/\/www.rajapack.at\/verpackungsnews\/wp-content\/uploads\/2019\/03\/Innerbetriebliche-Verkehrswege.jpg\",\n\t            \"width\": 810,\n\t            \"height\": 420,\n\t            \"caption\": \"Lagersicherheit\"\n\t        },\n\t        {\n\t            \"@type\": \"WebSite\",\n\t            \"@id\": \"https:\/\/www.rajapack.at\/verpackungsnews\/#website\",\n\t            \"url\": \"https:\/\/www.rajapack.at\/verpackungsnews\/\",\n\t            \"name\": \"RAJAPACK Blog AT\",\n\t            \"description\": \"Verpackungsnews vom Experten\",\n\t            \"publisher\": {\n\t                \"@id\": \"https:\/\/www.rajapack.at\/verpackungsnews\/#organization\"\n\t            },\n\t            \"potentialAction\": [\n\t                {\n\t                    \"@type\": \"SearchAction\",\n\t                    \"target\": {\n\t                        \"@type\": \"EntryPoint\",\n\t                        \"urlTemplate\": \"https:\/\/www.rajapack.at\/verpackungsnews\/?s={search_term_string}\"\n\t                    },\n\t                    \"query-input\": {\n\t                        \"@type\": \"PropertyValueSpecification\",\n\t                        \"valueRequired\": true,\n\t                        \"valueName\": \"search_term_string\"\n\t                    }\n\t                }\n\t            ],\n\t            \"inLanguage\": \"de-AT\"\n\t        },\n\t        {\n\t            \"@type\": \"Organization\",\n\t            \"@id\": \"https:\/\/www.rajapack.at\/verpackungsnews\/#organization\",\n\t            \"name\": \"RAJAPACK Blog AT\",\n\t            \"url\": \"https:\/\/www.rajapack.at\/verpackungsnews\/\",\n\t            \"logo\": {\n\t                \"@type\": \"ImageObject\",\n\t                \"inLanguage\": \"de-AT\",\n\t                \"@id\": \"https:\/\/www.rajapack.at\/verpackungsnews\/#\/schema\/logo\/image\/\",\n\t                \"url\": \"https:\/\/www.rajapack.at\/verpackungsnews\/wp-content\/uploads\/2021\/11\/LOGO-RAJA-800x243-1.jpg\",\n\t                \"contentUrl\": \"https:\/\/www.rajapack.at\/verpackungsnews\/wp-content\/uploads\/2021\/11\/LOGO-RAJA-800x243-1.jpg\",\n\t                \"width\": 800,\n\t                \"height\": 243,\n\t                \"caption\": \"RAJAPACK Blog AT\"\n\t            },\n\t            \"image\": {\n\t                \"@id\": \"https:\/\/www.rajapack.at\/verpackungsnews\/#\/schema\/logo\/image\/\"\n\t            },\n\t            \"sameAs\": [\n\t                \"https:\/\/de.linkedin.com\/company\/rajapack-gmbh\"\n\t            ]\n\t        },\n\t        {\n\t            \"@type\": \"Person\",\n\t            \"@id\": \"https:\/\/www.rajapack.at\/verpackungsnews\/#\/schema\/person\/df6dc3629cb737ad2c3253a2901a8034\",\n\t            \"name\": \"RAJAPACK AT\",\n\t            \"image\": {\n\t                \"@type\": \"ImageObject\",\n\t                \"inLanguage\": \"de-AT\",\n\t                \"@id\": \"https:\/\/www.rajapack.at\/verpackungsnews\/#\/schema\/person\/image\/\",\n\t                \"url\": \"https:\/\/secure.gravatar.com\/avatar\/4c95834f3b6420b1fbe980903e066e22?s=96&d=mm&r=g\",\n\t                \"contentUrl\": \"https:\/\/secure.gravatar.com\/avatar\/4c95834f3b6420b1fbe980903e066e22?s=96&d=mm&r=g\",\n\t                \"caption\": \"RAJAPACK AT\"\n\t            }\n\t        }\n\t    ]\n\t}<\/script>\n","yoast_head_json":{"title":"Lagersicherheit und Sicherheitszubeh\u00f6r","description":"\u26a0Wir zeigen wie wichtig Lagersicherheit ist und welche Sicherheitskennzeichnungen am Arbeitsplatz notwendig sind.\ud83d\udea7","robots":{"index":"index","follow":"follow","max-snippet":"max-snippet:-1","max-image-preview":"max-image-preview:large","max-video-preview":"max-video-preview:-1"},"canonical":"https:\/\/www.rajapack.at\/verpackungsnews\/sicherheitszubehoer","og_locale":"de_AT","og_type":"article","og_title":"Sicherheitszubeh\u00f6r f\u00fcrs Lager - RAJAPACK Blog AT","og_description":"Spiegel, Anfahr- und Rammschutz. Wir zeigen welche Regeln zur Anbringung von Sicherheitszubeh\u00f6r im Lager gelten.","og_url":"https:\/\/www.rajapack.at\/verpackungsnews\/sicherheitszubehoer","og_site_name":"RAJAPACK Blog AT","article_published_time":"2022-03-27T07:57:11+00:00","article_modified_time":"2025-11-12T10:54:59+00:00","og_image":[{"width":810,"height":420,"url":"https:\/\/www.rajapack.at\/verpackungsnews\/wp-content\/uploads\/2019\/03\/Blog.-Sicherheitszubehoer-1.jpg","type":"image\/jpeg"}],"author":"RAJAPACK AT","twitter_card":"summary_large_image","twitter_title":"Sicherheitszubeh\u00f6r f\u00fcrs Lager - RAJAPACK Blog AT","twitter_description":"Spiegel, Anfahr- und Rammschutz. Wir zeigen welche Regeln zur Anbringung von Sicherheitszubeh\u00f6r im Lager gelten.","twitter_image":"https:\/\/www.rajapack.at\/verpackungsnews\/wp-content\/uploads\/2019\/03\/Blog.-Sicherheitszubehoer-1.jpg","twitter_misc":{"Verfasst von":"RAJAPACK AT","Gesch\u00e4tzte Lesezeit":"13 Minuten"},"schema":{"@context":"https:\/\/schema.org","@graph":[{"@type":"Article","@id":"https:\/\/www.rajapack.at\/verpackungsnews\/sicherheitszubehoer#article","isPartOf":{"@id":"https:\/\/www.rajapack.at\/verpackungsnews\/sicherheitszubehoer"},"author":{"name":"RAJAPACK AT","@id":"https:\/\/www.rajapack.at\/verpackungsnews\/#\/schema\/person\/df6dc3629cb737ad2c3253a2901a8034"},"headline":"Lagersicherheit und Sicherheitszubeh\u00f6r","datePublished":"2022-03-27T07:57:11+00:00","dateModified":"2025-11-12T10:54:59+00:00","mainEntityOfPage":{"@id":"https:\/\/www.rajapack.at\/verpackungsnews\/sicherheitszubehoer"},"wordCount":2344,"commentCount":2,"publisher":{"@id":"https:\/\/www.rajapack.at\/verpackungsnews\/#organization"},"image":{"@id":"https:\/\/www.rajapack.at\/verpackungsnews\/sicherheitszubehoer#primaryimage"},"thumbnailUrl":"https:\/\/www.rajapack.at\/verpackungsnews\/wp-content\/uploads\/2019\/03\/Innerbetriebliche-Verkehrswege.jpg","keywords":["Arbeitsschutz","Lager"],"articleSection":["Kosten- und Prozessoptimierung"],"inLanguage":"de-AT","potentialAction":[{"@type":"CommentAction","name":"Comment","target":["https:\/\/www.rajapack.at\/verpackungsnews\/sicherheitszubehoer#respond"]}]},{"@type":"WebPage","@id":"https:\/\/www.rajapack.at\/verpackungsnews\/sicherheitszubehoer","url":"https:\/\/www.rajapack.at\/verpackungsnews\/sicherheitszubehoer","name":"Lagersicherheit und Sicherheitszubeh\u00f6r","isPartOf":{"@id":"https:\/\/www.rajapack.at\/verpackungsnews\/#website"},"primaryImageOfPage":{"@id":"https:\/\/www.rajapack.at\/verpackungsnews\/sicherheitszubehoer#primaryimage"},"image":{"@id":"https:\/\/www.rajapack.at\/verpackungsnews\/sicherheitszubehoer#primaryimage"},"thumbnailUrl":"https:\/\/www.rajapack.at\/verpackungsnews\/wp-content\/uploads\/2019\/03\/Innerbetriebliche-Verkehrswege.jpg","datePublished":"2022-03-27T07:57:11+00:00","dateModified":"2025-11-12T10:54:59+00:00","description":"\u26a0Wir zeigen wie wichtig Lagersicherheit ist und welche Sicherheitskennzeichnungen am Arbeitsplatz notwendig sind.\ud83d\udea7","inLanguage":"de-AT","potentialAction":[{"@type":"ReadAction","target":["https:\/\/www.rajapack.at\/verpackungsnews\/sicherheitszubehoer"]}]},{"@type":"ImageObject","inLanguage":"de-AT","@id":"https:\/\/www.rajapack.at\/verpackungsnews\/sicherheitszubehoer#primaryimage","url":"https:\/\/www.rajapack.at\/verpackungsnews\/wp-content\/uploads\/2019\/03\/Innerbetriebliche-Verkehrswege.jpg","contentUrl":"https:\/\/www.rajapack.at\/verpackungsnews\/wp-content\/uploads\/2019\/03\/Innerbetriebliche-Verkehrswege.jpg","width":810,"height":420,"caption":"Lagersicherheit"},{"@type":"WebSite","@id":"https:\/\/www.rajapack.at\/verpackungsnews\/#website","url":"https:\/\/www.rajapack.at\/verpackungsnews\/","name":"RAJAPACK Blog AT","description":"Verpackungsnews vom Experten","publisher":{"@id":"https:\/\/www.rajapack.at\/verpackungsnews\/#organization"},"potentialAction":[{"@type":"SearchAction","target":{"@type":"EntryPoint","urlTemplate":"https:\/\/www.rajapack.at\/verpackungsnews\/?s={search_term_string}"},"query-input":{"@type":"PropertyValueSpecification","valueRequired":true,"valueName":"search_term_string"}}],"inLanguage":"de-AT"},{"@type":"Organization","@id":"https:\/\/www.rajapack.at\/verpackungsnews\/#organization","name":"RAJAPACK Blog AT","url":"https:\/\/www.rajapack.at\/verpackungsnews\/","logo":{"@type":"ImageObject","inLanguage":"de-AT","@id":"https:\/\/www.rajapack.at\/verpackungsnews\/#\/schema\/logo\/image\/","url":"https:\/\/www.rajapack.at\/verpackungsnews\/wp-content\/uploads\/2021\/11\/LOGO-RAJA-800x243-1.jpg","contentUrl":"https:\/\/www.rajapack.at\/verpackungsnews\/wp-content\/uploads\/2021\/11\/LOGO-RAJA-800x243-1.jpg","width":800,"height":243,"caption":"RAJAPACK Blog AT"},"image":{"@id":"https:\/\/www.rajapack.at\/verpackungsnews\/#\/schema\/logo\/image\/"},"sameAs":["https:\/\/de.linkedin.com\/company\/rajapack-gmbh"]},{"@type":"Person","@id":"https:\/\/www.rajapack.at\/verpackungsnews\/#\/schema\/person\/df6dc3629cb737ad2c3253a2901a8034","name":"RAJAPACK AT","image":{"@type":"ImageObject","inLanguage":"de-AT","@id":"https:\/\/www.rajapack.at\/verpackungsnews\/#\/schema\/person\/image\/","url":"https:\/\/secure.gravatar.com\/avatar\/4c95834f3b6420b1fbe980903e066e22?s=96&d=mm&r=g","contentUrl":"https:\/\/secure.gravatar.com\/avatar\/4c95834f3b6420b1fbe980903e066e22?s=96&d=mm&r=g","caption":"RAJAPACK AT"}}]}},"_links":{"self":[{"href":"https:\/\/www.rajapack.at\/verpackungsnews\/wp-json\/wp\/v2\/posts\/16763","targetHints":{"allow":["GET"]}}],"collection":[{"href":"https:\/\/www.rajapack.at\/verpackungsnews\/wp-json\/wp\/v2\/posts"}],"about":[{"href":"https:\/\/www.rajapack.at\/verpackungsnews\/wp-json\/wp\/v2\/types\/post"}],"author":[{"embeddable":true,"href":"https:\/\/www.rajapack.at\/verpackungsnews\/wp-json\/wp\/v2\/users\/22"}],"replies":[{"embeddable":true,"href":"https:\/\/www.rajapack.at\/verpackungsnews\/wp-json\/wp\/v2\/comments?post=16763"}],"version-history":[{"count":16,"href":"https:\/\/www.rajapack.at\/verpackungsnews\/wp-json\/wp\/v2\/posts\/16763\/revisions"}],"predecessor-version":[{"id":30515,"href":"https:\/\/www.rajapack.at\/verpackungsnews\/wp-json\/wp\/v2\/posts\/16763\/revisions\/30515"}],"wp:featuredmedia":[{"embeddable":true,"href":"https:\/\/www.rajapack.at\/verpackungsnews\/wp-json\/wp\/v2\/media\/24866"}],"wp:attachment":[{"href":"https:\/\/www.rajapack.at\/verpackungsnews\/wp-json\/wp\/v2\/media?parent=16763"}],"wp:term":[{"taxonomy":"category","embeddable":true,"href":"https:\/\/www.rajapack.at\/verpackungsnews\/wp-json\/wp\/v2\/categories?post=16763"},{"taxonomy":"post_tag","embeddable":true,"href":"https:\/\/www.rajapack.at\/verpackungsnews\/wp-json\/wp\/v2\/tags?post=16763"}],"curies":[{"name":"wp","href":"https:\/\/api.w.org\/{rel}","templated":true}]}}