{"id":17718,"date":"2026-01-12T11:23:41","date_gmt":"2026-01-12T10:23:41","guid":{"rendered":"https:\/\/www.rajapack.at\/verpackungsnews\/?p=17718"},"modified":"2026-01-19T11:10:16","modified_gmt":"2026-01-19T10:10:16","slug":"muelltrennung-was-in-welche-tonne","status":"publish","type":"post","link":"https:\/\/www.rajapack.at\/verpackungsnews\/muelltrennung-was-in-welche-tonne","title":{"rendered":"M\u00fclltrennung \u2013 was geh\u00f6rt in welche Tonne?"},"content":{"rendered":"<h5>Eine der wohl h\u00e4ufigsten Fragen bei der M\u00fclltrennung ist: Was geh\u00f6rt in welche Tonne? Ob rote, wei\u00dfe, gelbe, gr\u00fcne oder braune Tonne \u2013 in \u00d6sterreich hat jedes St\u00fcckchen M\u00fcll seinen Platz. Dabei h\u00e4lt sich der Verdacht hartn\u00e4ckig, dass der M\u00fcll anschlie\u00dfend einfach wieder zusammengekippt wird. Lohnt sich die M\u00fclltrennung dann \u00fcberhaupt? Der M\u00fcll wird nat\u00fcrlich nicht wieder zusammengekippt, sondern getrennt voneinander verarbeitet. Aus Papier wird Recyclingpapier und Altglas wird eingeschmolzen und zu neuem Glas verarbeitet. Aus Alt wird Neu.<\/h5>\n<div class=\"su-spacer\" style=\"height:20px\"><\/div><div class=\"su-divider su-divider-style-default\" style=\"margin:15px 0;border-width:3px;border-color:#999999\"><\/div><div class=\"su-spacer\" style=\"height:20px\"><\/div>\n<p>Dadurch entsteht ein Kreislauf, der unsere Umwelt schont. Wertvolle Ressourcen werden eingespart, beim\u00a0<strong><a title=\"\u201dPapierrecycling\" href=\"\/verpackungsnews\/papier-recycling\/\" target=\"_blank\" rel=\"noopener\">Papierrecycling<\/a><\/strong>\u00a0werden beispielsweise keine neuen B\u00e4ume f\u00fcr Frischfasern gef\u00e4llt, das Altpapier wird zur wertvollen Grundlage der Produktion von Recyclingpapier.<br \/>\nAktuell<strong>\u00a0<a title=\"\u201dLeben\" href=\"https:\/\/www.derstandard.at\/story\/2000143595511\/519-kilo-abfall-pro-kopf-wie-wir-besser-mit-muell\" target=\"_blank\" rel=\"noopener\">leben wir im Wegwerfmodus<\/a><\/strong>: mit 519 Kilo Hausm\u00fcll pro Kopf liegt \u00d6sterreich EU-weit im Spitzenfeld (Rang 4 hinter D\u00e4nemark, Tchechien und den Niederlanden). Dabei trennen die meisten Haushalte die Abf\u00e4lle, aber nicht immer richtig. Was geh\u00f6rt nun in welche Tonne?<\/p>\n<div class=\"su-spacer\" style=\"height:20px\"><\/div>\n<h2>M\u00fcll richtig trennen \u2013 so geht\u2018s<\/h2>\n<div class=\"su-spacer\" style=\"height:20px\"><\/div>\n<p>Jede Abfalltonne hat ihre eigene Farbe. In der Regel gelb f\u00fcr Leichtverpackungen und Kunststoffe &#8211; darunter fallen Kunststoffe, Metalle, Verbundverpackungen und Naturmaterialien &#8211; schwarz f\u00fcr Restm\u00fcll, braun f\u00fcr Bioabfall und rot f\u00fcr Papier, Pappe und Karton, gr\u00fcn oder wei\u00df f\u00fcr Glas.<br \/>\nDaraus ergeben sich f\u00fcnf Abfallkategorien. In der folgenden Tabelle wird aufgezeigt, was in der jeweiligen Kategorie entsorgt wird und was keinesfalls in die Tonne geh\u00f6rt:<\/p>\n<div class=\"su-spacer\" style=\"height:20px\"><\/div>\n<div class=\"su-table su-table-alternate\">\n<table width=\"240\">\n<tbody>\n<tr>\n<td width=\"80\"><strong>Abfallkategorie<\/strong><\/td>\n<td width=\"80\"><strong>Das ist erlaubt<\/strong><\/td>\n<td width=\"80\"><strong>Das ist verboten<\/strong><\/td>\n<td width=\"80\"><strong>Verwendung<\/strong><\/td>\n<\/tr>\n<tr>\n<td width=\"80\">Verpackungen<\/td>\n<td width=\"80\">\n<ul>\n<li>Arzneimittelblister<\/li>\n<li>Buttermilchbecher<\/li>\n<li>Getr\u00e4nkekartons<\/li>\n<li>Joghurtbecher &amp; -deckel<\/li>\n<li>Holzschachteln und -kistchen<\/li>\n<li>Konservendosen<\/li>\n<li>Shampooflaschen<\/li>\n<li>Spraydosen<\/li>\n<li>Styroporverpackung<\/li>\n<li>Zahnpastatuben<\/li>\n<\/ul>\n<\/td>\n<td width=\"80\">\n<ul>\n<li>Altkleider<\/li>\n<li>Babyflaschen<\/li>\n<li>Blechgeschirr<\/li>\n<li>CDs und DVDs<\/li>\n<li>Essensreste<\/li>\n<li>Feuerzeuge<\/li>\n<li>Glas<\/li>\n<li>Keramikt\u00f6pfe<\/li>\n<li>Kinderspielzeug<\/li>\n<li>Klarsichth\u00fcllen<\/li>\n<li>Kugelschreiber<\/li>\n<li>Nicht geleerte Verpackungen<\/li>\n<li>Zahnb\u00fcrsten<\/li>\n<\/ul>\n<\/td>\n<td width=\"80\">Kunststoffrecycling, Papierrecycling<\/td>\n<\/tr>\n<tr>\n<td width=\"80\">Restm\u00fcll<\/td>\n<td width=\"80\">\n<ul>\n<li>Kalte Asche<\/li>\n<li>Hygieneartikel<\/li>\n<li>Feinstrumpfhosen<\/li>\n<li>Feuerzeuge<\/li>\n<li>Gl\u00fchbirnen<\/li>\n<li>Knochen<\/li>\n<li>Kaugummi<\/li>\n<li>Staubsaugerbeutel<\/li>\n<li>Tapetenreste<\/li>\n<\/ul>\n<\/td>\n<td width=\"80\">\n<ul>\n<li>Elektronikger\u00e4te<\/li>\n<li>Wandfarbe<\/li>\n<li>Medikamente<\/li>\n<\/ul>\n<\/td>\n<td width=\"80\">M\u00fcllverbrennung zur Energiegewinnung<\/td>\n<\/tr>\n<tr>\n<td width=\"80\">Bioabfall<\/td>\n<td width=\"80\">\n<ul>\n<li>Obst- Gem\u00fcse- und Pflanzenreste<\/li>\n<li>Milchprodukte<\/li>\n<li>Brotreste<\/li>\n<li>Haare, Federn und Vogelsand<\/li>\n<\/ul>\n<\/td>\n<td width=\"80\">\n<ul>\n<li>Tierkot<\/li>\n<li>Kleintierstreu<\/li>\n<li>Verstorbene Haustiere<\/li>\n<li>tierische Produkte<\/li>\n<\/ul>\n<\/td>\n<td width=\"80\">Kompost, Biogas, Energie<\/td>\n<\/tr>\n<tr>\n<td width=\"80\">Papier, Pappe und Karton<\/td>\n<td width=\"80\">\n<ul>\n<li>Zeitungen, Zeitschriften, Prospekte<\/li>\n<li>Schachteln aus Papier, Pappe und Karton<\/li>\n<li>Lebensmittelkartons<\/li>\n<li>Brosch\u00fcren, B\u00fccher und Kataloge<\/li>\n<li>Briefumschl\u00e4ge, auch mit Sichtfenster<\/li>\n<li>Unbeschichtetes Geschenkpapier<\/li>\n<\/ul>\n<\/td>\n<td width=\"80\">\n<ul>\n<li>\u00a0Verbundverpackungen, bspw. Milcht\u00fcte<\/li>\n<li>Beschichtete Verpackungen, bspw. Backpapier<\/li>\n<li>Klebestreifen<\/li>\n<li>Verschmutzte Papiere<\/li>\n<li>Thermopapier<\/li>\n<\/ul>\n<\/td>\n<td width=\"80\">Papierrecycling<\/td>\n<\/tr>\n<\/tbody>\n<\/table>\n<\/div>\n<div class=\"su-box su-box-style-soft font-size: 40pt;\" id=\"Betonung\" style=\"border-color:#02379a;border-radius:3px\"><div class=\"su-box-title\" style=\"background-color:#356acd;color:#141313;border-top-left-radius:1px;border-top-right-radius:1px\">Die 'Problemf\u00e4lle'<\/div><div class=\"su-box-content su-u-clearfix su-u-trim\" style=\"border-bottom-left-radius:1px;border-bottom-right-radius:1px\">Ganz einfach k\u00f6nnte man meinen! Doch dabei gibt es einiges zu ber\u00fccksichtigen. H\u00e4tten Sie es gewusst?<\/p>\n<h4>Wohin mit alten Fotos?<\/h4>\n<p>Bei Fotopapier handelt es sich um Spezialpapier, das sich beim Papierrecycling nur schlecht aufl\u00f6st. Fotopapier wird deshalb als Restm\u00fcll entsorgt.<\/p>\n<h4>Wie wird Backpapier entsorgt?<\/h4>\n<p>Backpapier ist mit Silikon beschichtet und geh\u00f6rt deshalb ebenfalls nicht ins Altpapier, sondern in den Restm\u00fcll.<\/p>\n<h4>In welche Tonne kommen kaputte Trinkgl\u00e4ser?<\/h4>\n<p>Auch wenn das Altglas eine naheliegende Erkl\u00e4rung ist, kommen Trinkgl\u00e4ser in den Restm\u00fcll. Das Glas hat n\u00e4mlich einen h\u00f6heren Schmelzpunkt als der von Flaschen und entsprechend gesondert behandelt.<\/p>\n<h4>Wohin mit Elektroger\u00e4ten?<\/h4>\n<p>Elektroschrott geh\u00f6rt in keine Tonne, tats\u00e4chlich ist das Wegwerfen verboten! Denn giftige Substanzen sollten isoliert und wertvollen Rohstoffen wie Gold, seltene Erden und Kupfer aufbereitet werden. Jeder Fachh\u00e4ndler und Wertstoffhof nimmt den Elektroschrott an.<\/div><\/div>\n<div class=\"su-spacer\" style=\"height:20px\"><\/div>\n<h2>Regionale Unterschiede bei der M\u00fclltrennung<\/h2>\n<div class=\"su-spacer\" style=\"height:20px\"><\/div>\n<p>Der durchschnittliche Verbraucher trennt seinen M\u00fcll in die bereitgestellten Tonnen. Allerdings gibt es hier zus\u00e4tzlich noch regionale Unterschiede. Insbesondere bei Kunststoffverpackungen und Metallen herrschen gro\u00dfe Unterschiede<br \/>\nUm sicher zu gehen, welche Regelung nun zutreffen, sollte man sich auf jeden Fall bei der zust\u00e4ndigen Gemeinde informieren. Die Stadt-Wien bietet auch ein <a href=\"https:\/\/www.wien.gv.at\/umwelt\/ma48\/beratung\/muelltrennung\/mistabc.html\" target=\"_blank\" rel=\"noopener\">Mist-ABC<\/a><\/p>\n<div class=\"su-spacer\" style=\"height:20px\"><\/div>\n<h2>M\u00fclltrennung wirkt!<\/h2>\n<div class=\"su-spacer\" style=\"height:20px\"><\/div>\n<p>Verpackungen k\u00f6nnen nur dann recycelt werden, wenn sie richtig sortiert sind \u2013 je sortenreiner, desto besser. Dabei ist die Fehlerquote aktuell noch sehr hoch, gerade dann, wenn es um die Trennung von Restm\u00fcll und Wertstoffen geht. Bei der Weiterverarbeitung gibt es zwar Sortiermaschinen, diese funktionieren aber bei weitem nicht so gut, wie die Trennung des Haushaltsm\u00fclls zuhause.<br \/>\nDie saubere Trennung des Hausm\u00fclls hilft Ressourcen zu schonen und denn Abfalls als Rohstoff f\u00fcr die Weiterverarbeitung, das Recycling zu sehen. Aber trotz M\u00fclltrennung und Recycling sollte der Fokus auf der M\u00fcllvermeidung liegen. Denn Abfall, der nicht anf\u00e4llt, ist der einfachste Weg, die\u00a0<strong><a href=\"https:\/\/www.rajapack.at\/umwelt\" target=\"_blank\" rel=\"noopener\">Umwelt zu schonen<\/a><\/strong>.<\/p>\n","protected":false},"excerpt":{"rendered":"<p>Eine der wohl h\u00e4ufigsten Fragen bei der M\u00fclltrennung ist: Was geh\u00f6rt in welche Tonne? Ob rote, wei\u00dfe, gelbe, gr\u00fcne oder braune Tonne \u2013 in \u00d6sterreich hat jedes St\u00fcckchen M\u00fcll seinen [&#8230;]<\/p>\n","protected":false},"author":22,"featured_media":25850,"comment_status":"open","ping_status":"closed","sticky":false,"template":"","format":"standard","meta":{"_acf_changed":false,"footnotes":""},"categories":[20],"tags":[755,16,776],"class_list":["post-17718","post","type-post","status-publish","format-standard","has-post-thumbnail","hentry","category-know-how","tag-abfallmanagement","tag-nachhaltigkeit","tag-schuetzen"],"acf":[],"yoast_head":"\n<title>M\u00fclltrennung \u2013 was geh\u00f6rt in welche Tonne?<\/title>\n<meta name=\"description\" content=\"M\u00fclltrennung und Recycling sind in Europa ein fester Bestandteil des Alltags. Doch wissen Sie, wie der Abfall richtig getrennt wird?\" \/>\n<meta name=\"robots\" content=\"index, follow, max-snippet:-1, max-image-preview:large, max-video-preview:-1\" \/>\n<link rel=\"canonical\" href=\"https:\/\/www.rajapack.at\/verpackungsnews\/muelltrennung-was-in-welche-tonne\" \/>\n<meta property=\"og:locale\" content=\"de_AT\" \/>\n<meta property=\"og:type\" content=\"article\" \/>\n<meta property=\"og:title\" content=\"M\u00fclltrennung \u2013 was geh\u00f6rt in welche Tonne?\" \/>\n<meta property=\"og:description\" content=\"M\u00fclltrennung und Recycling sind in Europa ein fester Bestandteil des Alltags. Doch wissen Sie, wie der Abfall richtig getrennt wird?\" \/>\n<meta property=\"og:url\" content=\"https:\/\/www.rajapack.at\/verpackungsnews\/muelltrennung-was-in-welche-tonne\" \/>\n<meta property=\"og:site_name\" content=\"RAJAPACK Blog AT\" \/>\n<meta property=\"article:published_time\" content=\"2026-01-12T10:23:41+00:00\" \/>\n<meta property=\"article:modified_time\" content=\"2026-01-19T10:10:16+00:00\" \/>\n<meta property=\"og:image\" content=\"https:\/\/www.rajapack.at\/verpackungsnews\/wp-content\/uploads\/2019\/09\/Blogtitel.jpg\" \/>\n\t<meta property=\"og:image:width\" content=\"810\" \/>\n\t<meta property=\"og:image:height\" content=\"420\" \/>\n\t<meta property=\"og:image:type\" content=\"image\/jpeg\" \/>\n<meta name=\"author\" content=\"RAJAPACK AT\" \/>\n<meta name=\"twitter:card\" content=\"summary_large_image\" \/>\n<meta name=\"twitter:label1\" content=\"Verfasst von\" \/>\n\t<meta name=\"twitter:data1\" content=\"RAJAPACK AT\" \/>\n\t<meta name=\"twitter:label2\" content=\"Gesch\u00e4tzte Lesezeit\" \/>\n\t<meta name=\"twitter:data2\" content=\"4 Minuten\" \/>\n<script type=\"application\/ld+json\" class=\"yoast-schema-graph\">{\n\t    \"@context\": \"https:\/\/schema.org\",\n\t    \"@graph\": [\n\t        {\n\t            \"@type\": \"Article\",\n\t            \"@id\": \"https:\/\/www.rajapack.at\/verpackungsnews\/muelltrennung-was-in-welche-tonne#article\",\n\t            \"isPartOf\": {\n\t                \"@id\": \"https:\/\/www.rajapack.at\/verpackungsnews\/muelltrennung-was-in-welche-tonne\"\n\t            },\n\t            \"author\": {\n\t                \"name\": \"RAJAPACK AT\",\n\t                \"@id\": \"https:\/\/www.rajapack.at\/verpackungsnews\/#\/schema\/person\/df6dc3629cb737ad2c3253a2901a8034\"\n\t            },\n\t            \"headline\": \"M\u00fclltrennung \u2013 was geh\u00f6rt in welche Tonne?\",\n\t            \"datePublished\": \"2026-01-12T10:23:41+00:00\",\n\t            \"dateModified\": \"2026-01-19T10:10:16+00:00\",\n\t            \"mainEntityOfPage\": {\n\t                \"@id\": \"https:\/\/www.rajapack.at\/verpackungsnews\/muelltrennung-was-in-welche-tonne\"\n\t            },\n\t            \"wordCount\": 756,\n\t            \"commentCount\": 0,\n\t            \"publisher\": {\n\t                \"@id\": \"https:\/\/www.rajapack.at\/verpackungsnews\/#organization\"\n\t            },\n\t            \"image\": {\n\t                \"@id\": \"https:\/\/www.rajapack.at\/verpackungsnews\/muelltrennung-was-in-welche-tonne#primaryimage\"\n\t            },\n\t            \"thumbnailUrl\": \"https:\/\/www.rajapack.at\/verpackungsnews\/wp-content\/uploads\/2019\/09\/Blogtitel.jpg\",\n\t            \"keywords\": [\n\t                \"Abfallmanagement\",\n\t                \"Nachhaltigkeit\",\n\t                \"sch\u00fctzen\"\n\t            ],\n\t            \"articleSection\": [\n\t                \"Know How\"\n\t            ],\n\t            \"inLanguage\": \"de-AT\",\n\t            \"potentialAction\": [\n\t                {\n\t                    \"@type\": \"CommentAction\",\n\t                    \"name\": \"Comment\",\n\t                    \"target\": [\n\t                        \"https:\/\/www.rajapack.at\/verpackungsnews\/muelltrennung-was-in-welche-tonne#respond\"\n\t                    ]\n\t                }\n\t            ]\n\t        },\n\t        {\n\t            \"@type\": \"WebPage\",\n\t            \"@id\": \"https:\/\/www.rajapack.at\/verpackungsnews\/muelltrennung-was-in-welche-tonne\",\n\t            \"url\": \"https:\/\/www.rajapack.at\/verpackungsnews\/muelltrennung-was-in-welche-tonne\",\n\t            \"name\": \"M\u00fclltrennung \u2013 was geh\u00f6rt in welche Tonne?\",\n\t            \"isPartOf\": {\n\t                \"@id\": \"https:\/\/www.rajapack.at\/verpackungsnews\/#website\"\n\t            },\n\t            \"primaryImageOfPage\": {\n\t                \"@id\": \"https:\/\/www.rajapack.at\/verpackungsnews\/muelltrennung-was-in-welche-tonne#primaryimage\"\n\t            },\n\t            \"image\": {\n\t                \"@id\": \"https:\/\/www.rajapack.at\/verpackungsnews\/muelltrennung-was-in-welche-tonne#primaryimage\"\n\t            },\n\t            \"thumbnailUrl\": \"https:\/\/www.rajapack.at\/verpackungsnews\/wp-content\/uploads\/2019\/09\/Blogtitel.jpg\",\n\t            \"datePublished\": \"2026-01-12T10:23:41+00:00\",\n\t            \"dateModified\": \"2026-01-19T10:10:16+00:00\",\n\t            \"description\": \"M\u00fclltrennung und Recycling sind in Europa ein fester Bestandteil des Alltags. Doch wissen Sie, wie der Abfall richtig getrennt wird?\",\n\t            \"inLanguage\": \"de-AT\",\n\t            \"potentialAction\": [\n\t                {\n\t                    \"@type\": \"ReadAction\",\n\t                    \"target\": [\n\t                        \"https:\/\/www.rajapack.at\/verpackungsnews\/muelltrennung-was-in-welche-tonne\"\n\t                    ]\n\t                }\n\t            ]\n\t        },\n\t        {\n\t            \"@type\": \"ImageObject\",\n\t            \"inLanguage\": \"de-AT\",\n\t            \"@id\": \"https:\/\/www.rajapack.at\/verpackungsnews\/muelltrennung-was-in-welche-tonne#primaryimage\",\n\t            \"url\": \"https:\/\/www.rajapack.at\/verpackungsnews\/wp-content\/uploads\/2019\/09\/Blogtitel.jpg\",\n\t            \"contentUrl\": \"https:\/\/www.rajapack.at\/verpackungsnews\/wp-content\/uploads\/2019\/09\/Blogtitel.jpg\",\n\t            \"width\": 810,\n\t            \"height\": 420,\n\t            \"caption\": \"M\u00fclltrennung\"\n\t        },\n\t        {\n\t            \"@type\": \"WebSite\",\n\t            \"@id\": \"https:\/\/www.rajapack.at\/verpackungsnews\/#website\",\n\t            \"url\": \"https:\/\/www.rajapack.at\/verpackungsnews\/\",\n\t            \"name\": \"RAJAPACK Blog AT\",\n\t            \"description\": \"Verpackungsnews vom Experten\",\n\t            \"publisher\": {\n\t                \"@id\": \"https:\/\/www.rajapack.at\/verpackungsnews\/#organization\"\n\t            },\n\t            \"potentialAction\": [\n\t                {\n\t                    \"@type\": \"SearchAction\",\n\t                    \"target\": {\n\t                        \"@type\": \"EntryPoint\",\n\t                        \"urlTemplate\": \"https:\/\/www.rajapack.at\/verpackungsnews\/?s={search_term_string}\"\n\t                    },\n\t                    \"query-input\": {\n\t                        \"@type\": \"PropertyValueSpecification\",\n\t                        \"valueRequired\": true,\n\t                        \"valueName\": \"search_term_string\"\n\t                    }\n\t                }\n\t            ],\n\t            \"inLanguage\": \"de-AT\"\n\t        },\n\t        {\n\t            \"@type\": \"Organization\",\n\t            \"@id\": \"https:\/\/www.rajapack.at\/verpackungsnews\/#organization\",\n\t            \"name\": \"RAJAPACK Blog AT\",\n\t            \"url\": \"https:\/\/www.rajapack.at\/verpackungsnews\/\",\n\t            \"logo\": {\n\t                \"@type\": \"ImageObject\",\n\t                \"inLanguage\": \"de-AT\",\n\t                \"@id\": \"https:\/\/www.rajapack.at\/verpackungsnews\/#\/schema\/logo\/image\/\",\n\t                \"url\": \"https:\/\/www.rajapack.at\/verpackungsnews\/wp-content\/uploads\/2021\/11\/LOGO-RAJA-800x243-1.jpg\",\n\t                \"contentUrl\": \"https:\/\/www.rajapack.at\/verpackungsnews\/wp-content\/uploads\/2021\/11\/LOGO-RAJA-800x243-1.jpg\",\n\t                \"width\": 800,\n\t                \"height\": 243,\n\t                \"caption\": \"RAJAPACK Blog AT\"\n\t            },\n\t            \"image\": {\n\t                \"@id\": \"https:\/\/www.rajapack.at\/verpackungsnews\/#\/schema\/logo\/image\/\"\n\t            },\n\t            \"sameAs\": [\n\t                \"https:\/\/de.linkedin.com\/company\/rajapack-gmbh\"\n\t            ]\n\t        },\n\t        {\n\t            \"@type\": \"Person\",\n\t            \"@id\": \"https:\/\/www.rajapack.at\/verpackungsnews\/#\/schema\/person\/df6dc3629cb737ad2c3253a2901a8034\",\n\t            \"name\": \"RAJAPACK AT\",\n\t            \"image\": {\n\t                \"@type\": \"ImageObject\",\n\t                \"inLanguage\": \"de-AT\",\n\t                \"@id\": \"https:\/\/www.rajapack.at\/verpackungsnews\/#\/schema\/person\/image\/\",\n\t                \"url\": \"https:\/\/secure.gravatar.com\/avatar\/4c95834f3b6420b1fbe980903e066e22?s=96&d=mm&r=g\",\n\t                \"contentUrl\": \"https:\/\/secure.gravatar.com\/avatar\/4c95834f3b6420b1fbe980903e066e22?s=96&d=mm&r=g\",\n\t                \"caption\": \"RAJAPACK AT\"\n\t            }\n\t        }\n\t    ]\n\t}<\/script>\n","yoast_head_json":{"title":"M\u00fclltrennung \u2013 was geh\u00f6rt in welche Tonne?","description":"M\u00fclltrennung und Recycling sind in Europa ein fester Bestandteil des Alltags. Doch wissen Sie, wie der Abfall richtig getrennt wird?","robots":{"index":"index","follow":"follow","max-snippet":"max-snippet:-1","max-image-preview":"max-image-preview:large","max-video-preview":"max-video-preview:-1"},"canonical":"https:\/\/www.rajapack.at\/verpackungsnews\/muelltrennung-was-in-welche-tonne","og_locale":"de_AT","og_type":"article","og_title":"M\u00fclltrennung \u2013 was geh\u00f6rt in welche Tonne?","og_description":"M\u00fclltrennung und Recycling sind in Europa ein fester Bestandteil des Alltags. Doch wissen Sie, wie der Abfall richtig getrennt wird?","og_url":"https:\/\/www.rajapack.at\/verpackungsnews\/muelltrennung-was-in-welche-tonne","og_site_name":"RAJAPACK Blog AT","article_published_time":"2026-01-12T10:23:41+00:00","article_modified_time":"2026-01-19T10:10:16+00:00","og_image":[{"width":810,"height":420,"url":"https:\/\/www.rajapack.at\/verpackungsnews\/wp-content\/uploads\/2019\/09\/Blogtitel.jpg","type":"image\/jpeg"}],"author":"RAJAPACK AT","twitter_card":"summary_large_image","twitter_misc":{"Verfasst von":"RAJAPACK AT","Gesch\u00e4tzte Lesezeit":"4 Minuten"},"schema":{"@context":"https:\/\/schema.org","@graph":[{"@type":"Article","@id":"https:\/\/www.rajapack.at\/verpackungsnews\/muelltrennung-was-in-welche-tonne#article","isPartOf":{"@id":"https:\/\/www.rajapack.at\/verpackungsnews\/muelltrennung-was-in-welche-tonne"},"author":{"name":"RAJAPACK AT","@id":"https:\/\/www.rajapack.at\/verpackungsnews\/#\/schema\/person\/df6dc3629cb737ad2c3253a2901a8034"},"headline":"M\u00fclltrennung \u2013 was geh\u00f6rt in welche Tonne?","datePublished":"2026-01-12T10:23:41+00:00","dateModified":"2026-01-19T10:10:16+00:00","mainEntityOfPage":{"@id":"https:\/\/www.rajapack.at\/verpackungsnews\/muelltrennung-was-in-welche-tonne"},"wordCount":756,"commentCount":0,"publisher":{"@id":"https:\/\/www.rajapack.at\/verpackungsnews\/#organization"},"image":{"@id":"https:\/\/www.rajapack.at\/verpackungsnews\/muelltrennung-was-in-welche-tonne#primaryimage"},"thumbnailUrl":"https:\/\/www.rajapack.at\/verpackungsnews\/wp-content\/uploads\/2019\/09\/Blogtitel.jpg","keywords":["Abfallmanagement","Nachhaltigkeit","sch\u00fctzen"],"articleSection":["Know How"],"inLanguage":"de-AT","potentialAction":[{"@type":"CommentAction","name":"Comment","target":["https:\/\/www.rajapack.at\/verpackungsnews\/muelltrennung-was-in-welche-tonne#respond"]}]},{"@type":"WebPage","@id":"https:\/\/www.rajapack.at\/verpackungsnews\/muelltrennung-was-in-welche-tonne","url":"https:\/\/www.rajapack.at\/verpackungsnews\/muelltrennung-was-in-welche-tonne","name":"M\u00fclltrennung \u2013 was geh\u00f6rt in welche Tonne?","isPartOf":{"@id":"https:\/\/www.rajapack.at\/verpackungsnews\/#website"},"primaryImageOfPage":{"@id":"https:\/\/www.rajapack.at\/verpackungsnews\/muelltrennung-was-in-welche-tonne#primaryimage"},"image":{"@id":"https:\/\/www.rajapack.at\/verpackungsnews\/muelltrennung-was-in-welche-tonne#primaryimage"},"thumbnailUrl":"https:\/\/www.rajapack.at\/verpackungsnews\/wp-content\/uploads\/2019\/09\/Blogtitel.jpg","datePublished":"2026-01-12T10:23:41+00:00","dateModified":"2026-01-19T10:10:16+00:00","description":"M\u00fclltrennung und Recycling sind in Europa ein fester Bestandteil des Alltags. Doch wissen Sie, wie der Abfall richtig getrennt wird?","inLanguage":"de-AT","potentialAction":[{"@type":"ReadAction","target":["https:\/\/www.rajapack.at\/verpackungsnews\/muelltrennung-was-in-welche-tonne"]}]},{"@type":"ImageObject","inLanguage":"de-AT","@id":"https:\/\/www.rajapack.at\/verpackungsnews\/muelltrennung-was-in-welche-tonne#primaryimage","url":"https:\/\/www.rajapack.at\/verpackungsnews\/wp-content\/uploads\/2019\/09\/Blogtitel.jpg","contentUrl":"https:\/\/www.rajapack.at\/verpackungsnews\/wp-content\/uploads\/2019\/09\/Blogtitel.jpg","width":810,"height":420,"caption":"M\u00fclltrennung"},{"@type":"WebSite","@id":"https:\/\/www.rajapack.at\/verpackungsnews\/#website","url":"https:\/\/www.rajapack.at\/verpackungsnews\/","name":"RAJAPACK Blog AT","description":"Verpackungsnews vom Experten","publisher":{"@id":"https:\/\/www.rajapack.at\/verpackungsnews\/#organization"},"potentialAction":[{"@type":"SearchAction","target":{"@type":"EntryPoint","urlTemplate":"https:\/\/www.rajapack.at\/verpackungsnews\/?s={search_term_string}"},"query-input":{"@type":"PropertyValueSpecification","valueRequired":true,"valueName":"search_term_string"}}],"inLanguage":"de-AT"},{"@type":"Organization","@id":"https:\/\/www.rajapack.at\/verpackungsnews\/#organization","name":"RAJAPACK Blog AT","url":"https:\/\/www.rajapack.at\/verpackungsnews\/","logo":{"@type":"ImageObject","inLanguage":"de-AT","@id":"https:\/\/www.rajapack.at\/verpackungsnews\/#\/schema\/logo\/image\/","url":"https:\/\/www.rajapack.at\/verpackungsnews\/wp-content\/uploads\/2021\/11\/LOGO-RAJA-800x243-1.jpg","contentUrl":"https:\/\/www.rajapack.at\/verpackungsnews\/wp-content\/uploads\/2021\/11\/LOGO-RAJA-800x243-1.jpg","width":800,"height":243,"caption":"RAJAPACK Blog AT"},"image":{"@id":"https:\/\/www.rajapack.at\/verpackungsnews\/#\/schema\/logo\/image\/"},"sameAs":["https:\/\/de.linkedin.com\/company\/rajapack-gmbh"]},{"@type":"Person","@id":"https:\/\/www.rajapack.at\/verpackungsnews\/#\/schema\/person\/df6dc3629cb737ad2c3253a2901a8034","name":"RAJAPACK AT","image":{"@type":"ImageObject","inLanguage":"de-AT","@id":"https:\/\/www.rajapack.at\/verpackungsnews\/#\/schema\/person\/image\/","url":"https:\/\/secure.gravatar.com\/avatar\/4c95834f3b6420b1fbe980903e066e22?s=96&d=mm&r=g","contentUrl":"https:\/\/secure.gravatar.com\/avatar\/4c95834f3b6420b1fbe980903e066e22?s=96&d=mm&r=g","caption":"RAJAPACK AT"}}]}},"_links":{"self":[{"href":"https:\/\/www.rajapack.at\/verpackungsnews\/wp-json\/wp\/v2\/posts\/17718","targetHints":{"allow":["GET"]}}],"collection":[{"href":"https:\/\/www.rajapack.at\/verpackungsnews\/wp-json\/wp\/v2\/posts"}],"about":[{"href":"https:\/\/www.rajapack.at\/verpackungsnews\/wp-json\/wp\/v2\/types\/post"}],"author":[{"embeddable":true,"href":"https:\/\/www.rajapack.at\/verpackungsnews\/wp-json\/wp\/v2\/users\/22"}],"replies":[{"embeddable":true,"href":"https:\/\/www.rajapack.at\/verpackungsnews\/wp-json\/wp\/v2\/comments?post=17718"}],"version-history":[{"count":6,"href":"https:\/\/www.rajapack.at\/verpackungsnews\/wp-json\/wp\/v2\/posts\/17718\/revisions"}],"predecessor-version":[{"id":29979,"href":"https:\/\/www.rajapack.at\/verpackungsnews\/wp-json\/wp\/v2\/posts\/17718\/revisions\/29979"}],"wp:featuredmedia":[{"embeddable":true,"href":"https:\/\/www.rajapack.at\/verpackungsnews\/wp-json\/wp\/v2\/media\/25850"}],"wp:attachment":[{"href":"https:\/\/www.rajapack.at\/verpackungsnews\/wp-json\/wp\/v2\/media?parent=17718"}],"wp:term":[{"taxonomy":"category","embeddable":true,"href":"https:\/\/www.rajapack.at\/verpackungsnews\/wp-json\/wp\/v2\/categories?post=17718"},{"taxonomy":"post_tag","embeddable":true,"href":"https:\/\/www.rajapack.at\/verpackungsnews\/wp-json\/wp\/v2\/tags?post=17718"}],"curies":[{"name":"wp","href":"https:\/\/api.w.org\/{rel}","templated":true}]}}