{"id":24541,"date":"2024-04-08T12:14:36","date_gmt":"2024-04-08T10:14:36","guid":{"rendered":"https:\/\/blog-staging-de.raja-group.com\/?p=24541"},"modified":"2025-08-20T13:39:47","modified_gmt":"2025-08-20T11:39:47","slug":"karton-laenge-breite-hoehe","status":"publish","type":"post","link":"https:\/\/www.rajapack.at\/verpackungsnews\/karton-laenge-breite-hoehe","title":{"rendered":"L\u00e4nge &#8211; Breite &#8211; H\u00f6he : Karton nach Ma\u00df in der richtigen Kartonqualit\u00e4t finden"},"content":{"rendered":"<h5 align=\"justify\">Bei der Suche nach einem passenden Karton f\u00fcr den Versand von Waren kommt es im Wesentlichen auf zwei Faktoren an: Die richtigen Kartonma\u00dfe und die richtige Kartonqualit\u00e4t, also die Kartonst\u00e4rke. Wie stark der Karton sein muss, h\u00e4ngt von einigen Faktoren ab: Wie schwer ist Ihr Produkt? Wie empfindlich ist es? Und wie lange bzw. wie \u201erau\u201c ist der Transport- oder Versandweg? Ist der Karton zu gro\u00df, wird das Produkt eventuell besch\u00e4digt oder die Portokosten steigen. Ist der Karton zu klein, passt der zu versendende Artikel erst gar nicht hinein. Ein Karton nach Ma\u00df kann hier die richtige Option sein. Doch wie finden Sie die richtigen Kartonma\u00dfe? Und was bedeuten L\u00e4nge, Breite und H\u00f6he eigentlich bei Kartons und Verpackungen? Und wie genau finden Sie die passende Kartonqualit\u00e4t?<\/h5>\r\n<div class=\"su-divider su-divider-style-default\" style=\"margin:15px 0;border-width:3px;border-color:#999999\"><\/div><div class=\"su-spacer\" style=\"height:20px\"><\/div> <div class=\"su-button-center\"><a href=\"\/kartons-schachteln-container_C10.html\" class=\"su-button su-button-style-default\" style=\"color:#FFFFFF;background-color:#276EF1;border-color:#2058c1;border-radius:34px\" target=\"_blank\" rel=\"noopener noreferrer\"><span style=\"color:#FFFFFF;padding:6px 18px;font-size:14px;line-height:21px;border-color:#689af6;border-radius:34px;text-shadow:none\"><i class=\"sui sui-shopping-cart\" style=\"font-size:14px;color:#fffff\"><\/i> Sie ben\u00f6tigen Kartons? Hier geht&#8217;s zum Webshop!<\/span><\/a><\/div><div class=\"su-spacer\" style=\"height:30px\"><\/div> <div class=\"su-divider su-divider-style-default\" style=\"margin:15px 0;border-width:3px;border-color:#999999\"><\/div><div class=\"su-spacer\" style=\"height:20px\"><\/div>\r\n<div id=\"ez-toc-container\" class=\"ez-toc-v2_0_73 counter-hierarchy ez-toc-counter ez-toc-grey ez-toc-container-direction\">\n<div class=\"ez-toc-title-container\">\n<p class=\"ez-toc-title\" style=\"cursor:inherit\">Direkt zu diesen Themen:<\/p>\n<span class=\"ez-toc-title-toggle\"><a href=\"#\" class=\"ez-toc-pull-right ez-toc-btn ez-toc-btn-xs ez-toc-btn-default ez-toc-toggle\" aria-label=\"Toggle Table of Content\"><span class=\"ez-toc-js-icon-con\"><span class=\"\"><span class=\"eztoc-hide\" style=\"display:none;\">Toggle<\/span><span class=\"ez-toc-icon-toggle-span\"><svg style=\"fill: #999;color:#999\" xmlns=\"http:\/\/www.w3.org\/2000\/svg\" class=\"list-377408\" width=\"20px\" height=\"20px\" viewBox=\"0 0 24 24\" fill=\"none\"><path d=\"M6 6H4v2h2V6zm14 0H8v2h12V6zM4 11h2v2H4v-2zm16 0H8v2h12v-2zM4 16h2v2H4v-2zm16 0H8v2h12v-2z\" fill=\"currentColor\"><\/path><\/svg><svg style=\"fill: #999;color:#999\" class=\"arrow-unsorted-368013\" xmlns=\"http:\/\/www.w3.org\/2000\/svg\" width=\"10px\" height=\"10px\" viewBox=\"0 0 24 24\" version=\"1.2\" baseProfile=\"tiny\"><path d=\"M18.2 9.3l-6.2-6.3-6.2 6.3c-.2.2-.3.4-.3.7s.1.5.3.7c.2.2.4.3.7.3h11c.3 0 .5-.1.7-.3.2-.2.3-.5.3-.7s-.1-.5-.3-.7zM5.8 14.7l6.2 6.3 6.2-6.3c.2-.2.3-.5.3-.7s-.1-.5-.3-.7c-.2-.2-.4-.3-.7-.3h-11c-.3 0-.5.1-.7.3-.2.2-.3.5-.3.7s.1.5.3.7z\"\/><\/svg><\/span><\/span><\/span><\/a><\/span><\/div>\n<nav><ul class='ez-toc-list ez-toc-list-level-1 ' ><li class='ez-toc-page-1 ez-toc-heading-level-2'><a class=\"ez-toc-link ez-toc-heading-1\" href=\"https:\/\/www.rajapack.at\/verpackungsnews\/karton-laenge-breite-hoehe\/#Die_richtige_Kartonqualitaet\" title=\"Die richtige Kartonqualit\u00e4t\">Die richtige Kartonqualit\u00e4t<\/a><ul class='ez-toc-list-level-3' ><li class='ez-toc-heading-level-3'><a class=\"ez-toc-link ez-toc-heading-2\" href=\"https:\/\/www.rajapack.at\/verpackungsnews\/karton-laenge-breite-hoehe\/#Wann_sollte_man_einlagigen_Wellpappe-Karton_verwenden_Die_richtige_Kartonqualitaet_fuer_%E2%80%9Eunkomplizierte%E2%80%9C_Produkte\" title=\"Wann sollte man einlagigen Wellpappe-Karton verwenden? Die richtige Kartonqualit\u00e4t f\u00fcr &#8222;unkomplizierte&#8220; Produkte\">Wann sollte man einlagigen Wellpappe-Karton verwenden? Die richtige Kartonqualit\u00e4t f\u00fcr &#8222;unkomplizierte&#8220; Produkte<\/a><\/li><li class='ez-toc-page-1 ez-toc-heading-level-3'><a class=\"ez-toc-link ez-toc-heading-3\" href=\"https:\/\/www.rajapack.at\/verpackungsnews\/karton-laenge-breite-hoehe\/#Wann_sollte_man_zweiwellige_Wellpappe_verwenden_Die_%E2%80%9Edoppelte%E2%80%9C_Kartonqualitaet\" title=\"Wann sollte man zweiwellige Wellpappe verwenden? Die &#8222;doppelte&#8220; Kartonqualit\u00e4t\">Wann sollte man zweiwellige Wellpappe verwenden? Die &#8222;doppelte&#8220; Kartonqualit\u00e4t<\/a><\/li><li class='ez-toc-page-1 ez-toc-heading-level-3'><a class=\"ez-toc-link ez-toc-heading-4\" href=\"https:\/\/www.rajapack.at\/verpackungsnews\/karton-laenge-breite-hoehe\/#Wann_sollte_man_Kartons_in_der_Kartonqualitaet_%E2%80%9Edreiwellige_Wellpappe%E2%80%9C_verwenden\" title=\"Wann sollte man Kartons in der Kartonqualit\u00e4t &#8222;dreiwellige Wellpappe&#8220; verwenden?\">Wann sollte man Kartons in der Kartonqualit\u00e4t &#8222;dreiwellige Wellpappe&#8220; verwenden?<\/a><\/li><\/ul><\/li><li class='ez-toc-page-1 ez-toc-heading-level-2'><a class=\"ez-toc-link ez-toc-heading-5\" href=\"https:\/\/www.rajapack.at\/verpackungsnews\/karton-laenge-breite-hoehe\/#Welche_Rolle_spielt_die_Art_der_Welle_fuer_die_Kartonqualitaet\" title=\"Welche Rolle spielt die Art der Welle f\u00fcr die Kartonqualit\u00e4t?\">Welche Rolle spielt die Art der Welle f\u00fcr die Kartonqualit\u00e4t?<\/a><\/li><li class='ez-toc-page-1 ez-toc-heading-level-2'><a class=\"ez-toc-link ez-toc-heading-6\" href=\"https:\/\/www.rajapack.at\/verpackungsnews\/karton-laenge-breite-hoehe\/#Welche_Faktoren_bestimmen_die_Wahl_der_richtigen_Verpackung\" title=\"Welche Faktoren bestimmen die Wahl der richtigen Verpackung?\">Welche Faktoren bestimmen die Wahl der richtigen Verpackung?<\/a><\/li><li class='ez-toc-page-1 ez-toc-heading-level-2'><a class=\"ez-toc-link ez-toc-heading-7\" href=\"https:\/\/www.rajapack.at\/verpackungsnews\/karton-laenge-breite-hoehe\/#Standardisierte_Massangaben_fuer_Verpackungen\" title=\"Standardisierte Ma\u00dfangaben f\u00fcr Verpackungen\">Standardisierte Ma\u00dfangaben f\u00fcr Verpackungen<\/a><\/li><li class='ez-toc-page-1 ez-toc-heading-level-2'><a class=\"ez-toc-link ez-toc-heading-8\" href=\"https:\/\/www.rajapack.at\/verpackungsnews\/karton-laenge-breite-hoehe\/#Innenmass_oder_Aussenmass\" title=\"Innenma\u00df oder Au\u00dfenma\u00df?\">Innenma\u00df oder Au\u00dfenma\u00df?<\/a><\/li><li class='ez-toc-page-1 ez-toc-heading-level-2'><a class=\"ez-toc-link ez-toc-heading-9\" href=\"https:\/\/www.rajapack.at\/verpackungsnews\/karton-laenge-breite-hoehe\/#Innenmass_wichtig_fuer_den_Kartoninhalt\" title=\"Innenma\u00df wichtig f\u00fcr den Kartoninhalt\">Innenma\u00df wichtig f\u00fcr den Kartoninhalt<\/a><\/li><li class='ez-toc-page-1 ez-toc-heading-level-2'><a class=\"ez-toc-link ez-toc-heading-10\" href=\"https:\/\/www.rajapack.at\/verpackungsnews\/karton-laenge-breite-hoehe\/#Aussenmass_relevant_bei_der_Lagerung\" title=\"Au\u00dfenma\u00df relevant bei der Lagerung\">Au\u00dfenma\u00df relevant bei der Lagerung<\/a><\/li><li class='ez-toc-page-1 ez-toc-heading-level-2'><a class=\"ez-toc-link ez-toc-heading-11\" href=\"https:\/\/www.rajapack.at\/verpackungsnews\/karton-laenge-breite-hoehe\/#Was_ist_dann_mit_Tiefe_bei_einem_Regalbrett_gemeint\" title=\"Was ist dann mit Tiefe bei einem Regalbrett gemeint?\">Was ist dann mit Tiefe bei einem Regalbrett gemeint?<\/a><\/li><li class='ez-toc-page-1 ez-toc-heading-level-2'><a class=\"ez-toc-link ez-toc-heading-12\" href=\"https:\/\/www.rajapack.at\/verpackungsnews\/karton-laenge-breite-hoehe\/#Karton_nach_Mass_finden\" title=\"Karton nach Ma\u00df finden\">Karton nach Ma\u00df finden<\/a><\/li><li class='ez-toc-page-1 ez-toc-heading-level-2'><a class=\"ez-toc-link ez-toc-heading-13\" href=\"https:\/\/www.rajapack.at\/verpackungsnews\/karton-laenge-breite-hoehe\/#Karton_nach_Mass_gestalten_Mit_RAJA\" title=\"Karton nach Mass gestalten: Mit RAJA\">Karton nach Mass gestalten: Mit RAJA<\/a><\/li><\/ul><\/nav><\/div>\n<h2><span class=\"ez-toc-section\" id=\"Die_richtige_Kartonqualitaet\"><\/span>Die richtige Kartonqualit\u00e4t<span class=\"ez-toc-section-end\"><\/span><\/h2>\r\n<div class=\"su-spacer\" style=\"height:20px\"><\/div> Karton ist ein Schl\u00fcsselmaterial f\u00fcr Logistikmanager. Robust, \u00f6kologisch, recycelbar, leicht und vielseitig &#8211; all diese positiven Eigenschaften vereint es zu einem sehr erschwinglichen Preis. Zudem nimmt es sehr wenig Platz ein und kann flach gelagert werden, was in Lagern viel Platz spart. Karton scheint das ideale Verpackungsmaterial zu sein. Aber welche Kartonqualit\u00e4t bzw. welche Kartonst\u00e4rke (Wellpappe einlagig, zweilagig, dreilagig?) ist die richtige f\u00fcr welchen Anwendungsbereich? <div class=\"su-spacer\" style=\"height:20px\"><\/div>\r\n<h3><span class=\"ez-toc-section\" id=\"Wann_sollte_man_einlagigen_Wellpappe-Karton_verwenden_Die_richtige_Kartonqualitaet_fuer_%E2%80%9Eunkomplizierte%E2%80%9C_Produkte\"><\/span>Wann sollte man einlagigen Wellpappe-Karton verwenden? Die richtige Kartonqualit\u00e4t f\u00fcr &#8222;unkomplizierte&#8220; Produkte<span class=\"ez-toc-section-end\"><\/span><\/h3>\r\n<div class=\"su-spacer\" style=\"height:20px\"><\/div> Einlagige Wellpappe besteht &#8211; entgegen dem Begriff einlagig- aus drei Materialschichten: Einer flachen Papierschicht, einer gewellten Papierschicht und wieder einer flachen Papierschicht. Es ist m\u00f6glich, mehrere Schichten zu kombinieren: Je mehr Wellen vorhanden sind, desto dicker und widerstandsf\u00e4higer wird der <a href=\"\/kartons-schachteln-container_C10.html\" target=\"_blank\" rel=\"noopener\">Karton<\/a>. Dies nennt man Doppelwelle oder Dreifachwelle. Einlagige Wellpappe ist also die d\u00fcnnste Kartonqualit\u00e4t und eignet sich ideal zum Verpacken von leichten und sto\u00dffesten Produkten w\u00e4hrend des Versands und der Lagerung. Gerne wird einlagige Wellpappe verwendet, um Kleidung oder andere Textilien zu versenden. Diese Kartonqualit\u00e4t reicht in der Regel f\u00fcr kleine E-Commerce-Bestellungen mit Artikeln von vergleichsweise niedrigem Wert aus, die unter geringen Transportrisiken (Stra\u00dfenverkehr) geliefert werden. <strong>Aber: <\/strong>Einige Produkte ben\u00f6tigen besonderen Schutz w\u00e4hrend Transport oder Versand, auch wenn sie leicht und unempfindlich gegen St\u00f6\u00dfe sind: Pr\u00fcfen Sie, ob Ihre Produkte Feuchtigkeit oder extremen Temperaturen ausgesetzt sein k\u00f6nnten und pr\u00fcfen Sie, inwieweit ihre Produkte dadurch Schaden nehmen k\u00f6nnten. W\u00e4hlen Sie eine Kartonverpackung, die diesen spezifischen Bedingungen angepasst ist, wie zum Beispiel spezielle <a href=\"\/kartons-schachteln-container\/thermoverpackungen-gefahrgutversand\/thermoboxen-zubehoer_C103210.html\" target=\"_blank\" rel=\"noopener\">Thermoboxen<\/a> f\u00fcr den K\u00fchlversand. <div class=\"su-spacer\" style=\"height:30px\"><\/div> <div class=\"su-box su-box-style-default\" id=\"\" style=\"border-color:#3b79a8;border-radius:3px\"><div class=\"su-box-title\" style=\"background-color:#6eacdb;color:#FFFFFF;border-top-left-radius:1px;border-top-right-radius:1px\">Kann ein gutes Polstermaterial eine dickere Wellpappe ersetzen?<\/div><div class=\"su-box-content su-u-clearfix su-u-trim\" style=\"border-bottom-left-radius:1px;border-bottom-right-radius:1px\">Das Polstermaterial dient dazu, das Produkt in der Verpackung zu fixieren, F\u00fcllmaterial dazu, die Leerr\u00e4ume in den Paketen zu f\u00fcllen. In beiden F\u00e4llen geht es darum, die Belastung von innen zu begrenzen, und um verschiedene Artikel voneinander zu trennen, damit sie nicht aneinander reiben oder kollidieren. Die Wellpappe Ihrer Kartonverpackung erf\u00fcllt die Aufgabe, St\u00f6\u00dfe von au\u00dfen auf das Paket zu d\u00e4mpfen, um sowohl die Verpackung selbst als auch die darin platzierten Produkte vor Sch\u00e4den zu sch\u00fctzen. Der Schl\u00fcssel zu einer guten Verpackung liegt darin, das richtige Gleichgewicht zwischen diesen beiden Elementen zu finden: Die geeignete Wellpappe f\u00fcr den \u00e4u\u00dferen Schutz und das richtige Polstermaterial f\u00fcr den inneren Schutz \u2013 und das alles, ohne Ihr Produkt \u00fcberm\u00e4\u00dfig zu verpacken. <\/div><\/div> <div class=\"su-spacer\" style=\"height:30px\"><\/div>\r\n<h3><span class=\"ez-toc-section\" id=\"Wann_sollte_man_zweiwellige_Wellpappe_verwenden_Die_%E2%80%9Edoppelte%E2%80%9C_Kartonqualitaet\"><\/span>Wann sollte man zweiwellige Wellpappe verwenden? Die &#8222;doppelte&#8220; Kartonqualit\u00e4t<span class=\"ez-toc-section-end\"><\/span><\/h3>\r\n<div class=\"su-spacer\" style=\"height:20px\"><\/div> Doppellagige Wellpappe ist um 50% st\u00e4rker als einlagige Wellpappe und eignet sich daher ideal zum Schutz von zerbrechlichen Produkten oder Produkten, die f\u00fcr einlagige Wellpappe zu schwer sind. Zweiwellige Wellpappe kann bis zu 40 kg aushalten. Dank der h\u00f6heren Stabilit\u00e4t ist die doppellagige Wellpappe widerstandsf\u00e4higer gegen Feuchtigkeit und Temperaturschwankungen. Stark &#8211; aber dennoch leicht: Zweiwellige Kartons werden ebenfalls flach angeliefert und lassen sich platzsparend lagern, bis sie zum Einsatz kommen. Aufgebaut sind sie robust genug, um Ihre Produkte w\u00e4hrend der Lagerung \u00fcber einen mittellangen Zeitraum zu sch\u00fctzen. <div class=\"su-spacer\" style=\"height:20px\"><\/div> Zweilagige Wellpappe wird verwendet, um zum Beispiel B\u00fccher, Dekorationsgegenst\u00e4nde, kleine Haushaltsger\u00e4te, Geschirr usw. zu verpacken. F\u00fcr die empfindlichsten Produkte ist eine gute Polsterung notwendig, um den Schutz im Inneren der Verpackung zu maximieren. <div class=\"su-spacer\" style=\"height:20px\"><\/div> <div class=\"su-box su-box-style-default\" id=\"\" style=\"border-color:#3b79a8;border-radius:3px\"><div class=\"su-box-title\" style=\"background-color:#6eacdb;color:#FFFFFF;border-top-left-radius:1px;border-top-right-radius:1px\">Die Vorteile verst\u00e4rkter zweilagiger Wellpappe <\/div><div class=\"su-box-content su-u-clearfix su-u-trim\" style=\"border-bottom-left-radius:1px;border-bottom-right-radius:1px\">\r\n<ul>\r\n<li>Verst\u00e4rkte zweilagige Wellpappe ist um 50 % widerstandsf\u00e4higer als herk\u00f6mmliche doppelwandige Wellpappe.<\/li>\r\n<li>Sie ist 7 mm dick, enth\u00e4lt eine 3 mm starke D\u00e4mpfung gegen St\u00f6\u00dfe oder Durchstiche und verf\u00fcgt \u00fcber einen 4 mm starken Sto\u00dfd\u00e4mpfer, um den Inhalt der Box bei einem Aufprall zu sch\u00fctzen.<\/li>\r\n<li>Verst\u00e4rkte Wellpappe kann Lasten von bis zu 70 kg standhalten.<\/li>\r\n<li>Sie ist resistent gegen Aufplatzen, Feuchtigkeit, Temperaturschwankungen und Druck.<\/li>\r\n<li>Verst\u00e4rkte Wellpappe wird f\u00fcr den Export von halbschweren Lasten und f\u00fcr schwierige Transportbedingungen empfohlen.<\/div><\/div> <div class=\"su-spacer\" style=\"height:20px\"><\/div><\/li>\r\n<\/ul>\r\n<h3><span class=\"ez-toc-section\" id=\"Wann_sollte_man_Kartons_in_der_Kartonqualitaet_%E2%80%9Edreiwellige_Wellpappe%E2%80%9C_verwenden\"><\/span>Wann sollte man Kartons in der Kartonqualit\u00e4t &#8222;dreiwellige Wellpappe&#8220; verwenden?<span class=\"ez-toc-section-end\"><\/span><\/h3>\r\n<div class=\"su-spacer\" style=\"height:20px\"><\/div> Trotz seines geringen Gewichts ist dreiwellige Wellpappe um 30 % widerstandsf\u00e4higer als verst\u00e4rkte doppelwandige Wellpappe. Sie ist damit unsere st\u00e4rkste und stabilste Art von Karton. Mit einer Dicke von 14 mm enth\u00e4lt sie eine 4 mm starke D\u00e4mpfung gegen St\u00f6\u00dfe und Durchstiche. Sie verf\u00fcgt au\u00dferdem \u00fcber eine zus\u00e4tzliche Verst\u00e4rkung und einen 5 mm starken Sto\u00dfd\u00e4mpfer. Dadurch kann sie den Inhalt der Box bei einem Aufprall oder Schlag, beispielsweise durch eine Kollision oder den Fall aus gr\u00f6\u00dferer H\u00f6he sch\u00fctzen. Durch die au\u00dferordentliche Stabilit\u00e4t ist sie robust gegen Feuchtigkeit, Temperaturschwankungen und h\u00e4lt gro\u00dfem Druck bzw. gro\u00dfen Lasten stand: <div class=\"su-spacer\" style=\"height:20px\"><\/div> Dreiwellige Wellpappe ist mit bis zu 500 kg belastbar, was sie perfekt f\u00fcr palettierbare Kisten oder den Transport sehr schwerer Produkte (Haushaltsger\u00e4te, M\u00f6bel, etc.) macht. Sie wird auch f\u00fcr <a href=\"\/verpackungsnews\/die-klassischen-umzugskartons-sind-doch-die-besten\" target=\"_blank\" rel=\"noopener\">Umz\u00fcge<\/a> verwendet. Ihre dreifache Wanddicke sch\u00fctzt sehr zerbrechliche Objekte: elektronische Produkte, Kunstwerke, Flaschen, etc. Aufgrund ihrer Eigenschaften wird dreiwellige Wellpappe f\u00fcr schwierigen Transport, Export und Langzeitlagerung empfohlen. <div class=\"su-spacer\" style=\"height:20px\"><\/div> <div class=\"su-spacer\" style=\"height:20px\"><\/div>\r\n<h2><span class=\"ez-toc-section\" id=\"Welche_Rolle_spielt_die_Art_der_Welle_fuer_die_Kartonqualitaet\"><\/span>Welche Rolle spielt die Art der Welle f\u00fcr die Kartonqualit\u00e4t?<span class=\"ez-toc-section-end\"><\/span><\/h2>\r\n<div class=\"su-spacer\" style=\"height:20px\"><\/div> Kurze Antwort: Eine gro\u00dfe!\u00a0Auf der Seite des <a href=\"https:\/\/www.wellpappen-industrie.de\/\" target=\"_blank\" rel=\"noopener\">VDW<\/a> (Verband der Wellpappen-Industrie e.V.) gibt es dar\u00fcber sehr ausf\u00fchrliche Informationen: Die Welle kann in verschiedenen Dimensionen gefertigt werden. Um die Wellenart zu bestimmen, m\u00fcssen Wellenteilung (t) und Wellenh\u00f6he (h) gemessen werden: <div class=\"su-custom-gallery su-custom-gallery-align-left su-custom-gallery-title-never\"><div class=\"su-custom-gallery-slide\" style=\"width:430px;height:260px\"><a><img loading=\"lazy\" decoding=\"async\" src=\"https:\/\/www.rajapack.at\/verpackungsnews\/wp-content\/uploads\/2022\/06\/welle-Wellpappe-Img-430x260-1-430x260.gif\" alt=\"welle-Wellpappe-Img-430&#215;260\" width=\"430\" height=\"260\" \/><span class=\"su-custom-gallery-title\">welle-Wellpappe-Img-430&#215;260<\/span><\/a><\/div><div class=\"su-clear\"><\/div><\/div> <div class=\"su-spacer\" style=\"height:20px\"><\/div> Abh\u00e4ngig von den Werten f\u00fcr t und h wird dann in verschiedene Wellenarten unterschieden, zum Beispiel:<\/p>\r\n<ul>\r\n<li><a href=\"https:\/\/www.wellpappe-wissen.de\/wissen\/wellpappe\/bauprinzip\/a-welle.html\">A-Welle<\/a>\u00a0(Grobwelle, t: 7,9-10,0 mm, h: 4,0-5,0 mm)<\/li>\r\n<li><a href=\"https:\/\/www.wellpappe-wissen.de\/wissen\/wellpappe\/bauprinzip\/c-welle.html\">C-Welle<\/a>\u00a0(Mittelwelle, t: 6,5-7,9 mm, h: 3,1-4,0 mm)<\/li>\r\n<li><a href=\"https:\/\/www.wellpappe-wissen.de\/wissen\/wellpappe\/bauprinzip\/b-welle.html\">B-Welle<\/a>\u00a0(Feinwelle, t: 4,8-6,5 mm, h: 2,2-3,1 mm)<\/li>\r\n<li>D-Welle (Feinwelle, t: 3,5-4,8 mm, h: 1,9-2,2 mm)<\/li>\r\n<\/ul>\r\n<p>Mehr \u00fcber die Vor- und Nachteile der jeweiligen Wellenart bzw. Kartonqualit\u00e4t und den jeweiligen Verwendungszweck finden Sie auf der Homepage des VDW.<\/p>\r\n<h2><span class=\"ez-toc-section\" id=\"Welche_Faktoren_bestimmen_die_Wahl_der_richtigen_Verpackung\"><\/span>Welche Faktoren bestimmen die Wahl der richtigen Verpackung?<span class=\"ez-toc-section-end\"><\/span><\/h2>\r\n<div class=\"su-spacer\" style=\"height:20px\"><\/div>\r\n<ul>\r\n<li><strong>Die Gr\u00f6\u00dfe und das Volumen Ihrer Produkte:<\/strong> W\u00e4hlen Sie die richtige Gr\u00f6\u00dfe und das richtige Volumen, um Ihre Produkte mit der richtigen Menge Verpackung zu verpacken. Wenn Ihr Karton f\u00fcr Ihre Produkte zu gro\u00df ist, k\u00f6nnen sich die Produkte bewegen und werden besch\u00e4digt. Um das zu verhindern m\u00fcssen die Produkte durch Verwendung von mehr Polsterung fixiert werden. Dies macht Ihre Sendung unn\u00f6tig schwer, erh\u00f6ht die <a href=\"\/verpackungsnews\/porto-fuer-paeckchen\" target=\"_blank\" rel=\"noopener\">Portokosten<\/a> und erzeugt unn\u00f6tigen Abfall.<\/li>\r\n<li><strong>Die Natur Ihrer Produkte:<\/strong> Einige Waren sind besonders empfindlich gegen\u00fcber Hitze, K\u00e4lte, Feuchtigkeit usw. Andere k\u00f6nnen ein Risiko darstellen, wenn sie w\u00e4hrend des Transports zerbrochen oder versch\u00fcttet werden (Besch\u00e4digung anderer Waren, Freisetzung von Giftstoffen usw.). Es gibt zum Beispiel <a href=\"\/kartons-schachteln-container\/thermoverpackungen-gefahrgutversand\/thermoboxen-zubehoer\/isolierendes-kraftpapier-recycold-climaliner_OFF_DE_02187.html\" target=\"_blank\" rel=\"noopener\">isolierte Kartonboxen f\u00fcr Lebensmittel<\/a> oder pharmazeutische Produkte. Sie k\u00f6nnen auch <a href=\"\/kartons-schachteln-container\/flaschenverpackung_C1028.html\" target=\"_blank\" rel=\"noopener\">Kartonboxen speziell f\u00fcr Flaschen<\/a> finden.<\/li>\r\n<li><strong>Der Bedarf an Polsterung:<\/strong> Wenn Ihre Produkte sehr empfindlich gegen\u00fcber St\u00f6\u00dfen sind, sollten Sie Polstermaterial verwenden. W\u00e4hlen Sie in diesem Fall eine Kartongr\u00f6\u00dfe, die eine einfache Integration des Polstermaterials in das Paket erm\u00f6glicht. Noch einfacher: Es gibt auch praktische <a href=\"\/kartons-schachteln-container\/versandkartons-postverpackungen\/schaumverpackungen_C101818.html\" target=\"_blank\" rel=\"noopener\">Schaumverpackungen<\/a> in Form von Kartonverpackungen mit integrierter Polsterung.<\/li>\r\n<li><strong>Die Optik:<\/strong> <a href=\"\/kartons-schachteln-container\/faltkartons-aus-wellpappe\/weisse-kartons_C101016.html\" target=\"_blank\" rel=\"noopener\">Kartonverpackungen in wei\u00df<\/a>, <a href=\"\/kartons-schachteln-container\/bedruckte-kartons_cms_000065.html\" target=\"_blank\" rel=\"noopener\">bedruckte Kartons<\/a> oder bewusst umweltbewusst (z.B. der <a href=\"\/kartons-schachteln-container\/faltkartons-aus-wellpappe\/graspapier-kartons\/hoehenvariabel_OFF_DE_01880.html\" target=\"_blank\" rel=\"noopener\">Karton aus Graspapier<\/a>) &#8211; die Verpackung spielt eine wichtige Rolle in der Kundenerfahrung und f\u00fcrs Unternehmensimage. Informieren Sie sich \u00fcber die M\u00f6glichkeiten der Anpassung Ihrer Kartonverpackung!<\/li>\r\n<li><strong>Umweltauswirkungen:<\/strong> Karton ist von Natur aus ein umweltfreundliches Material. Sie k\u00f6nnen noch einen Schritt weiter gehen, indem Sie recycelte, recycelbare, bio-basierte, nachhaltige und\/oder \u00f6kologisch gestaltete Kartonboxen w\u00e4hlen. Sie sind genauso stark und effizient, reduzieren jedoch den CO2-Fu\u00dfabdruck Ihrer Sendungen noch ein wenig mehr.<\/li>\r\n<\/ul>\r\n<div class=\"su-spacer\" style=\"height:20px\"><\/div>\r\n<h2><span class=\"ez-toc-section\" id=\"Standardisierte_Massangaben_fuer_Verpackungen\"><\/span>Standardisierte Ma\u00dfangaben f\u00fcr Verpackungen<span class=\"ez-toc-section-end\"><\/span><\/h2>\r\n<div class=\"su-spacer\" style=\"height:30px\"><\/div> Die Kartonma\u00dfe bestehen immer aus den drei Ma\u00dfen L\u00e4nge, Breite und H\u00f6he. Jetzt ist es bei einer schier endlosen Auswahl an\u00a0<a href=\"https:\/\/www.rajapack.de\/karton-finder_cms_000053.html\" target=\"_blank\" rel=\"noopener\">Kartonformaten<\/a> nicht immer sofort klar: Wo ist bei einem Karton die L\u00e4nge? Was ist die Karton Breite? Und was die H\u00f6he? Gute Nachricht: Das ist genormt. Und zwar standardm\u00e4\u00dfig in dieser Reihenfolge. Es gilt:<\/p>\r\n<ul>\r\n<li>L\u00e4nge (L) = die l\u00e4ngste Seite beim offenen Karton<\/li>\r\n<li>Breite (B) = die kurze Seite des ge\u00f6ffneten Kartons<\/li>\r\n<li>H\u00f6he (H) = Innenkante zwischen dem Boden des Kartons und der \u00d6ffnung<\/li>\r\n<\/ul>\r\n<p>Auch die Ma\u00dfeinheit der Kartonma\u00dfe ist einheitlich und wird in Millimetern angegeben. Dadurch sollen Fehlerquellen bei den Ma\u00dfangaben m\u00f6glichst vermieden werden. Ein Beispiel sieht dann etwa so aus: L\u00e4nge 600 mm x Breite 350 mm x H\u00f6he 200 mm. Unter Umst\u00e4nden werden die Kartonma\u00dfe auch in Zentimeter oder Inches \/ Zoll angegeben. Die Umrechnung sieht dabei wie folgt aus:<\/p>\r\n<ul>\r\n<li><strong>1 inch\/zoll = 2,54 cm<\/strong><\/li>\r\n<li><strong>1 cm =<\/strong><strong>0,393701 inch\/zoll (genau 0,393700787402)<\/strong><\/li>\r\n<\/ul>\r\n<p>Auch zu finden: Die englischsprachigen Angaben H , W, L . Diese stehen f\u00fcr Height (H\u00f6he), Width (Weite) und Lenght (L\u00e4nge). <div class=\"su-spacer\" style=\"height:30px\"><\/div> <div class=\"su-image-carousel su-image-carousel-has-spacing su-image-carousel-has-outline su-image-carousel-adaptive su-image-carousel-slides-style-default su-image-carousel-controls-style-light su-image-carousel-align-center\" style=\"\" data-flickity-options='{\"groupCells\":true,\"cellSelector\":\".su-image-carousel-item\",\"adaptiveHeight\":true,\"cellAlign\":\"left\",\"prevNextButtons\":true,\"pageDots\":false,\"autoPlay\":false,\"imagesLoaded\":true,\"contain\":false,\"selectedAttraction\":0.025,\"friction\":0.28}' id=\"su_image_carousel_69f3ff8f495c7\"><div class=\"su-image-carousel-item\"><div class=\"su-image-carousel-item-content\"><a href=\"https:\/\/www.rajapack.at\/verpackungsnews\/wp-content\/uploads\/2022\/06\/verschiedene-Kartons-scaled-1.jpg\" target=\"_blank\" rel=\"noopener noreferrer\" data-caption=\"\"><img loading=\"lazy\" decoding=\"async\" width=\"768\" height=\"127\" src=\"https:\/\/www.rajapack.at\/verpackungsnews\/wp-content\/uploads\/2022\/06\/verschiedene-Kartons-scaled-1-768x127.jpg\" class=\"\" alt=\"Wo Karton H\u00f6he L\u00e4nge Breite\" srcset=\"https:\/\/www.rajapack.at\/verpackungsnews\/wp-content\/uploads\/2022\/06\/verschiedene-Kartons-scaled-1-768x127.jpg 768w, https:\/\/www.rajapack.at\/verpackungsnews\/wp-content\/uploads\/2022\/06\/verschiedene-Kartons-scaled-1-430x71.jpg 430w, https:\/\/www.rajapack.at\/verpackungsnews\/wp-content\/uploads\/2022\/06\/verschiedene-Kartons-scaled-1-1024x170.jpg 1024w, https:\/\/www.rajapack.at\/verpackungsnews\/wp-content\/uploads\/2022\/06\/verschiedene-Kartons-scaled-1-1536x254.jpg 1536w, https:\/\/www.rajapack.at\/verpackungsnews\/wp-content\/uploads\/2022\/06\/verschiedene-Kartons-scaled-1-2048x339.jpg 2048w\" sizes=\"auto, (max-width: 768px) 100vw, 768px\" \/><\/a><\/div><\/div><\/div><script id=\"su_image_carousel_69f3ff8f495c7_script\">if(window.SUImageCarousel){setTimeout(function() {window.SUImageCarousel.initGallery(document.getElementById(\"su_image_carousel_69f3ff8f495c7\"))}, 0);}var su_image_carousel_69f3ff8f495c7_script=document.getElementById(\"su_image_carousel_69f3ff8f495c7_script\");if(su_image_carousel_69f3ff8f495c7_script){su_image_carousel_69f3ff8f495c7_script.parentNode.removeChild(su_image_carousel_69f3ff8f495c7_script);}<\/script><div class=\"su-spacer\" style=\"height:30px\"><\/div>\r\n<h2><span class=\"ez-toc-section\" id=\"Innenmass_oder_Aussenmass\"><\/span>Innenma\u00df oder Au\u00dfenma\u00df?<span class=\"ez-toc-section-end\"><\/span><\/h2>\r\n<div class=\"su-spacer\" style=\"height:30px\"><\/div> Die einheitlichen Begriffe f\u00fcr Kartonma\u00dfe und ihre standardisierte Reihenfolge erleichtern die korrekte Angabe der Ma\u00dfe schon mal deutlich. In der Welt der Kartonagen gibt es aber zus\u00e4tzlich noch die Bezeichnungen Innenma\u00df und Au\u00dfenma\u00df. Und diese beiden Werte k\u00f6nnen, je nach Kartonqualit\u00e4t (1-wellig, 2-wellig, 3-wellig&#8230;) durchaus nicht unerheblich voneinander abweichen. <div class=\"su-spacer\" style=\"height:30px\"><\/div>\r\n<p><img loading=\"lazy\" decoding=\"async\" class=\"aligncenter wp-image-28690 size-large\" src=\"https:\/\/www.rajapack.at\/verpackungsnews\/wp-content\/uploads\/2019\/10\/Innen_aussenmass-Wellpappkarton_AT-1024x313.jpg\" alt=\"Karton Innenma\u00df\" width=\"1024\" height=\"313\" \/><\/p>\r\n<h2><span class=\"ez-toc-section\" id=\"Innenmass_wichtig_fuer_den_Kartoninhalt\"><\/span>Innenma\u00df wichtig f\u00fcr den Kartoninhalt<span class=\"ez-toc-section-end\"><\/span><\/h2>\r\n<div class=\"su-spacer\" style=\"height:30px\"><\/div> Das Innenma\u00df ist der Standard f\u00fcr die Kartonma\u00dfe. Es sagt aus, wie gro\u00df die Gegenst\u00e4nde sein d\u00fcrfen, die in einem Karton verpackt werden sollen. Wichtig ist, den Karton ausgehend vom Innenma\u00df ein paar Millimeter gr\u00f6\u00dfer zu w\u00e4hlen als die Abmessungen der zu verpackenden Ware. Denn zum einen kann es zu produktionsbedingten Abweichungen der Kartonagen (z.B. bei der Materialst\u00e4rke der Pappe) kommen, zum anderen f\u00e4llt das Verpacken und Herausnehmen der Ware dadurch sp\u00e4ter leichter. Bei besonders empfindlichen Produkten brauchen Sie au\u00dferdem gegebenenfalls\u00a0<a href=\"https:\/\/www.rajapack.de\/polster-fuellmaterialien_C25.html\" target=\"_blank\" rel=\"noopener\">F\u00fcllmaterial<\/a>, damit der Inhalt optimal gesch\u00fctzt ist. <div class=\"su-spacer\" style=\"height:30px\"><\/div>\r\n<h2><span class=\"ez-toc-section\" id=\"Aussenmass_relevant_bei_der_Lagerung\"><\/span>Au\u00dfenma\u00df relevant bei der Lagerung<span class=\"ez-toc-section-end\"><\/span><\/h2>\r\n<div class=\"su-spacer\" style=\"height:30px\"><\/div> Wenn es hingegen um den Platz im Lager oder im Transporter geht, ist das Au\u00dfenma\u00df relevant. Dieses wird berechnet, indem die L\u00e4ngen der Seitenteile bei geschlossenem Karton gemessen werden und eine Materialtoleranz von je 5 mm addiert wird. <div class=\"su-spacer\" style=\"height:30px\"><\/div>\r\n<h2><span class=\"ez-toc-section\" id=\"Was_ist_dann_mit_Tiefe_bei_einem_Regalbrett_gemeint\"><\/span>Was ist dann mit Tiefe bei einem Regalbrett gemeint?<span class=\"ez-toc-section-end\"><\/span><\/h2>\r\n<div class=\"su-spacer\" style=\"height:30px\"><\/div> Die Tiefe, etwa bei einem Regalbrett, bezeichnet die Ausdehnung nach hinten. Auf einem Regal mit einer Tiefe von 60 cm k\u00f6nnen also Waren gelagert werden, deren L\u00e4nge oder Breite 60 cm nicht \u00fcberschreitet. <div class=\"su-spacer\" style=\"height:30px\"><\/div>\r\n<h2><span class=\"ez-toc-section\" id=\"Karton_nach_Mass_finden\"><\/span>Karton nach Ma\u00df finden<span class=\"ez-toc-section-end\"><\/span><\/h2>\r\n<div class=\"su-spacer\" style=\"height:30px\"><\/div> Ob gro\u00df oder klein, leicht oder schwer, robust oder zerbrechlich \u2013 unterschiedliche Produkte brauchen unterschiedliche Verpackungsl\u00f6sungen. Eine <a href=\"\/verpackungsnews\/benutzerdefinierte-e-commerce-verpackung\" target=\"_blank\" rel=\"noopener\">individuelle Verpackung<\/a>, hergestellt nach Ihren W\u00fcnschen und Anspr\u00fcchen, ist hier die ideale M\u00f6glichkeit, Ihre Waren sicher zu verpacken. Als Experten f\u00fcr Verpackungsl\u00f6sungen bieten wir Ihnen die passende Box f\u00fcr jedes Produkt. Mit einer Auswahl von mehr als 1.250 Kartons ist damit sicher auch der richtige Karton f\u00fcr Sie dabei. Welcher das ist, erfahren Sie innerhalb weniger Klicks mit unserem praktischen\u00a0<a href=\"\/karton-finder_cms_000053.html\" target=\"_blank\" rel=\"noopener\">Karton-Finder<\/a>.<\/p>\r\n<h2><span class=\"ez-toc-section\" id=\"Karton_nach_Mass_gestalten_Mit_RAJA\"><\/span>Karton nach Mass gestalten: Mit RAJA<span class=\"ez-toc-section-end\"><\/span><\/h2>\r\n<div class=\"su-spacer\" style=\"height:30px\"><\/div>\r\n\r\n\r\n\r\n<p>RAJA bietet verschiedene M\u00f6glichkeiten der individuellen Verpackung, <a href=\"mailto:personalisiert@rajapack.at\" target=\"_blank\" rel=\"noopener\">fragen Sie uns nach einem Angebot<\/a>, gerne auch telefonisch unter 0800 2077 020!<\/p>\r\n\r\n\r\n\r\n<figure class=\"wp-block-gallery has-nested-images columns-default is-cropped wp-block-gallery-1 is-layout-flex wp-block-gallery-is-layout-flex\">\r\n<figure class=\"wp-block-image size-large\"><img loading=\"lazy\" decoding=\"async\" data-id=\"29468\" class=\"wp-image-29468\" src=\"https:\/\/www.rajapack.de\/verpackungsnews\/wp-content\/uploads\/2023\/07\/massgeschneiderter-Karton.png\" alt=\"Karton ma\u00dfgeschneidert\" \/><\/figure>\r\n\r\n\r\n\r\n<figure class=\"wp-block-image size-large\"><img loading=\"lazy\" decoding=\"async\" data-id=\"29470\" class=\"wp-image-29470\" src=\"https:\/\/www.rajapack.de\/verpackungsnews\/wp-content\/uploads\/2023\/07\/massgeschneiderte-Holzbox.png\" alt=\"Verpackung personalisiert\" \/><\/figure>\r\n\r\n\r\n\r\n<figure class=\"wp-block-image size-large\"><img loading=\"lazy\" decoding=\"async\" data-id=\"29467\" class=\"wp-image-29467\" src=\"https:\/\/www.rajapack.de\/verpackungsnews\/wp-content\/uploads\/2023\/07\/massgeschneiderte-Beutel.png\" alt=\"Beutel ma\u00dfgeschneidert\" \/><\/figure>\r\n<div class=\"su-spacer\" style=\"height:30px\"><\/div> <\/figure>\r\n\r\n\r\n\r\n<ul class=\"wp-block-list\">\r\n<li style=\"list-style-type: none;\">\r\n<ul>\r\n<li><strong>Ma\u00dfgeschneiderte Kartons:<\/strong> Werden Postkartons oder Faltkartons mit einer bestimmten Form oder Abmessung ben\u00f6tigt, k\u00f6nnen Sie sich mit uns in Verbindung setzen und wir werden Ihren Fall unverbindlich pr\u00fcfen.<\/li>\r\n<\/ul>\r\n<\/li>\r\n<\/ul>\r\n\r\n\r\n\r\n<ul>\r\n<li style=\"list-style-type: none;\">\r\n<ul>\r\n<li><strong>Ma\u00dfgeschneiderte<\/strong> <strong>Beutel:<\/strong> Nennen Sie uns die Innenma\u00dfe, die Gr\u00f6\u00dfe der \u00d6ffnung und die Art des Verschlusses, den Sie ben\u00f6tigen.<\/li>\r\n<\/ul>\r\n<\/li>\r\n<\/ul>\r\n\r\n\r\n\r\n<ul>\r\n<li style=\"list-style-type: none;\">\r\n<ul>\r\n<li><strong>Ma\u00dfgeschneiderte Umschl\u00e4ge und Versandtaschen:<\/strong>\u00a0Egal, ob Ihre Produkte klein oder sperrig sind, bei uns haben Sie die M\u00f6glichkeit die Gr\u00f6\u00dfe und das Material zu w\u00e4hlen.<\/li>\r\n<\/ul>\r\n<\/li>\r\n<\/ul>\r\n\r\n\r\n\r\n<ul>\r\n<li style=\"list-style-type: none;\">\r\n<ul>\r\n<li><strong>Ma\u00dfgeschneiderte Etiketten:<\/strong>\u00a0Sie k\u00f6nnen auch die Gr\u00f6\u00dfe und Form der Etiketten \u00e4ndern, um sie an Ihr Projekt anzupassen.<\/li>\r\n<\/ul>\r\n<\/li>\r\n<\/ul>\r\n\r\n\r\n\r\n<ul>\r\n<li style=\"list-style-type: none;\">\r\n<ul>\r\n<li><strong>Ma\u00dfgeschneiderte Schaumstoffpolster und Holzcontainer:<\/strong> Ma\u00dfgeschneiderte Holzkisten bieten einen hervorragenden Schutz mit hohem Wiedererkennungswert f\u00fcr schwere Produkte. Ma\u00dfgeschneiderte Polsterung bietet optimalen Schutz f\u00fcr empfindliche Produkte.<\/li>\r\n<\/ul>\r\n<\/li>\r\n<\/ul>\r\n<div class=\"su-spacer\" style=\"height:30px\"><\/div>\r\n\r\n\r\n\r\n<p>Dank der vielen M\u00f6glichkeiten, ist es mit RAJA sehr einfach, eine personalisierte und\/oder ma\u00dfgeschneiderte Verpackung in die Vorbereitung Ihrer Auftr\u00e4ge einzubinden, denn auch oder gerade bei der Verpackung gilt: nichts ist wichtiger als Pers\u00f6nlichkeit!<\/p>","protected":false},"excerpt":{"rendered":"<p>Bei der Suche nach einem passenden Karton f\u00fcr den Versand von Waren kommt es im Wesentlichen auf zwei Faktoren an: Die richtigen Kartonma\u00dfe und die richtige Kartonqualit\u00e4t, also die Kartonst\u00e4rke. [&#8230;]<\/p>\n","protected":false},"author":22,"featured_media":24542,"comment_status":"open","ping_status":"closed","sticky":false,"template":"","format":"standard","meta":{"_acf_changed":false,"footnotes":""},"categories":[20],"tags":[417,725],"class_list":["post-24541","post","type-post","status-publish","format-standard","has-post-thumbnail","hentry","category-know-how","tag-verpackungsdesign","tag-versenden"],"acf":[],"yoast_head":"\n<title>Karton nach Ma\u00df f\u00fcr ihre Produkte finden - RAJAPACK Blog AT<\/title>\n<meta name=\"description\" content=\"1-wellig, 2-wellig, 3-wellig - wann brauche ich welche Kartonqualit\u00e4t? Und wie finde ich die richtigen Kartonma\u00dfe?\" \/>\n<meta name=\"robots\" content=\"index, follow, max-snippet:-1, max-image-preview:large, max-video-preview:-1\" \/>\n<link rel=\"canonical\" href=\"https:\/\/www.rajapack.at\/verpackungsnews\/karton-laenge-breite-hoehe\" \/>\n<meta property=\"og:locale\" content=\"de_AT\" \/>\n<meta property=\"og:type\" content=\"article\" \/>\n<meta property=\"og:title\" content=\"Karton nach Ma\u00df f\u00fcr ihre Produkte finden - RAJAPACK Blog AT\" \/>\n<meta property=\"og:description\" content=\"1-wellig, 2-wellig, 3-wellig - wann brauche ich welche Kartonqualit\u00e4t? Und wie finde ich die richtigen Kartonma\u00dfe?\" \/>\n<meta property=\"og:url\" content=\"https:\/\/www.rajapack.at\/verpackungsnews\/karton-laenge-breite-hoehe\" \/>\n<meta property=\"og:site_name\" content=\"RAJAPACK Blog AT\" \/>\n<meta property=\"article:published_time\" content=\"2024-04-08T10:14:36+00:00\" \/>\n<meta property=\"article:modified_time\" content=\"2025-08-20T11:39:47+00:00\" \/>\n<meta property=\"og:image\" content=\"https:\/\/www.rajapack.at\/verpackungsnews\/wp-content\/uploads\/2022\/06\/Kartonmasse-1536x585-1.jpg\" \/>\n\t<meta property=\"og:image:width\" content=\"1536\" \/>\n\t<meta property=\"og:image:height\" content=\"585\" \/>\n\t<meta property=\"og:image:type\" content=\"image\/jpeg\" \/>\n<meta name=\"author\" content=\"RAJAPACK AT\" \/>\n<meta name=\"twitter:card\" content=\"summary_large_image\" \/>\n<meta name=\"twitter:label1\" content=\"Verfasst von\" \/>\n\t<meta name=\"twitter:data1\" content=\"RAJAPACK AT\" \/>\n\t<meta name=\"twitter:label2\" content=\"Gesch\u00e4tzte Lesezeit\" \/>\n\t<meta name=\"twitter:data2\" content=\"13 Minuten\" \/>\n<script type=\"application\/ld+json\" class=\"yoast-schema-graph\">{\n\t    \"@context\": \"https:\/\/schema.org\",\n\t    \"@graph\": [\n\t        {\n\t            \"@type\": \"Article\",\n\t            \"@id\": \"https:\/\/www.rajapack.at\/verpackungsnews\/karton-laenge-breite-hoehe#article\",\n\t            \"isPartOf\": {\n\t                \"@id\": \"https:\/\/www.rajapack.at\/verpackungsnews\/karton-laenge-breite-hoehe\"\n\t            },\n\t            \"author\": {\n\t                \"name\": \"RAJAPACK AT\",\n\t                \"@id\": \"https:\/\/www.rajapack.at\/verpackungsnews\/#\/schema\/person\/df6dc3629cb737ad2c3253a2901a8034\"\n\t            },\n\t            \"headline\": \"L\u00e4nge &#8211; Breite &#8211; H\u00f6he : Karton nach Ma\u00df in der richtigen Kartonqualit\u00e4t finden\",\n\t            \"datePublished\": \"2024-04-08T10:14:36+00:00\",\n\t            \"dateModified\": \"2025-08-20T11:39:47+00:00\",\n\t            \"mainEntityOfPage\": {\n\t                \"@id\": \"https:\/\/www.rajapack.at\/verpackungsnews\/karton-laenge-breite-hoehe\"\n\t            },\n\t            \"wordCount\": 2310,\n\t            \"commentCount\": 0,\n\t            \"publisher\": {\n\t                \"@id\": \"https:\/\/www.rajapack.at\/verpackungsnews\/#organization\"\n\t            },\n\t            \"image\": {\n\t                \"@id\": \"https:\/\/www.rajapack.at\/verpackungsnews\/karton-laenge-breite-hoehe#primaryimage\"\n\t            },\n\t            \"thumbnailUrl\": \"https:\/\/www.rajapack.at\/verpackungsnews\/wp-content\/uploads\/2022\/06\/Kartonmasse-1536x585-1.jpg\",\n\t            \"keywords\": [\n\t                \"Verpackungsdesign\",\n\t                \"Versenden\"\n\t            ],\n\t            \"articleSection\": [\n\t                \"Know How\"\n\t            ],\n\t            \"inLanguage\": \"de-AT\",\n\t            \"potentialAction\": [\n\t                {\n\t                    \"@type\": \"CommentAction\",\n\t                    \"name\": \"Comment\",\n\t                    \"target\": [\n\t                        \"https:\/\/www.rajapack.at\/verpackungsnews\/karton-laenge-breite-hoehe#respond\"\n\t                    ]\n\t                }\n\t            ]\n\t        },\n\t        {\n\t            \"@type\": \"WebPage\",\n\t            \"@id\": \"https:\/\/www.rajapack.at\/verpackungsnews\/karton-laenge-breite-hoehe\",\n\t            \"url\": \"https:\/\/www.rajapack.at\/verpackungsnews\/karton-laenge-breite-hoehe\",\n\t            \"name\": \"Karton nach Ma\u00df f\u00fcr ihre Produkte finden - RAJAPACK Blog AT\",\n\t            \"isPartOf\": {\n\t                \"@id\": \"https:\/\/www.rajapack.at\/verpackungsnews\/#website\"\n\t            },\n\t            \"primaryImageOfPage\": {\n\t                \"@id\": \"https:\/\/www.rajapack.at\/verpackungsnews\/karton-laenge-breite-hoehe#primaryimage\"\n\t            },\n\t            \"image\": {\n\t                \"@id\": \"https:\/\/www.rajapack.at\/verpackungsnews\/karton-laenge-breite-hoehe#primaryimage\"\n\t            },\n\t            \"thumbnailUrl\": \"https:\/\/www.rajapack.at\/verpackungsnews\/wp-content\/uploads\/2022\/06\/Kartonmasse-1536x585-1.jpg\",\n\t            \"datePublished\": \"2024-04-08T10:14:36+00:00\",\n\t            \"dateModified\": \"2025-08-20T11:39:47+00:00\",\n\t            \"description\": \"1-wellig, 2-wellig, 3-wellig - wann brauche ich welche Kartonqualit\u00e4t? Und wie finde ich die richtigen Kartonma\u00dfe?\",\n\t            \"inLanguage\": \"de-AT\",\n\t            \"potentialAction\": [\n\t                {\n\t                    \"@type\": \"ReadAction\",\n\t                    \"target\": [\n\t                        \"https:\/\/www.rajapack.at\/verpackungsnews\/karton-laenge-breite-hoehe\"\n\t                    ]\n\t                }\n\t            ]\n\t        },\n\t        {\n\t            \"@type\": \"ImageObject\",\n\t            \"inLanguage\": \"de-AT\",\n\t            \"@id\": \"https:\/\/www.rajapack.at\/verpackungsnews\/karton-laenge-breite-hoehe#primaryimage\",\n\t            \"url\": \"https:\/\/www.rajapack.at\/verpackungsnews\/wp-content\/uploads\/2022\/06\/Kartonmasse-1536x585-1.jpg\",\n\t            \"contentUrl\": \"https:\/\/www.rajapack.at\/verpackungsnews\/wp-content\/uploads\/2022\/06\/Kartonmasse-1536x585-1.jpg\",\n\t            \"width\": 1536,\n\t            \"height\": 585,\n\t            \"caption\": \"Karton richtig ausmessen\"\n\t        },\n\t        {\n\t            \"@type\": \"WebSite\",\n\t            \"@id\": \"https:\/\/www.rajapack.at\/verpackungsnews\/#website\",\n\t            \"url\": \"https:\/\/www.rajapack.at\/verpackungsnews\/\",\n\t            \"name\": \"RAJAPACK Blog AT\",\n\t            \"description\": \"Verpackungsnews vom Experten\",\n\t            \"publisher\": {\n\t                \"@id\": \"https:\/\/www.rajapack.at\/verpackungsnews\/#organization\"\n\t            },\n\t            \"potentialAction\": [\n\t                {\n\t                    \"@type\": \"SearchAction\",\n\t                    \"target\": {\n\t                        \"@type\": \"EntryPoint\",\n\t                        \"urlTemplate\": \"https:\/\/www.rajapack.at\/verpackungsnews\/?s={search_term_string}\"\n\t                    },\n\t                    \"query-input\": {\n\t                        \"@type\": \"PropertyValueSpecification\",\n\t                        \"valueRequired\": true,\n\t                        \"valueName\": \"search_term_string\"\n\t                    }\n\t                }\n\t            ],\n\t            \"inLanguage\": \"de-AT\"\n\t        },\n\t        {\n\t            \"@type\": \"Organization\",\n\t            \"@id\": \"https:\/\/www.rajapack.at\/verpackungsnews\/#organization\",\n\t            \"name\": \"RAJAPACK Blog AT\",\n\t            \"url\": \"https:\/\/www.rajapack.at\/verpackungsnews\/\",\n\t            \"logo\": {\n\t                \"@type\": \"ImageObject\",\n\t                \"inLanguage\": \"de-AT\",\n\t                \"@id\": \"https:\/\/www.rajapack.at\/verpackungsnews\/#\/schema\/logo\/image\/\",\n\t                \"url\": \"https:\/\/www.rajapack.at\/verpackungsnews\/wp-content\/uploads\/2021\/11\/LOGO-RAJA-800x243-1.jpg\",\n\t                \"contentUrl\": \"https:\/\/www.rajapack.at\/verpackungsnews\/wp-content\/uploads\/2021\/11\/LOGO-RAJA-800x243-1.jpg\",\n\t                \"width\": 800,\n\t                \"height\": 243,\n\t                \"caption\": \"RAJAPACK Blog AT\"\n\t            },\n\t            \"image\": {\n\t                \"@id\": \"https:\/\/www.rajapack.at\/verpackungsnews\/#\/schema\/logo\/image\/\"\n\t            },\n\t            \"sameAs\": [\n\t                \"https:\/\/de.linkedin.com\/company\/rajapack-gmbh\"\n\t            ]\n\t        },\n\t        {\n\t            \"@type\": \"Person\",\n\t            \"@id\": \"https:\/\/www.rajapack.at\/verpackungsnews\/#\/schema\/person\/df6dc3629cb737ad2c3253a2901a8034\",\n\t            \"name\": \"RAJAPACK AT\",\n\t            \"image\": {\n\t                \"@type\": \"ImageObject\",\n\t                \"inLanguage\": \"de-AT\",\n\t                \"@id\": \"https:\/\/www.rajapack.at\/verpackungsnews\/#\/schema\/person\/image\/\",\n\t                \"url\": \"https:\/\/secure.gravatar.com\/avatar\/4c95834f3b6420b1fbe980903e066e22?s=96&d=mm&r=g\",\n\t                \"contentUrl\": \"https:\/\/secure.gravatar.com\/avatar\/4c95834f3b6420b1fbe980903e066e22?s=96&d=mm&r=g\",\n\t                \"caption\": \"RAJAPACK AT\"\n\t            }\n\t        }\n\t    ]\n\t}<\/script>\n","yoast_head_json":{"title":"Karton nach Ma\u00df f\u00fcr ihre Produkte finden - RAJAPACK Blog AT","description":"1-wellig, 2-wellig, 3-wellig - wann brauche ich welche Kartonqualit\u00e4t? Und wie finde ich die richtigen Kartonma\u00dfe?","robots":{"index":"index","follow":"follow","max-snippet":"max-snippet:-1","max-image-preview":"max-image-preview:large","max-video-preview":"max-video-preview:-1"},"canonical":"https:\/\/www.rajapack.at\/verpackungsnews\/karton-laenge-breite-hoehe","og_locale":"de_AT","og_type":"article","og_title":"Karton nach Ma\u00df f\u00fcr ihre Produkte finden - RAJAPACK Blog AT","og_description":"1-wellig, 2-wellig, 3-wellig - wann brauche ich welche Kartonqualit\u00e4t? Und wie finde ich die richtigen Kartonma\u00dfe?","og_url":"https:\/\/www.rajapack.at\/verpackungsnews\/karton-laenge-breite-hoehe","og_site_name":"RAJAPACK Blog AT","article_published_time":"2024-04-08T10:14:36+00:00","article_modified_time":"2025-08-20T11:39:47+00:00","og_image":[{"width":1536,"height":585,"url":"https:\/\/www.rajapack.at\/verpackungsnews\/wp-content\/uploads\/2022\/06\/Kartonmasse-1536x585-1.jpg","type":"image\/jpeg"}],"author":"RAJAPACK AT","twitter_card":"summary_large_image","twitter_misc":{"Verfasst von":"RAJAPACK AT","Gesch\u00e4tzte Lesezeit":"13 Minuten"},"schema":{"@context":"https:\/\/schema.org","@graph":[{"@type":"Article","@id":"https:\/\/www.rajapack.at\/verpackungsnews\/karton-laenge-breite-hoehe#article","isPartOf":{"@id":"https:\/\/www.rajapack.at\/verpackungsnews\/karton-laenge-breite-hoehe"},"author":{"name":"RAJAPACK AT","@id":"https:\/\/www.rajapack.at\/verpackungsnews\/#\/schema\/person\/df6dc3629cb737ad2c3253a2901a8034"},"headline":"L\u00e4nge &#8211; Breite &#8211; H\u00f6he : Karton nach Ma\u00df in der richtigen Kartonqualit\u00e4t finden","datePublished":"2024-04-08T10:14:36+00:00","dateModified":"2025-08-20T11:39:47+00:00","mainEntityOfPage":{"@id":"https:\/\/www.rajapack.at\/verpackungsnews\/karton-laenge-breite-hoehe"},"wordCount":2310,"commentCount":0,"publisher":{"@id":"https:\/\/www.rajapack.at\/verpackungsnews\/#organization"},"image":{"@id":"https:\/\/www.rajapack.at\/verpackungsnews\/karton-laenge-breite-hoehe#primaryimage"},"thumbnailUrl":"https:\/\/www.rajapack.at\/verpackungsnews\/wp-content\/uploads\/2022\/06\/Kartonmasse-1536x585-1.jpg","keywords":["Verpackungsdesign","Versenden"],"articleSection":["Know How"],"inLanguage":"de-AT","potentialAction":[{"@type":"CommentAction","name":"Comment","target":["https:\/\/www.rajapack.at\/verpackungsnews\/karton-laenge-breite-hoehe#respond"]}]},{"@type":"WebPage","@id":"https:\/\/www.rajapack.at\/verpackungsnews\/karton-laenge-breite-hoehe","url":"https:\/\/www.rajapack.at\/verpackungsnews\/karton-laenge-breite-hoehe","name":"Karton nach Ma\u00df f\u00fcr ihre Produkte finden - RAJAPACK Blog AT","isPartOf":{"@id":"https:\/\/www.rajapack.at\/verpackungsnews\/#website"},"primaryImageOfPage":{"@id":"https:\/\/www.rajapack.at\/verpackungsnews\/karton-laenge-breite-hoehe#primaryimage"},"image":{"@id":"https:\/\/www.rajapack.at\/verpackungsnews\/karton-laenge-breite-hoehe#primaryimage"},"thumbnailUrl":"https:\/\/www.rajapack.at\/verpackungsnews\/wp-content\/uploads\/2022\/06\/Kartonmasse-1536x585-1.jpg","datePublished":"2024-04-08T10:14:36+00:00","dateModified":"2025-08-20T11:39:47+00:00","description":"1-wellig, 2-wellig, 3-wellig - wann brauche ich welche Kartonqualit\u00e4t? Und wie finde ich die richtigen Kartonma\u00dfe?","inLanguage":"de-AT","potentialAction":[{"@type":"ReadAction","target":["https:\/\/www.rajapack.at\/verpackungsnews\/karton-laenge-breite-hoehe"]}]},{"@type":"ImageObject","inLanguage":"de-AT","@id":"https:\/\/www.rajapack.at\/verpackungsnews\/karton-laenge-breite-hoehe#primaryimage","url":"https:\/\/www.rajapack.at\/verpackungsnews\/wp-content\/uploads\/2022\/06\/Kartonmasse-1536x585-1.jpg","contentUrl":"https:\/\/www.rajapack.at\/verpackungsnews\/wp-content\/uploads\/2022\/06\/Kartonmasse-1536x585-1.jpg","width":1536,"height":585,"caption":"Karton richtig ausmessen"},{"@type":"WebSite","@id":"https:\/\/www.rajapack.at\/verpackungsnews\/#website","url":"https:\/\/www.rajapack.at\/verpackungsnews\/","name":"RAJAPACK Blog AT","description":"Verpackungsnews vom Experten","publisher":{"@id":"https:\/\/www.rajapack.at\/verpackungsnews\/#organization"},"potentialAction":[{"@type":"SearchAction","target":{"@type":"EntryPoint","urlTemplate":"https:\/\/www.rajapack.at\/verpackungsnews\/?s={search_term_string}"},"query-input":{"@type":"PropertyValueSpecification","valueRequired":true,"valueName":"search_term_string"}}],"inLanguage":"de-AT"},{"@type":"Organization","@id":"https:\/\/www.rajapack.at\/verpackungsnews\/#organization","name":"RAJAPACK Blog AT","url":"https:\/\/www.rajapack.at\/verpackungsnews\/","logo":{"@type":"ImageObject","inLanguage":"de-AT","@id":"https:\/\/www.rajapack.at\/verpackungsnews\/#\/schema\/logo\/image\/","url":"https:\/\/www.rajapack.at\/verpackungsnews\/wp-content\/uploads\/2021\/11\/LOGO-RAJA-800x243-1.jpg","contentUrl":"https:\/\/www.rajapack.at\/verpackungsnews\/wp-content\/uploads\/2021\/11\/LOGO-RAJA-800x243-1.jpg","width":800,"height":243,"caption":"RAJAPACK Blog AT"},"image":{"@id":"https:\/\/www.rajapack.at\/verpackungsnews\/#\/schema\/logo\/image\/"},"sameAs":["https:\/\/de.linkedin.com\/company\/rajapack-gmbh"]},{"@type":"Person","@id":"https:\/\/www.rajapack.at\/verpackungsnews\/#\/schema\/person\/df6dc3629cb737ad2c3253a2901a8034","name":"RAJAPACK AT","image":{"@type":"ImageObject","inLanguage":"de-AT","@id":"https:\/\/www.rajapack.at\/verpackungsnews\/#\/schema\/person\/image\/","url":"https:\/\/secure.gravatar.com\/avatar\/4c95834f3b6420b1fbe980903e066e22?s=96&d=mm&r=g","contentUrl":"https:\/\/secure.gravatar.com\/avatar\/4c95834f3b6420b1fbe980903e066e22?s=96&d=mm&r=g","caption":"RAJAPACK AT"}}]}},"_links":{"self":[{"href":"https:\/\/www.rajapack.at\/verpackungsnews\/wp-json\/wp\/v2\/posts\/24541","targetHints":{"allow":["GET"]}}],"collection":[{"href":"https:\/\/www.rajapack.at\/verpackungsnews\/wp-json\/wp\/v2\/posts"}],"about":[{"href":"https:\/\/www.rajapack.at\/verpackungsnews\/wp-json\/wp\/v2\/types\/post"}],"author":[{"embeddable":true,"href":"https:\/\/www.rajapack.at\/verpackungsnews\/wp-json\/wp\/v2\/users\/22"}],"replies":[{"embeddable":true,"href":"https:\/\/www.rajapack.at\/verpackungsnews\/wp-json\/wp\/v2\/comments?post=24541"}],"version-history":[{"count":13,"href":"https:\/\/www.rajapack.at\/verpackungsnews\/wp-json\/wp\/v2\/posts\/24541\/revisions"}],"predecessor-version":[{"id":30062,"href":"https:\/\/www.rajapack.at\/verpackungsnews\/wp-json\/wp\/v2\/posts\/24541\/revisions\/30062"}],"wp:featuredmedia":[{"embeddable":true,"href":"https:\/\/www.rajapack.at\/verpackungsnews\/wp-json\/wp\/v2\/media\/24542"}],"wp:attachment":[{"href":"https:\/\/www.rajapack.at\/verpackungsnews\/wp-json\/wp\/v2\/media?parent=24541"}],"wp:term":[{"taxonomy":"category","embeddable":true,"href":"https:\/\/www.rajapack.at\/verpackungsnews\/wp-json\/wp\/v2\/categories?post=24541"},{"taxonomy":"post_tag","embeddable":true,"href":"https:\/\/www.rajapack.at\/verpackungsnews\/wp-json\/wp\/v2\/tags?post=24541"}],"curies":[{"name":"wp","href":"https:\/\/api.w.org\/{rel}","templated":true}]}}