{"id":29329,"date":"2023-06-19T11:47:52","date_gmt":"2023-06-19T09:47:52","guid":{"rendered":"https:\/\/www.rajapack.at\/verpackungsnews\/?p=29329"},"modified":"2025-10-23T13:42:53","modified_gmt":"2025-10-23T11:42:53","slug":"kosmetikverpackungen","status":"publish","type":"post","link":"https:\/\/www.rajapack.at\/verpackungsnews\/kosmetikverpackungen","title":{"rendered":"Kosmetik und Beauty-Artikel sicher und ansprechend verpacken"},"content":{"rendered":"<h5>Mit dem Boom des E-Commerce und dem Wachstum kleiner Marken im Internet ist die Welt der Kosmetik heute wettbewerbsintensiver denn je. Als Unternehmen in dieser Branche m\u00fcssen Sie sich in jeder Phase der Kundenreise von der Masse abheben. Die gute Nachricht ist, dass Verpackungen Ihnen dabei helfen k\u00f6nnen. Entdecken Sie hier die 7 aktuellen Trends im Bereich\u00a0 Kosmetikverpackung, auf die Sie setzen k\u00f6nnen. Auf dem Programm stehen Umweltvertr\u00e4glichkeit, Kundenbindung und der &#8222;Wow-Effekt&#8220; \ud83d\ude09 Wir zeigen, wie&#8230;<\/h5>\n<div class=\"su-divider su-divider-style-default\" style=\"margin:15px 0;border-width:3px;border-color:#999999\"><\/div><div class=\"su-spacer\" style=\"height:20px\"><\/div>\n<div id=\"ez-toc-container\" class=\"ez-toc-v2_0_73 counter-hierarchy ez-toc-counter ez-toc-grey ez-toc-container-direction\">\n<div class=\"ez-toc-title-container\">\n<p class=\"ez-toc-title\" style=\"cursor:inherit\">Direkt zu diesen Themen:<\/p>\n<span class=\"ez-toc-title-toggle\"><a href=\"#\" class=\"ez-toc-pull-right ez-toc-btn ez-toc-btn-xs ez-toc-btn-default ez-toc-toggle\" aria-label=\"Toggle Table of Content\"><span class=\"ez-toc-js-icon-con\"><span class=\"\"><span class=\"eztoc-hide\" style=\"display:none;\">Toggle<\/span><span class=\"ez-toc-icon-toggle-span\"><svg style=\"fill: #999;color:#999\" xmlns=\"http:\/\/www.w3.org\/2000\/svg\" class=\"list-377408\" width=\"20px\" height=\"20px\" viewBox=\"0 0 24 24\" fill=\"none\"><path d=\"M6 6H4v2h2V6zm14 0H8v2h12V6zM4 11h2v2H4v-2zm16 0H8v2h12v-2zM4 16h2v2H4v-2zm16 0H8v2h12v-2z\" fill=\"currentColor\"><\/path><\/svg><svg style=\"fill: #999;color:#999\" class=\"arrow-unsorted-368013\" xmlns=\"http:\/\/www.w3.org\/2000\/svg\" width=\"10px\" height=\"10px\" viewBox=\"0 0 24 24\" version=\"1.2\" baseProfile=\"tiny\"><path d=\"M18.2 9.3l-6.2-6.3-6.2 6.3c-.2.2-.3.4-.3.7s.1.5.3.7c.2.2.4.3.7.3h11c.3 0 .5-.1.7-.3.2-.2.3-.5.3-.7s-.1-.5-.3-.7zM5.8 14.7l6.2 6.3 6.2-6.3c.2-.2.3-.5.3-.7s-.1-.5-.3-.7c-.2-.2-.4-.3-.7-.3h-11c-.3 0-.5.1-.7.3-.2.2-.3.5-.3.7s.1.5.3.7z\"\/><\/svg><\/span><\/span><\/span><\/a><\/span><\/div>\n<nav><ul class='ez-toc-list ez-toc-list-level-1 ' ><li class='ez-toc-page-1 ez-toc-heading-level-2'><a class=\"ez-toc-link ez-toc-heading-1\" href=\"https:\/\/www.rajapack.at\/verpackungsnews\/kosmetikverpackungen\/#Was_erwarten_Verbraucher_von_Kosmetikverpackungen\" title=\"Was erwarten Verbraucher von Kosmetikverpackungen?\">Was erwarten Verbraucher von Kosmetikverpackungen?<\/a><\/li><li class='ez-toc-page-1 ez-toc-heading-level-2'><a class=\"ez-toc-link ez-toc-heading-2\" href=\"https:\/\/www.rajapack.at\/verpackungsnews\/kosmetikverpackungen\/#Kosmetikverpackungen_%E2%80%93_Was_muss_ich_grundsaetzlich_beachten\" title=\"Kosmetikverpackungen &#8211; Was muss ich grunds\u00e4tzlich beachten?\">Kosmetikverpackungen &#8211; Was muss ich grunds\u00e4tzlich beachten?<\/a><\/li><li class='ez-toc-page-1 ez-toc-heading-level-2'><a class=\"ez-toc-link ez-toc-heading-3\" href=\"https:\/\/www.rajapack.at\/verpackungsnews\/kosmetikverpackungen\/#7_Kosmetikverpackungstrends_die_Sie_fuer_Ihre_Marke_beachten_sollten\" title=\"7 Kosmetikverpackungstrends, die Sie f\u00fcr Ihre Marke beachten sollten\">7 Kosmetikverpackungstrends, die Sie f\u00fcr Ihre Marke beachten sollten<\/a><ul class='ez-toc-list-level-3' ><li class='ez-toc-heading-level-3'><a class=\"ez-toc-link ez-toc-heading-4\" href=\"https:\/\/www.rajapack.at\/verpackungsnews\/kosmetikverpackungen\/#Punkt_1_Setzen_Sie_auf_oekologische_Materialien\" title=\"Punkt 1: Setzen Sie auf \u00f6kologische Materialien\">Punkt 1: Setzen Sie auf \u00f6kologische Materialien<\/a><\/li><li class='ez-toc-page-1 ez-toc-heading-level-3'><a class=\"ez-toc-link ez-toc-heading-5\" href=\"https:\/\/www.rajapack.at\/verpackungsnews\/kosmetikverpackungen\/#Punkt_2_Kunststoffverpackungen_%E2%80%93_neu_erfunden\" title=\"Punkt 2: Kunststoffverpackungen &#8211; neu erfunden\">Punkt 2: Kunststoffverpackungen &#8211; neu erfunden<\/a><\/li><li class='ez-toc-page-1 ez-toc-heading-level-3'><a class=\"ez-toc-link ez-toc-heading-6\" href=\"https:\/\/www.rajapack.at\/verpackungsnews\/kosmetikverpackungen\/#Punkt_3_Leiten_Sie_Ihre_Verpackungen_bis_ans_Ende_des_Verpackungskreislaufs\" title=\"Punkt 3: Leiten Sie Ihre Verpackungen, bis ans Ende des Verpackungskreislaufs\">Punkt 3: Leiten Sie Ihre Verpackungen, bis ans Ende des Verpackungskreislaufs<\/a><\/li><li class='ez-toc-page-1 ez-toc-heading-level-3'><a class=\"ez-toc-link ez-toc-heading-7\" href=\"https:\/\/www.rajapack.at\/verpackungsnews\/kosmetikverpackungen\/#Punkt_4_Denke_daran_%E2%80%93_Weniger_ist_mehr\" title=\"Punkt 4: Denke daran &#8211; Weniger ist mehr!\">Punkt 4: Denke daran &#8211; Weniger ist mehr!<\/a><\/li><li class='ez-toc-page-1 ez-toc-heading-level-3'><a class=\"ez-toc-link ez-toc-heading-8\" href=\"https:\/\/www.rajapack.at\/verpackungsnews\/kosmetikverpackungen\/#Punkt_5_Entscheiden_Sie_sich_fuer_Farben_die_oekologische_Verantwortung_implizieren\" title=\"Punkt 5: Entscheiden Sie sich f\u00fcr Farben, die \u00f6kologische Verantwortung implizieren\">Punkt 5: Entscheiden Sie sich f\u00fcr Farben, die \u00f6kologische Verantwortung implizieren<\/a><\/li><li class='ez-toc-page-1 ez-toc-heading-level-3'><a class=\"ez-toc-link ez-toc-heading-9\" href=\"https:\/\/www.rajapack.at\/verpackungsnews\/kosmetikverpackungen\/#Punkt_6_Bleiben_Sie_einfarbig\" title=\"Punkt 6: Bleiben Sie einfarbig!\">Punkt 6: Bleiben Sie einfarbig!<\/a><\/li><li class='ez-toc-page-1 ez-toc-heading-level-3'><a class=\"ez-toc-link ez-toc-heading-10\" href=\"https:\/\/www.rajapack.at\/verpackungsnews\/kosmetikverpackungen\/#Punkt_7_Technologie_fuer_mehr_Transparenz_nutzen\" title=\"Punkt 7: Technologie f\u00fcr mehr Transparenz nutzen\">Punkt 7: Technologie f\u00fcr mehr Transparenz nutzen<\/a><\/li><\/ul><\/li><\/ul><\/nav><\/div>\n<h2><span class=\"ez-toc-section\" id=\"Was_erwarten_Verbraucher_von_Kosmetikverpackungen\"><\/span>Was erwarten Verbraucher von Kosmetikverpackungen?<span class=\"ez-toc-section-end\"><\/span><\/h2>\n<div class=\"su-spacer\" style=\"height:20px\"><\/div>\nBeim Kauf von Kosmetikprodukten haben Ihre Kunden heutzutage mehr als nur die Wirksamkeit im Blick. Sie achten mittlerweile genau auf die Zusammensetzung, stellen sicher, dass die verwendeten Inhaltsstoffe keine endokrinen Disruptoren enthalten, dass es sich um nat\u00fcrliche oder biologische Produkte handelt und dass keine Tierversuche durchgef\u00fchrt wurden.<div class=\"su-spacer\" style=\"height:20px\"><\/div>\n<div class=\"su-box su-box-style-default\" id=\"\" style=\"border-color:#1a7dc4;border-radius:3px\"><div class=\"su-box-title\" style=\"background-color:#4db0f7;color:#FFFFFF;border-top-left-radius:1px;border-top-right-radius:1px\">Kurz gesagt: <\/div><div class=\"su-box-content su-u-clearfix su-u-trim\" style=\"border-bottom-left-radius:1px;border-bottom-right-radius:1px\">Der Trend geht heute in Richtung gr\u00fcne Sch\u00f6nheit, saubere Kosmetik oder sogar Slow Cosmetics \u2013 Begriffe, die das Umweltbewusstsein der Verbraucher, nachhaltige Entwicklung und die Transparenz der Kosmetikindustrie in Bezug auf ihre Herstellungsverfahren widerspiegeln.<\/div><\/div><div class=\"su-spacer\" style=\"height:20px\"><\/div>\n<p>Es ist daher nur nat\u00fcrlich, dass auch der Trend bei Kosmetikverpackungen dieser Logik folgt. F\u00fcr Kosmetikmarken ist es heute eine Frage des Markenimages, ihre Produkte auf \u00f6kologisch verantwortliche Weise zu verpacken, unabh\u00e4ngig davon, ob sie Teil der Bio-Sch\u00f6nheitsbewegung sind oder nicht. Egal, ob Sie Ihre Sch\u00f6nheits- oder Hygieneprodukte \u00fcber E-Commerce oder im Einzelhandel verkaufen: Es ist \u00e4u\u00dferst wichtig, dass Sie sich die Zeit nehmen, diesem Trend zu folgen. Dazu geh\u00f6rt auch, sich Gedanken zu machen, ob bei einigen Produkten nicht auf die Verpackung verzichtet werden kann. Ein Trend, den einige Kosmetikmarken f\u00fcr sich entdeckt und zu einer Art USP ausgearbeitet haben (Stichwort: Feste Kosmetik bzw. festes Shampoo). <div class=\"su-spacer\" style=\"height:20px\"><\/div>\n<p>Dar\u00fcber hinaus erwarten Verbraucher zunehmend starke Erlebnisse mit den Marken, von der Kaufentscheidung bis zum Kundenservice, und sie m\u00f6chten die Werte hinter den Produkten kennen. Dies ist ein weiterer Trend, der in Ihre Verpackungspraktiken einflie\u00dfen sollte. Setzen Sie sich mit Ihrer Verpackung durch Personalisierung ab. Versuchen Sie, Ihre Werte und Markenbotschaften in Form, Beschaffenheit und Design (z.B. \u00fcber Verpackungsdruck) auch \u00fcber Ihre Verpackung zu transportieren. Auch auf Verpackung zu verzichten bzw. sie weitestgehend zu reduzieren, ist nicht nur eine Frage der Nachhaltigkeit, sondern kann gleichzeitig eine starke Markenbotschaft sein!<br \/>\n<div class=\"su-spacer\" style=\"height:20px\"><\/div>\n<h2><span class=\"ez-toc-section\" id=\"Kosmetikverpackungen_%E2%80%93_Was_muss_ich_grundsaetzlich_beachten\"><\/span>Kosmetikverpackungen &#8211; Was muss ich grunds\u00e4tzlich beachten?<span class=\"ez-toc-section-end\"><\/span><\/h2>\n<p>Welche Schritte sind erforderlich, um Kosmetikprodukte erfolgreich f\u00fcr den Versand im E-Commerce zu verpacken?<\/p>\n<ol>\n<li>Sicherung der Kosmetikverpackung &#8211; Unabh\u00e4ngig von der Art der Verpackung (Glasflaschen, Kunststoffbeh\u00e4lter usw.) sollte sie sorgf\u00e4ltig mit Luftpolsterfolie oder Kraftpapier umwickelt werden. Die Wahl des Polstermaterials sollte entsprechend der Empfindlichkeit der Kosmetikprodukte getroffen werden, um Besch\u00e4digungen vorzubeugen. Abschlie\u00dfend sollte die \u00e4u\u00dfere Schicht, zum Beispiel mit hochwertigem Packband oder auch einem Etikett oder Aufkleber, sicher fixiert werden, um ein ungewolltes \u00d6ffnen zu verhindern.<\/li>\n<li>Auswahl des Kartons &#8211; meistens w\u00e4hlen Ladenbesitzer Kartons aus 2-welliger Wellpappe. Eine interessante Wahl sind Kartons mit doppeltem Boden, die den Kosmetikprodukten zus\u00e4tzliche Polsterung bieten. F\u00fcr kleine und fragile Beh\u00e4lter reichen \u00e4sthetisch ansprechende Zuschnittverpackungen aus.<\/li>\n<li>F\u00fcllen des freien Raums im Paket &#8211; nat\u00fcrlich mit umweltfreundlichen F\u00fcllmaterialien wie Luftpolsterpapier, Luftpolsterfolie, Schrenzpapier oder Papierwolle sowie gebrauchter Folie aus anderen Sendungen. Gute F\u00fcllmaterialien sorgen f\u00fcr eine ordnungsgem\u00e4\u00dfe Polsterung und ficieren die Kosmetikprodukte im Paket.<\/li>\n<li>Sicheres Verschlie\u00dfen und Beschriften des Kartons &#8211; Der Karton mit den gesch\u00fctzten Kosmetikprodukten sollte mit professionellem Packband versiegelt werden. Ein Warnhinweis (an gut sichtbarer Stelle) ist ebenfalls unerl\u00e4sslich. Die Beschriftung informiert den Versanddienstleister dar\u00fcber, dass das Paket fragile und empfindliche Kosmetikprodukte enth\u00e4lt &#8211; das Paket sollte daher sorgf\u00e4ltig behandelt werden.<\/li>\n<\/ol>\n<div class=\"su-spacer\" style=\"height:20px\"><\/div>\n<h2><span class=\"ez-toc-section\" id=\"7_Kosmetikverpackungstrends_die_Sie_fuer_Ihre_Marke_beachten_sollten\"><\/span>7 Kosmetikverpackungstrends, die Sie f\u00fcr Ihre Marke beachten sollten<span class=\"ez-toc-section-end\"><\/span><\/h2>\n<div class=\"su-spacer\" style=\"height:20px\"><\/div>\n<h3><span class=\"ez-toc-section\" id=\"Punkt_1_Setzen_Sie_auf_oekologische_Materialien\"><\/span>Punkt 1: Setzen Sie auf \u00f6kologische Materialien<span class=\"ez-toc-section-end\"><\/span><\/h3>\n<div class=\"su-spacer\" style=\"height:20px\"><\/div>\nDer erste Trend bei Kosmetikverpackungen \u00fcberrascht nicht: Es geht darum, umweltfreundliche Materialien f\u00fcr das Design Ihrer Verpackung zu verwenden. Boxen, Gl\u00e4ser, Polstermaterialien und auch der Verschluss eines Fl\u00e4schchens sollten so gestaltet sein, dass sie der Umwelt nicht schaden.<div class=\"su-spacer\" style=\"height:20px\"><\/div>\n<strong>Beispiele f\u00fcr inspirierende \u00f6kologische Kosmetikverpackungen:<\/strong><div class=\"su-spacer\" style=\"height:20px\"><\/div>\n<div class=\"su-table su-table-alternate\">\n<table width=\"327\">\n<tbody>\n<tr>\n<td title=\"never\" width=\"80\" height=\"240\"><img loading=\"lazy\" decoding=\"async\" class=\"alignnone size-full wp-image-29294\" src=\"https:\/\/www.rajapack.de\/verpackungsnews\/wp-content\/uploads\/2023\/06\/Geschenkbox-aus-Kraftkarton-mit-Magnetverschluss.jpg\" alt=\"Nachhaltig Verpacken Kartonbox\" width=\"400\" height=\"400\" \/><\/td>\n<td width=\"77\">Die <a href=\"https:\/\/www.rajapack.at\/tragetaschen-geschenkverpackung\/geschenkboxen-tueten\/geschenkboxen\/kraftpapier-geschenkboxen-mit-magnetverschluss_OFF_DE_01788.html\" target=\"_blank\" rel=\"noopener\">Kraftpapier-Geschenkboxen mit Magnetverschluss<\/a> aus Kraftpapier.<\/td>\n<\/tr>\n<tr>\n<td width=\"80\"><img loading=\"lazy\" decoding=\"async\" class=\"alignnone size-full wp-image-29297\" src=\"https:\/\/www.rajapack.de\/verpackungsnews\/wp-content\/uploads\/2023\/06\/Flaschenkarton-mit-Sichtfenster.jpg\" alt=\"F\u00fcr Kosmetikartikel und Getr\u00e4nke gleicherma\u00b4\u00dfen geeignet\" width=\"400\" height=\"400\" \/><\/td>\n<td width=\"77\">Der <a href=\"https:\/\/www.rajapack.at\/tragetaschen-geschenkverpackung\/flaschenverpackungen\/geschenkkartons-flaschen\/flaschenverpackung-natur_skuFG2010CVNFI.html\" target=\"_blank\" rel=\"noopener\">Flaschenkarton mit Sichtfenster<\/a> f\u00fcr Kosmetikartikel in Flaschen. Sch\u00fctzt und wertet auf: Das Produkt bleibt durch das Sichtfenster sichtbar<\/td>\n<\/tr>\n<tr>\n<td width=\"80\"><img loading=\"lazy\" decoding=\"async\" class=\"alignnone size-full wp-image-29298\" src=\"https:\/\/www.rajapack.de\/verpackungsnews\/wp-content\/uploads\/2023\/06\/Geschenkkarton-mit-separatem-Deckel.jpg\" alt=\"Sch\u00fctzt nat\u00fcrlich: Stabiler Geschenkkarton mit abnehmbarem Deckel\" width=\"400\" height=\"400\" \/><\/td>\n<td width=\"77\">Der <a href=\"https:\/\/www.rajapack.at\/tragetaschen-geschenkverpackung\/geschenkboxen-tueten\/geschenkboxen\/separater-deckel_OFF_DE_0952.html\" target=\"_blank\" rel=\"noopener\">Geschenkkarton mit separatem Deckel<\/a>, besonders geeignet f\u00fcr Naturkosmetikl\u00e4den sowie kleine Boutiquen<\/td>\n<\/tr>\n<tr>\n<td width=\"80\"><img loading=\"lazy\" decoding=\"async\" class=\"alignnone size-full wp-image-29300\" src=\"https:\/\/www.rajapack.de\/verpackungsnews\/wp-content\/uploads\/2023\/06\/Tragetasche-mit-Sichtfenster.jpg\" alt=\"KLeine Geschenke und Accessoires bestm\u00f6glich pr\u00e4sentieren\" width=\"400\" height=\"400\" \/><\/td>\n<td width=\"77\">Die <a href=\"https:\/\/www.rajapack.at\/tragetaschen-geschenkverpackung\/tragetaschen\/papiertragetaschen\/mit-sichtfenster_OFF_DE_0970.html\" target=\"_blank\" rel=\"noopener\">Kraftpapiertragetaschen<\/a> mit Seiten- und Bodenfalte sind \u00fcberraschend ger\u00e4umig und bieten dank Sichtfenster eine tolle M\u00f6glichkeit, Ihre Produkte zu pr\u00e4sentieren! Ideal f\u00fcr den Verkauf von Kosmetikartikeln im Einzelhandel.<\/td>\n<\/tr>\n<tr>\n<td width=\"80\"><img loading=\"lazy\" decoding=\"async\" class=\"alignnone size-full wp-image-29301\" src=\"https:\/\/www.rajapack.de\/verpackungsnews\/wp-content\/uploads\/2023\/06\/raffinierte-Geschenkbox-mit-Schleife.jpg\" alt=\"Geschenkkarton mit Lackbeschichtung in wei\u00df und silber\" width=\"400\" height=\"400\" \/><\/td>\n<td width=\"77\">Diese <a href=\"https:\/\/www.rajapack.at\/tragetaschen-geschenkverpackung\/geschenkboxen-tueten\/geschenkboxen\/satin-schleife_OFF_DE_0954.html\" target=\"_blank\" rel=\"noopener\">raffinierte Geschenkbox mit Satinschleife<\/a> ist der absolute Hingucker: Parf\u00fcm und hochwertige Kosmetika kommt hier perfekt zur Geltung<\/td>\n<\/tr>\n<tr>\n<td width=\"80\"><img loading=\"lazy\" decoding=\"async\" class=\"alignnone size-full wp-image-29302\" src=\"https:\/\/www.rajapack.de\/verpackungsnews\/wp-content\/uploads\/2023\/06\/Flachenkoffer.jpg\" alt=\"Funktion, gutes Aussehen und Nachhaltigkeit: Der Flaschenkoffer bringt alles mit :-)\" width=\"400\" height=\"400\" \/><\/td>\n<td width=\"77\">Auch perfekt f\u00fcr Naturkosmetik, Cremes, Shampoo, Bodylotion und Co: Der <a href=\"https:\/\/www.rajapack.at\/tragetaschen-geschenkverpackung\/flaschenverpackungen\/geschenkkartons-flaschen\/flaschenkoffer_PDT02547.html\" target=\"_blank\" rel=\"noopener\">Flaschenkoffer<\/a> mit praktischem Tragegriff. Gepolstert mit z.B. <a href=\"https:\/\/www.rajapack.at\/tragetaschen-geschenkverpackung\/dekoratives-fuellmaterial\/holzwolle-papierwolle\/papierwolle_OFF_DE_0379.html\" target=\"_blank\" rel=\"noopener\">Papierwolle<\/a> sind hier auch Gl\u00e4ser und Flaschen bestens gesch\u00fctzt<\/td>\n<\/tr>\n<\/tbody>\n<\/table>\n<\/div>\n<div class=\"su-spacer\" style=\"height:20px\"><\/div><div class=\"su-spacer\" style=\"height:20px\"><\/div>\n<h3><span class=\"ez-toc-section\" id=\"Punkt_2_Kunststoffverpackungen_%E2%80%93_neu_erfunden\"><\/span>Punkt 2: Kunststoffverpackungen &#8211; neu erfunden<span class=\"ez-toc-section-end\"><\/span><\/h3>\n<div class=\"su-spacer\" style=\"height:20px\"><\/div>\nSeit vielen Jahren gibt es den Trend des Plastik-Bashings gegen\u00fcber Marken, unabh\u00e4ngig von ihrer Branche. In sozialen Netzwerken sehen wir viele Kunden, die den Einsatz von petrochemischem Kunststoff in der Verpackung von Marken generell kritisieren. Plastik vermeiden, um jeden Preis? Nicht immer die L\u00f6sung. Es gibt einige <a href=\"https:\/\/www.rajapack.at\/verpackungsnews\/kunststoff-besser-als-sein-ruf\" target=\"_blank\" rel=\"noopener\">Arten von Kunststoff, die tats\u00e4chlich umweltfreundlich sind<\/a>. Arbeiten Sie hier mit m\u00f6glichst gro\u00dfer Transparenz und informieren Sie Ihre Kunden, warum Sie sich zum Einsatz von Kunststoffmaterialen in der Verpackung entscheiden. Zum Beispiel auch auf Ihrer Verpackung selbst. <div class=\"su-spacer\" style=\"height:20px\"><\/div>\n<p>Das eigentliche Problem mit Kunststoffen ist, dass die Kunststoffartikel oftmals eine geringe Halbwertszeit haben, in der Umwelt aber Jahrhunderte \u00fcberdauern. Dabei gibt es durchaus Bereiche, in denen Kunststoff aus Sicht der \u00d6kobilanz die bessere Alternative ist.<\/p>\n<p><strong>Weiterlesen zum Thema Plastikverpackungen und deren \u00d6kobilanz:<\/strong><div class=\"su-spacer\" style=\"height:20px\"><\/div>\n<div class=\"su-table su-table-alternate\">\n<table width=\"800\">\n<tbody>\n<tr>\n<td title=\"never\" width=\"200\" height=\"80\"><img loading=\"lazy\" decoding=\"async\" class=\"alignnone size-full wp-image-29347\" src=\"https:\/\/www.rajapack.de\/verpackungsnews\/wp-content\/uploads\/2023\/06\/colis-hipli-reutilisable_mehrwegverpackung-ecomm.jpg\" alt=\"Mehrwegverpackungen im ecommerce\" width=\"600\" height=\"450\" \/><\/td>\n<td width=\"600\">\n<h4 class=\"header-article__content__title\"><a href=\"https:\/\/www.rajapack.at\/verpackungsnews\/nachhaltige-mehrwegverpackungen\" target=\"_blank\" rel=\"noopener\"><strong>M\u00f6gliche Wege zu mehr Nachhaltigkeit in der Verpackung<\/strong><\/a><\/h4>\n<p>Plastik ist nicht per se schlecht. Plastik ist langlebig und haltbar \u2013 und hat daher seine Berechtigung in sehr vielen Einsatzbereichen. Aber genau diese Eigenschaften kommen nicht zum Tragen, wenn Plastikprodukte nur wenige Minuten oder sogar Sekunden im Einsatz sind (Plastiktraget\u00fcte, Coffee-to-go-Becher\u2026). Beim weit verbreiteten \u201eOne-way-use\u201c werden genau diese Haltbarkeit und Langlebigkeit zum Problem, f\u00fchren zu stetig wachsenden M\u00fcllbergen und belasten die Umwelt auf Dauer. Anders bei Mehrweg-Versandverpackungen.<\/td>\n<\/tr>\n<tr>\n<td width=\"\">\n<h4><img loading=\"lazy\" decoding=\"async\" class=\"alignnone size-full wp-image-29348\" src=\"https:\/\/www.rajapack.de\/verpackungsnews\/wp-content\/uploads\/2023\/06\/Biokunststoff_klein.jpg\" alt=\"Wann ist Kunststoff &quot;bio&quot;?\" width=\"600\" height=\"518\" \/><\/h4>\n<\/td>\n<td width=\"77\">\n<h4 class=\"header-article__content__title\"><strong><a href=\"https:\/\/www.rajapack.at\/verpackungsnews\/biokunststoff-pla-fuer-verpackungen\" target=\"_blank\" rel=\"noopener\">Biokunststoff PLA f\u00fcr (lebensmittelechte) Verpackungen<\/a><\/strong><\/h4>\n<p>Es gibt mehrere\u00a0Arten von Biokunststoffen, denn \u201ebio\u201c hat in diesem Fall zwei Bedeutungen. Zum einen steht es f\u00fcr biobasiert: Biobasierte Kunststoffe sind solche, die aus nachwachsenden Rohstoffen hergestellt werden. \u201eBio\u201c kann aber auch f\u00fcr biologisch abbaubar stehen: Das hei\u00dft, der Biokunststoff kann kompostiert werden.<\/td>\n<\/tr>\n<tr>\n<td width=\"80\">\n<h4><img loading=\"lazy\" decoding=\"async\" class=\"alignnone size-full wp-image-29349\" src=\"https:\/\/www.rajapack.de\/verpackungsnews\/wp-content\/uploads\/2023\/06\/plastikttasche_klein.jpg\" alt=\"Plastik als Rohstoff\" width=\"600\" height=\"600\" \/><\/h4>\n<\/td>\n<td width=\"77\">\n<h4 class=\"header-article__content__title\"><a href=\"https:\/\/www.rajapack.at\/verpackungsnews\/kann-man-plastiktueten-recyclen\" target=\"_blank\" rel=\"noopener\"><strong>Kann <span style=\"font-family: inherit;font-size: inherit\">man Plastikt\u00fcten recyclen?<\/span><\/strong><\/a><\/h4>\n<p align=\"justify\">Das Interesse von Unternehmen und Verbrauchern an Nachhaltigkeit und Umweltfreundlichkeit nimmt zu. In der Diskussion um\u00a0 den bewussteren Umgang mit Plastik landet man recht schnell bei Plastikt\u00fcten. Wo immer m\u00f6glich, sollte deren Einsatz vermieden werden. Und wenn es nicht geht? Wiederverwenden, Plastikt\u00fcten recyclen.<\/p>\n<\/td>\n<\/tr>\n<tr>\n<td width=\"80\"><img loading=\"lazy\" decoding=\"async\" class=\"alignnone size-full wp-image-29350\" src=\"https:\/\/www.rajapack.de\/verpackungsnews\/wp-content\/uploads\/2023\/06\/Plastikganulat_klein.jpg\" alt=\"Plastik als wertvoller Werkstoff\" width=\"600\" height=\"400\" \/><\/td>\n<td width=\"77\">\n<h4 class=\"header-article__content__title\"><a href=\"https:\/\/www.rajapack.de\/verpackungsnews\/recycling-als-ressource\" target=\"_blank\" rel=\"noopener\"><strong>Recycling als Ressource: Plastikabf\u00e4lle sind kein M\u00fcll<\/strong><\/a><\/h4>\n<p>Deutschland ist Recycling-Weltmeister! Kein anderes Volk trennt so leidenschaftlich die eigenen zivilisatorischen \u00dcberreste. Hausm\u00fcll, Plastik, Bioabf\u00e4lle, Papier \u2013 f\u00fcr alle Abfall-Arten gibt es die farblich passende Tonne.\u00a0Bestimmt stand jeder schon mal ratlos vor selbigen und fragte sich, in welchen Beh\u00e4lter die zerbrochene Porzellantasse oder in welchen der Joghurtbecher geh\u00f6rt? K\u00f6nnen Essensreste im Biom\u00fcll entsorgt werden? Geh\u00f6rt die Pralinenschachtel in den Papier- oder Plastikm\u00fcll? Und wie werden Briefumschl\u00e4ge mit Sichtfenster entsorgt?<\/td>\n<\/tr>\n<\/tbody>\n<\/table>\n<p>&nbsp;<\/p>\n<\/div>\n<div class=\"su-spacer\" style=\"height:20px\"><\/div>\n<div class=\"su-spacer\" style=\"height:20px\"><\/div>\n<h3><span class=\"ez-toc-section\" id=\"Punkt_3_Leiten_Sie_Ihre_Verpackungen_bis_ans_Ende_des_Verpackungskreislaufs\"><\/span>Punkt 3: Leiten Sie Ihre Verpackungen, bis ans Ende des Verpackungskreislaufs<span class=\"ez-toc-section-end\"><\/span><\/h3>\n<div class=\"su-spacer\" style=\"height:20px\"><\/div>\n<p>Stellen Sie sicher, dass Ihre Kunden verstehen, wie sie die Verpackung bis zum Ende ihres Lebenszyklus nutzen k\u00f6nnen. Um wirklich transparent zu sein, sollten die entsprechenden Symbole auf der Verpackung selbst deutlich erkennbar sein. In unserem Webshop haben wir die Verpackungen, die mit mindestens einem oder mehreren Umwelt-Labels ausgezeichnet sind, mit diesem Zeichen gekennzeichnet:<\/p>\n<div class=\"su-image-carousel su-image-carousel-has-spacing su-image-carousel-adaptive su-image-carousel-slides-style-photo su-image-carousel-controls-style-light su-image-carousel-align-center\" style=\"max-width:600px\" data-flickity-options='{\"groupCells\":true,\"cellSelector\":\".su-image-carousel-item\",\"adaptiveHeight\":true,\"cellAlign\":\"left\",\"prevNextButtons\":false,\"pageDots\":false,\"autoPlay\":false,\"imagesLoaded\":true,\"contain\":false,\"selectedAttraction\":0.025,\"friction\":0.28}' id=\"su_image_carousel_69f369db4cc12\"><div class=\"su-image-carousel-item\"><div class=\"su-image-carousel-item-content\"><a href=\"\" target=\"_blank\" rel=\"noopener noreferrer\" data-caption=\"\"><img loading=\"lazy\" decoding=\"async\" width=\"703\" height=\"356\" src=\"https:\/\/www.rajapack.at\/verpackungsnews\/wp-content\/uploads\/2023\/06\/RAJA-Umweltlabel.png\" class=\"\" alt=\"Wie erkenne ich umweltfreundliche Verpackungen\" srcset=\"https:\/\/www.rajapack.at\/verpackungsnews\/wp-content\/uploads\/2023\/06\/RAJA-Umweltlabel.png 703w, https:\/\/www.rajapack.at\/verpackungsnews\/wp-content\/uploads\/2023\/06\/RAJA-Umweltlabel-430x218.png 430w\" sizes=\"auto, (max-width: 703px) 100vw, 703px\" \/><\/a><\/div><\/div><\/div><script id=\"su_image_carousel_69f369db4cc12_script\">if(window.SUImageCarousel){setTimeout(function() {window.SUImageCarousel.initGallery(document.getElementById(\"su_image_carousel_69f369db4cc12\"))}, 0);}var su_image_carousel_69f369db4cc12_script=document.getElementById(\"su_image_carousel_69f369db4cc12_script\");if(su_image_carousel_69f369db4cc12_script){su_image_carousel_69f369db4cc12_script.parentNode.removeChild(su_image_carousel_69f369db4cc12_script);}<\/script>\n<p>Weiterlesen zum Thema Umwelt-Logos und Kennzeichnungen auf Verpackungen: <a href=\"https:\/\/www.rajapack.at\/verpackungsnews\/kennzeichnungen-aus-der-verpackungswelt\" target=\"_blank\" rel=\"noopener\"><strong>Klarheit auf den ersten Blick: Kennzeichnungen aus der Verpackungswelt<\/strong><\/a><br \/>\n<div class=\"su-spacer\" style=\"height:20px\"><\/div><div class=\"su-spacer\" style=\"height:20px\"><\/div>\n<h3><span class=\"ez-toc-section\" id=\"Punkt_4_Denke_daran_%E2%80%93_Weniger_ist_mehr\"><\/span>Punkt 4: Denke daran &#8211; Weniger ist mehr!<span class=\"ez-toc-section-end\"><\/span><\/h3>\n<div class=\"su-spacer\" style=\"height:20px\"><\/div>\nDie Verbraucher und Verbraucherinnen \u00fcbernehmen also mehr und mehr \u00f6kologische Verantwortung beim Einkauf &#8211; und erwarten das auch von H\u00e4ndlern und Anbietern. Was hei\u00dft das in Bezug auf das Verpackungs-Design? Ganz klar: Weniger ist mehr! Schlichte <a href=\"\/kartons-schachteln-container\/faltkartons-aus-wellpappe\/weisse-kartons_C101016.html\" target=\"_blank\" rel=\"noopener\">Versandkartons in Wei\u00df<\/a> oder braune Pappverpackungen mit unauff\u00e4lliger Beschriftung sind absolut im Trend! Je einfacher eine Produktverpackung ist, desto transparenter und vertrauensw\u00fcrdiger wird die Marke von Verbrauchern wahrgenommen.<\/p>\n<p><strong>Mit diesen Produkten k\u00f6nnen Sie dem Schlicht-und-Einfach-Trend entsprechen:<\/strong><\/p>\n<div class=\"su-table su-table-alternate\"><\/div>\n<table width=\"800\">\n<tbody>\n<tr>\n<td title=\"never\" width=\"200\" height=\"80\"><img loading=\"lazy\" decoding=\"async\" class=\"alignnone size-full wp-image-29340\" src=\"https:\/\/www.rajapack.de\/verpackungsnews\/wp-content\/uploads\/2023\/06\/Versandkarton-weiss-flach.jpg\" alt=\"Schlichte Verpackungen liegen voll im Trend\" width=\"400\" height=\"400\" \/><\/td>\n<td width=\"600\">Der schlichte, <strong><a href=\"https:\/\/www.rajapack.at\/kartons-schachteln-container\/versandkartons-postverpackungen\/kalenderverpackungen-flachkartons\/versandkarton-flach-pack-weiss_PDT00426.html\" target=\"_blank\" rel=\"noopener\">wei\u00dfe Karton f\u00fcr flache Produkte<\/a><\/strong> liegt voll im Trend und bringt noch viele, weitere Vorteile mit sich:<\/p>\n<p>Je nach Modell ist der Karton geeignet f\u00fcr die Zustellung im Briefkasten und als Maxi- bzw. B\u00fccher- und Warensendung, er l\u00e4sst sich einfach mit Firmenlogo oder Slogan bedrucken bzw. mit personalisierten Aufklebern individuell gestalten, ohne an seiner schlichten Wirkung zu verlieren.<\/td>\n<\/tr>\n<tr>\n<td title=\"never\" width=\"200\" height=\"80\"><img loading=\"lazy\" decoding=\"async\" class=\"alignnone size-full wp-image-29341\" src=\"https:\/\/www.rajapack.de\/verpackungsnews\/wp-content\/uploads\/2023\/06\/RAJAPOST.jpg\" alt=\"Einfache Verpackungen entsprechen dem Nachhaltigkeitstrend\" width=\"400\" height=\"400\" \/><\/td>\n<td width=\"600\">Mit dem <strong><a href=\"https:\/\/www.rajapack.at\/kartons-schachteln-container\/versandkartons-postverpackungen\/postkartons\/postkartons-rajapost-weiss_PDT00395.html\" target=\"_blank\" rel=\"noopener\">Postkarton RAJAPOST weiss<\/a><\/strong> entsprechen Sie ebenfalls voll und ganz dem Trend:<\/p>\n<p>In unz\u00e4hlig vielen Formaten erh\u00e4ltlich liegt der stabile Versandkarton gerade durch seine Unscheinbarkeit in Sachen Beliebtheit ganz weit vorn.<\/td>\n<\/tr>\n<\/tbody>\n<\/table>\n<div class=\"su-spacer\" style=\"height:20px\"><\/div>\n<p>Ein bisschen mehr pers\u00f6nliche Note darf es sein? Dann gerne hier weiterlesen: <a href=\"https:\/\/www.rajapack.at\/verpackungsnews\/verpackung-bedrucken-ein-ratgeber\" target=\"_blank\" rel=\"noopener\"><strong>Verpackung bedrucken \u2013 ein Ratgeber<\/strong><\/a><\/p>\n<div class=\"su-spacer\" style=\"height:20px\"><\/div>\n<div class=\"su-spacer\" style=\"height:20px\"><\/div>\n<h3><span class=\"ez-toc-section\" id=\"Punkt_5_Entscheiden_Sie_sich_fuer_Farben_die_oekologische_Verantwortung_implizieren\"><\/span>Punkt 5: Entscheiden Sie sich f\u00fcr Farben, die \u00f6kologische Verantwortung implizieren<span class=\"ez-toc-section-end\"><\/span><\/h3>\n<p>Neben Wei\u00df, das als Farbe in Verbindung mit Umwelt steht, k\u00f6nnen andere Farben Ihren Kosmetikprodukten einen nat\u00fcrlichen Charakter verleihen. Dies gilt insbesondere f\u00fcr Ockert\u00f6ne, erdige Nuancen oder Pastellfarben, die in den letzten Jahren zu einem Trend in der Kosmetikverpackung geworden sind. Daher gibt es nichts Besseres, als sich f\u00fcr Verpackungen aus Karton oder nat\u00fcrlichen Kraftpapieren zu entscheiden, die einen sehr umweltbewussten Look haben!<\/p>\n<p><strong>Beispiele, die diesem Trend entsprechen:<\/strong><\/p>\n<div class=\"su-table su-table-alternate\"><\/div>\n<table width=\"800\">\n<tbody>\n<tr>\n<td title=\"never\" width=\"200\" height=\"80\"><img loading=\"lazy\" decoding=\"async\" src=\"https:\/\/blog-contentcenter.raja-group.com\/wp-content\/uploads\/2023\/02\/emballage-kraft-300x300.png\" \/><\/td>\n<td width=\"600\"><strong>Ganz generell<\/strong>: Verpackungen aus Kraftpapier, also zum Beispiel <a href=\"https:\/\/www.rajapack.at\/versandtaschen-umschlaege-versandrohre\/polsterumschlaege\/papierpolster-versandtaschen\/kombi-bag-recycelt_OFF_DE_01652.html\" target=\"_blank\" rel=\"noopener\">Versandtaschen<\/a> oder auch Polstermaterial aus Kraftpapier, das hervorragenden Polsterschutz bietet, obwohl es so leicht ist<\/td>\n<\/tr>\n<tr>\n<td width=\"\"><img loading=\"lazy\" decoding=\"async\" src=\"https:\/\/blog-contentcenter.raja-group.com\/wp-content\/uploads\/2023\/02\/frisure-bois-300x300.png\" \/><\/td>\n<td width=\"77\">Optimalen Polsterschutz erhalten Sie auch mit <strong><a href=\"https:\/\/www.rajapack.at\/tragetaschen-geschenkverpackung\/dekoratives-fuellmaterial\/holzwolle-papierwolle\/papierwolle_OFF_DE_0379.html\" target=\"_blank\" rel=\"noopener\">Papierwolle<\/a>:\u00a0<\/strong>Sie ist leicht und vielseitig einsetzbar, und vor allem: So nachhaltig, wie sie aussieht \ud83d\ude09<\/td>\n<\/tr>\n<tr>\n<td width=\"80\"><img loading=\"lazy\" decoding=\"async\" class=\"alignnone size-full wp-image-29342\" src=\"https:\/\/www.rajapack.de\/verpackungsnews\/wp-content\/uploads\/2023\/06\/Luftpolsterpapierbeutel.jpg\" alt=\"Super ALternative zum klassischen Luftpolsterbeutel\" width=\"400\" height=\"400\" \/><\/td>\n<td width=\"77\">\n<p align=\"justify\">Im <a href=\"https:\/\/www.rajapack.at\/polster-fuellmaterialien\/luftpolster\/luftpolsterpapierbeutel\/luftpolsterpapierbeutel_OFF_DE_02188.html\" target=\"_blank\" rel=\"noopener\">Luftpolsterpapierbeutel<\/a> aus gepr\u00e4gtem Papier haben Sie die ideale Verpackung gefunden, wenn Sie eine (auch auf den ersten Blick) \u00f6kologische Alternative zu klassischen Luftpolsterbeuteln suchen<\/p>\n<\/td>\n<\/tr>\n<tr>\n<td width=\"80\"><img loading=\"lazy\" decoding=\"async\" src=\"https:\/\/blog-contentcenter.raja-group.com\/wp-content\/uploads\/2023\/02\/boite-carton-calage-300x300.png\" \/><\/td>\n<td width=\"77\">Die<strong><a href=\"https:\/\/www.rajapack.at\/kartons-schachteln-container\/versandkartons-postverpackungen\/fixierverpackung\/korrvu-fixierverpackung_OFF_DE_0778.html\" target=\"_blank\" rel=\"noopener\"> Korrvu\u00ae Fixierverpackung<\/a><\/strong> ist die richtige Wahl, wenn Sie Ihre Produkte nicht nur optimal sch\u00fctzen, sondern auch fixieren und optimal pr\u00e4sentieren m\u00f6chten.<\/td>\n<\/tr>\n<tr>\n<td width=\"80\"><img loading=\"lazy\" decoding=\"async\" src=\"https:\/\/blog-contentcenter.raja-group.com\/wp-content\/uploads\/2023\/02\/carton-fermeture-adhesive-300x300.png\" \/><\/td>\n<td width=\"77\">Der Postkarton f\u00fcr Umweltbewusste: <strong><a href=\"https:\/\/www.rajapack.at\/kartons-schachteln-container\/versandkartons-postverpackungen\/postkartons\/stossdaempfend-sicherheitsverschluss-braun_OFF_DE_1368.html\" target=\"_blank\" rel=\"noopener\">Sto\u00dfd\u00e4mpfende Postkartons<\/a><\/strong> mit Sicherheitsverschluss in braun sind zu 70% aus Recyclingmaterial hergestellt und zu 100% recycelbar. Und das sieht auch der Verbraucher! Gleichzeitig machen die doppelte Kartonst\u00e4rke, der praktische Haftklebeverschluss und die \u00fcberstehenden Seitenkanten den Postkarton supersicher und praktisch in der Anwendung.<\/td>\n<\/tr>\n<\/tbody>\n<\/table>\n<div class=\"su-spacer\" style=\"height:20px\"><\/div>\n<div class=\"su-spacer\" style=\"height:20px\"><\/div>\n<h3><span class=\"ez-toc-section\" id=\"Punkt_6_Bleiben_Sie_einfarbig\"><\/span>Punkt 6: Bleiben Sie einfarbig!<span class=\"ez-toc-section-end\"><\/span><\/h3>\n<p>Wenn die grafische Gestaltung Ihrer Marke voller knalliger Farben ist, keine Panik: Einer der Trends in der Kosmetikverpackung kann perfekt zu Ihrem Design passen: Die &#8222;Einfarbigkeit&#8220;. Verwenden Sie\u00a0 \u00a0Verwendung nur einer der Farbe auf der Verpackung Ihrer Produkte. Das d\u00fcrfen gerne auch dynamischere und auff\u00e4lligere Farben sein.<\/p>\n<p><strong>Beispiele, die diesem Trend entsprechen:<\/strong><\/p>\n<p>&nbsp;<\/p>\n<table width=\"800\">\n<tbody>\n<tr>\n<td title=\"never\" width=\"200\" height=\"80\"><img loading=\"lazy\" decoding=\"async\" src=\"https:\/\/blog-contentcenter.raja-group.com\/wp-content\/uploads\/2023\/02\/papier-soie-unicouleur-300x300.png\" \/><\/td>\n<td width=\"600\"><strong><a href=\"https:\/\/www.rajapack.at\/tragetaschen-geschenkverpackung\/dekoratives-fuellmaterial\/seidenpapier\/packseide_OFF_DE_0380.html\" target=\"_blank\" rel=\"noopener\">Seidenpapier<\/a><\/strong> ist weich und sch\u00fctzt als Polstermaterial, in allen erdenklichen Farben, die Sie Ihrer Marke individuell anpassen k\u00f6nnen. Es ist auch in Wei\u00df oder Kraftpapier-Versionen erh\u00e4ltlich.<\/td>\n<\/tr>\n<tr>\n<td width=\"\"><img loading=\"lazy\" decoding=\"async\" src=\"https:\/\/blog-contentcenter.raja-group.com\/wp-content\/uploads\/2023\/02\/pochette-matelassee-bulle-300x300.png\" \/><\/td>\n<td width=\"77\">Eine moderne und dennoch schlichte Optik bringt die <a href=\"https:\/\/www.rajapack.at\/versandtaschen-umschlaege-versandrohre\/polsterumschlaege\/luftpolster-versandtaschen\/farbige-luftpolster-versandtaschen_OFF_DE_0192.html\" target=\"_blank\" rel=\"noopener\">farbige Luftpolsterversandtasche<\/a> mit sich. Aktuell in drei verschiedenen Farben erh\u00e4ltlich.<\/td>\n<\/tr>\n<tr>\n<td width=\"80\"><img loading=\"lazy\" decoding=\"async\" src=\"https:\/\/blog-contentcenter.raja-group.com\/wp-content\/uploads\/2023\/02\/sac-kraft-couleur-300x300.png\" \/><\/td>\n<td width=\"77\">\n<p align=\"justify\"><a href=\"https:\/\/www.rajapack.at\/tragetaschen-geschenkverpackung\/tragetaschen\/papiertragetaschen\/farbige-papier-tragetaschen-papierhenkel_PDT00497.html\" target=\"_blank\" rel=\"noopener\">Farbige T\u00fcten aus Papier<\/a> sind eine unaufw\u00e4ndige und dennoch eindrucksvolle Art, um &#8222;Farbe zu bekennen&#8220;.<\/p>\n<\/td>\n<\/tr>\n<tr>\n<td width=\"80\"><img loading=\"lazy\" decoding=\"async\" src=\"https:\/\/blog-contentcenter.raja-group.com\/wp-content\/uploads\/2023\/02\/sac-kraft-lisse-300x300.png\" \/><\/td>\n<td width=\"77\">Noch mehr Auswahl an <a href=\"https:\/\/www.rajapack.at\/tragetaschen-geschenkverpackung\/tragetaschen\/papiertragetaschen\/farbige-papier-tragetaschen-mit-gedrehter-papierkordel_OFF_DE_02150.html\" target=\"_blank\" rel=\"noopener\">farbigen Papier-Tragetaschen<\/a> finden Sie hier.<\/td>\n<\/tr>\n<tr>\n<td width=\"80\"><img loading=\"lazy\" decoding=\"async\" src=\"https:\/\/blog-contentcenter.raja-group.com\/wp-content\/uploads\/2023\/02\/sac-brillant-couleur-300x300.png\" \/><\/td>\n<td width=\"77\">Ein bisschen mehr Glanz darf es sein? Dann w\u00e4hlen Sie die <a href=\"https:\/\/www.rajapack.at\/tragetaschen-geschenkverpackung\/tragetaschen\/papiertragetaschen\/lackpapier-tragetaschen-satinschleife_PDT01032.html\" target=\"_blank\" rel=\"noopener\">Lackpapier-Tragetaschen mit Satinschleife<\/a>, in wei\u00df, schwarz oder gold<\/td>\n<\/tr>\n<\/tbody>\n<\/table>\n<div class=\"su-spacer\" style=\"height:20px\"><\/div>\n<div class=\"su-spacer\" style=\"height:20px\"><\/div>\n<h3><span class=\"ez-toc-section\" id=\"Punkt_7_Technologie_fuer_mehr_Transparenz_nutzen\"><\/span>Punkt 7: Technologie f\u00fcr mehr Transparenz nutzen<span class=\"ez-toc-section-end\"><\/span><\/h3>\n<p>Ein noch relativ neuer Trend in Sachen Kosmetikverpackung ist das nutzen von vernetzter Verpackung bzw. von <a href=\"https:\/\/www.rajapack.at\/verpackungsnews\/smart-packaging\" target=\"_blank\" rel=\"noopener\">Smart Packaging<\/a>.<\/p>\n<p>Dabei handelt es sich um eine Verpackung, auf der ein QR-Code oder ein NFC-Chip integriert ist. Sobald Ihre Kunden dieses Element scannen, haben sie Zugriff auf die von Ihnen gew\u00fcnschten Inhalte : Informationen \u00fcber das Produkt und seine Verpackung oder Werbecodes und Promo-Aktionen. Dadurch wird das Kundenerlebnis rund um deine Verpackung noch interaktiver &#8211; und noch attraktiver!<\/p>\n<p><strong>Inspiriert von diesen Trends? Entdecke eine gro\u00dfe Auswahl an innovativen und sch\u00fctzenden Verpackungen in unserem RAJA Online-Shop.<\/strong><\/p>\n","protected":false},"excerpt":{"rendered":"<p>Mit dem Boom des E-Commerce und dem Wachstum kleiner Marken im Internet ist die Welt der Kosmetik heute wettbewerbsintensiver denn je. Als Unternehmen in dieser Branche m\u00fcssen Sie sich in [&#8230;]<\/p>\n","protected":false},"author":22,"featured_media":29331,"comment_status":"open","ping_status":"open","sticky":false,"template":"","format":"standard","meta":{"_acf_changed":false,"footnotes":""},"categories":[10],"tags":[130,756],"class_list":["post-29329","post","type-post","status-publish","format-standard","has-post-thumbnail","hentry","category-branchenloesungen","tag-e-commerce","tag-gesundheit"],"acf":[],"yoast_head":"\n<title>Kosmetik und Beauty-Artikel sicher und ansprechend verpacken - RAJAPACK Blog AT<\/title>\n<meta name=\"description\" content=\"7 Trends und Fakten rund um die richtige Kosmetikverpackung und wieso schlichte Verpackungen auf dem Vormarsch sind\" \/>\n<meta name=\"robots\" content=\"index, follow, max-snippet:-1, max-image-preview:large, max-video-preview:-1\" \/>\n<link rel=\"canonical\" href=\"https:\/\/www.rajapack.at\/verpackungsnews\/kosmetikverpackungen\" \/>\n<meta property=\"og:locale\" content=\"de_AT\" \/>\n<meta property=\"og:type\" content=\"article\" \/>\n<meta property=\"og:title\" content=\"Kosmetik und Beauty-Artikel sicher und ansprechend verpacken - RAJAPACK Blog AT\" \/>\n<meta property=\"og:description\" content=\"7 Trends und Fakten rund um die richtige Kosmetikverpackung und wieso schlichte Verpackungen auf dem Vormarsch sind\" \/>\n<meta property=\"og:url\" content=\"https:\/\/www.rajapack.at\/verpackungsnews\/kosmetikverpackungen\" \/>\n<meta property=\"og:site_name\" content=\"RAJAPACK Blog AT\" \/>\n<meta property=\"article:published_time\" content=\"2023-06-19T09:47:52+00:00\" \/>\n<meta property=\"article:modified_time\" content=\"2025-10-23T11:42:53+00:00\" \/>\n<meta property=\"og:image\" content=\"https:\/\/www.rajapack.at\/verpackungsnews\/wp-content\/uploads\/2023\/06\/Titel-Blog-Kosmetik.jpg\" \/>\n\t<meta property=\"og:image:width\" content=\"810\" \/>\n\t<meta property=\"og:image:height\" content=\"420\" \/>\n\t<meta property=\"og:image:type\" content=\"image\/jpeg\" \/>\n<meta name=\"author\" content=\"RAJAPACK AT\" \/>\n<meta name=\"twitter:card\" content=\"summary_large_image\" \/>\n<meta name=\"twitter:label1\" content=\"Verfasst von\" \/>\n\t<meta name=\"twitter:data1\" content=\"RAJAPACK AT\" \/>\n\t<meta name=\"twitter:label2\" content=\"Gesch\u00e4tzte Lesezeit\" \/>\n\t<meta name=\"twitter:data2\" content=\"15 Minuten\" \/>\n<script type=\"application\/ld+json\" class=\"yoast-schema-graph\">{\n\t    \"@context\": \"https:\/\/schema.org\",\n\t    \"@graph\": [\n\t        {\n\t            \"@type\": \"Article\",\n\t            \"@id\": \"https:\/\/www.rajapack.at\/verpackungsnews\/kosmetikverpackungen#article\",\n\t            \"isPartOf\": {\n\t                \"@id\": \"https:\/\/www.rajapack.at\/verpackungsnews\/kosmetikverpackungen\"\n\t            },\n\t            \"author\": {\n\t                \"name\": \"RAJAPACK AT\",\n\t                \"@id\": \"https:\/\/www.rajapack.at\/verpackungsnews\/#\/schema\/person\/df6dc3629cb737ad2c3253a2901a8034\"\n\t            },\n\t            \"headline\": \"Kosmetik und Beauty-Artikel sicher und ansprechend verpacken\",\n\t            \"datePublished\": \"2023-06-19T09:47:52+00:00\",\n\t            \"dateModified\": \"2025-10-23T11:42:53+00:00\",\n\t            \"mainEntityOfPage\": {\n\t                \"@id\": \"https:\/\/www.rajapack.at\/verpackungsnews\/kosmetikverpackungen\"\n\t            },\n\t            \"wordCount\": 2087,\n\t            \"commentCount\": 0,\n\t            \"publisher\": {\n\t                \"@id\": \"https:\/\/www.rajapack.at\/verpackungsnews\/#organization\"\n\t            },\n\t            \"image\": {\n\t                \"@id\": \"https:\/\/www.rajapack.at\/verpackungsnews\/kosmetikverpackungen#primaryimage\"\n\t            },\n\t            \"thumbnailUrl\": \"https:\/\/www.rajapack.at\/verpackungsnews\/wp-content\/uploads\/2023\/06\/Titel-Blog-Kosmetik.jpg\",\n\t            \"keywords\": [\n\t                \"e-commerce\",\n\t                \"Gesundheit\"\n\t            ],\n\t            \"articleSection\": [\n\t                \"Branchenl\u00f6sungen\"\n\t            ],\n\t            \"inLanguage\": \"de-AT\",\n\t            \"potentialAction\": [\n\t                {\n\t                    \"@type\": \"CommentAction\",\n\t                    \"name\": \"Comment\",\n\t                    \"target\": [\n\t                        \"https:\/\/www.rajapack.at\/verpackungsnews\/kosmetikverpackungen#respond\"\n\t                    ]\n\t                }\n\t            ]\n\t        },\n\t        {\n\t            \"@type\": \"WebPage\",\n\t            \"@id\": \"https:\/\/www.rajapack.at\/verpackungsnews\/kosmetikverpackungen\",\n\t            \"url\": \"https:\/\/www.rajapack.at\/verpackungsnews\/kosmetikverpackungen\",\n\t            \"name\": \"Kosmetik und Beauty-Artikel sicher und ansprechend verpacken - RAJAPACK Blog AT\",\n\t            \"isPartOf\": {\n\t                \"@id\": \"https:\/\/www.rajapack.at\/verpackungsnews\/#website\"\n\t            },\n\t            \"primaryImageOfPage\": {\n\t                \"@id\": \"https:\/\/www.rajapack.at\/verpackungsnews\/kosmetikverpackungen#primaryimage\"\n\t            },\n\t            \"image\": {\n\t                \"@id\": \"https:\/\/www.rajapack.at\/verpackungsnews\/kosmetikverpackungen#primaryimage\"\n\t            },\n\t            \"thumbnailUrl\": \"https:\/\/www.rajapack.at\/verpackungsnews\/wp-content\/uploads\/2023\/06\/Titel-Blog-Kosmetik.jpg\",\n\t            \"datePublished\": \"2023-06-19T09:47:52+00:00\",\n\t            \"dateModified\": \"2025-10-23T11:42:53+00:00\",\n\t            \"description\": \"7 Trends und Fakten rund um die richtige Kosmetikverpackung und wieso schlichte Verpackungen auf dem Vormarsch sind\",\n\t            \"inLanguage\": \"de-AT\",\n\t            \"potentialAction\": [\n\t                {\n\t                    \"@type\": \"ReadAction\",\n\t                    \"target\": [\n\t                        \"https:\/\/www.rajapack.at\/verpackungsnews\/kosmetikverpackungen\"\n\t                    ]\n\t                }\n\t            ]\n\t        },\n\t        {\n\t            \"@type\": \"ImageObject\",\n\t            \"inLanguage\": \"de-AT\",\n\t            \"@id\": \"https:\/\/www.rajapack.at\/verpackungsnews\/kosmetikverpackungen#primaryimage\",\n\t            \"url\": \"https:\/\/www.rajapack.at\/verpackungsnews\/wp-content\/uploads\/2023\/06\/Titel-Blog-Kosmetik.jpg\",\n\t            \"contentUrl\": \"https:\/\/www.rajapack.at\/verpackungsnews\/wp-content\/uploads\/2023\/06\/Titel-Blog-Kosmetik.jpg\",\n\t            \"width\": 810,\n\t            \"height\": 420,\n\t            \"caption\": \"Kosmetikartikel sicher und ansprechend verpacken\"\n\t        },\n\t        {\n\t            \"@type\": \"WebSite\",\n\t            \"@id\": \"https:\/\/www.rajapack.at\/verpackungsnews\/#website\",\n\t            \"url\": \"https:\/\/www.rajapack.at\/verpackungsnews\/\",\n\t            \"name\": \"RAJAPACK Blog AT\",\n\t            \"description\": \"Verpackungsnews vom Experten\",\n\t            \"publisher\": {\n\t                \"@id\": \"https:\/\/www.rajapack.at\/verpackungsnews\/#organization\"\n\t            },\n\t            \"potentialAction\": [\n\t                {\n\t                    \"@type\": \"SearchAction\",\n\t                    \"target\": {\n\t                        \"@type\": \"EntryPoint\",\n\t                        \"urlTemplate\": \"https:\/\/www.rajapack.at\/verpackungsnews\/?s={search_term_string}\"\n\t                    },\n\t                    \"query-input\": {\n\t                        \"@type\": \"PropertyValueSpecification\",\n\t                        \"valueRequired\": true,\n\t                        \"valueName\": \"search_term_string\"\n\t                    }\n\t                }\n\t            ],\n\t            \"inLanguage\": \"de-AT\"\n\t        },\n\t        {\n\t            \"@type\": \"Organization\",\n\t            \"@id\": \"https:\/\/www.rajapack.at\/verpackungsnews\/#organization\",\n\t            \"name\": \"RAJAPACK Blog AT\",\n\t            \"url\": \"https:\/\/www.rajapack.at\/verpackungsnews\/\",\n\t            \"logo\": {\n\t                \"@type\": \"ImageObject\",\n\t                \"inLanguage\": \"de-AT\",\n\t                \"@id\": \"https:\/\/www.rajapack.at\/verpackungsnews\/#\/schema\/logo\/image\/\",\n\t                \"url\": \"https:\/\/www.rajapack.at\/verpackungsnews\/wp-content\/uploads\/2021\/11\/LOGO-RAJA-800x243-1.jpg\",\n\t                \"contentUrl\": \"https:\/\/www.rajapack.at\/verpackungsnews\/wp-content\/uploads\/2021\/11\/LOGO-RAJA-800x243-1.jpg\",\n\t                \"width\": 800,\n\t                \"height\": 243,\n\t                \"caption\": \"RAJAPACK Blog AT\"\n\t            },\n\t            \"image\": {\n\t                \"@id\": \"https:\/\/www.rajapack.at\/verpackungsnews\/#\/schema\/logo\/image\/\"\n\t            },\n\t            \"sameAs\": [\n\t                \"https:\/\/de.linkedin.com\/company\/rajapack-gmbh\"\n\t            ]\n\t        },\n\t        {\n\t            \"@type\": \"Person\",\n\t            \"@id\": \"https:\/\/www.rajapack.at\/verpackungsnews\/#\/schema\/person\/df6dc3629cb737ad2c3253a2901a8034\",\n\t            \"name\": \"RAJAPACK AT\",\n\t            \"image\": {\n\t                \"@type\": \"ImageObject\",\n\t                \"inLanguage\": \"de-AT\",\n\t                \"@id\": \"https:\/\/www.rajapack.at\/verpackungsnews\/#\/schema\/person\/image\/\",\n\t                \"url\": \"https:\/\/secure.gravatar.com\/avatar\/4c95834f3b6420b1fbe980903e066e22?s=96&d=mm&r=g\",\n\t                \"contentUrl\": \"https:\/\/secure.gravatar.com\/avatar\/4c95834f3b6420b1fbe980903e066e22?s=96&d=mm&r=g\",\n\t                \"caption\": \"RAJAPACK AT\"\n\t            }\n\t        }\n\t    ]\n\t}<\/script>\n","yoast_head_json":{"title":"Kosmetik und Beauty-Artikel sicher und ansprechend verpacken - RAJAPACK Blog AT","description":"7 Trends und Fakten rund um die richtige Kosmetikverpackung und wieso schlichte Verpackungen auf dem Vormarsch sind","robots":{"index":"index","follow":"follow","max-snippet":"max-snippet:-1","max-image-preview":"max-image-preview:large","max-video-preview":"max-video-preview:-1"},"canonical":"https:\/\/www.rajapack.at\/verpackungsnews\/kosmetikverpackungen","og_locale":"de_AT","og_type":"article","og_title":"Kosmetik und Beauty-Artikel sicher und ansprechend verpacken - RAJAPACK Blog AT","og_description":"7 Trends und Fakten rund um die richtige Kosmetikverpackung und wieso schlichte Verpackungen auf dem Vormarsch sind","og_url":"https:\/\/www.rajapack.at\/verpackungsnews\/kosmetikverpackungen","og_site_name":"RAJAPACK Blog AT","article_published_time":"2023-06-19T09:47:52+00:00","article_modified_time":"2025-10-23T11:42:53+00:00","og_image":[{"width":810,"height":420,"url":"https:\/\/www.rajapack.at\/verpackungsnews\/wp-content\/uploads\/2023\/06\/Titel-Blog-Kosmetik.jpg","type":"image\/jpeg"}],"author":"RAJAPACK AT","twitter_card":"summary_large_image","twitter_misc":{"Verfasst von":"RAJAPACK AT","Gesch\u00e4tzte Lesezeit":"15 Minuten"},"schema":{"@context":"https:\/\/schema.org","@graph":[{"@type":"Article","@id":"https:\/\/www.rajapack.at\/verpackungsnews\/kosmetikverpackungen#article","isPartOf":{"@id":"https:\/\/www.rajapack.at\/verpackungsnews\/kosmetikverpackungen"},"author":{"name":"RAJAPACK AT","@id":"https:\/\/www.rajapack.at\/verpackungsnews\/#\/schema\/person\/df6dc3629cb737ad2c3253a2901a8034"},"headline":"Kosmetik und Beauty-Artikel sicher und ansprechend verpacken","datePublished":"2023-06-19T09:47:52+00:00","dateModified":"2025-10-23T11:42:53+00:00","mainEntityOfPage":{"@id":"https:\/\/www.rajapack.at\/verpackungsnews\/kosmetikverpackungen"},"wordCount":2087,"commentCount":0,"publisher":{"@id":"https:\/\/www.rajapack.at\/verpackungsnews\/#organization"},"image":{"@id":"https:\/\/www.rajapack.at\/verpackungsnews\/kosmetikverpackungen#primaryimage"},"thumbnailUrl":"https:\/\/www.rajapack.at\/verpackungsnews\/wp-content\/uploads\/2023\/06\/Titel-Blog-Kosmetik.jpg","keywords":["e-commerce","Gesundheit"],"articleSection":["Branchenl\u00f6sungen"],"inLanguage":"de-AT","potentialAction":[{"@type":"CommentAction","name":"Comment","target":["https:\/\/www.rajapack.at\/verpackungsnews\/kosmetikverpackungen#respond"]}]},{"@type":"WebPage","@id":"https:\/\/www.rajapack.at\/verpackungsnews\/kosmetikverpackungen","url":"https:\/\/www.rajapack.at\/verpackungsnews\/kosmetikverpackungen","name":"Kosmetik und Beauty-Artikel sicher und ansprechend verpacken - RAJAPACK Blog AT","isPartOf":{"@id":"https:\/\/www.rajapack.at\/verpackungsnews\/#website"},"primaryImageOfPage":{"@id":"https:\/\/www.rajapack.at\/verpackungsnews\/kosmetikverpackungen#primaryimage"},"image":{"@id":"https:\/\/www.rajapack.at\/verpackungsnews\/kosmetikverpackungen#primaryimage"},"thumbnailUrl":"https:\/\/www.rajapack.at\/verpackungsnews\/wp-content\/uploads\/2023\/06\/Titel-Blog-Kosmetik.jpg","datePublished":"2023-06-19T09:47:52+00:00","dateModified":"2025-10-23T11:42:53+00:00","description":"7 Trends und Fakten rund um die richtige Kosmetikverpackung und wieso schlichte Verpackungen auf dem Vormarsch sind","inLanguage":"de-AT","potentialAction":[{"@type":"ReadAction","target":["https:\/\/www.rajapack.at\/verpackungsnews\/kosmetikverpackungen"]}]},{"@type":"ImageObject","inLanguage":"de-AT","@id":"https:\/\/www.rajapack.at\/verpackungsnews\/kosmetikverpackungen#primaryimage","url":"https:\/\/www.rajapack.at\/verpackungsnews\/wp-content\/uploads\/2023\/06\/Titel-Blog-Kosmetik.jpg","contentUrl":"https:\/\/www.rajapack.at\/verpackungsnews\/wp-content\/uploads\/2023\/06\/Titel-Blog-Kosmetik.jpg","width":810,"height":420,"caption":"Kosmetikartikel sicher und ansprechend verpacken"},{"@type":"WebSite","@id":"https:\/\/www.rajapack.at\/verpackungsnews\/#website","url":"https:\/\/www.rajapack.at\/verpackungsnews\/","name":"RAJAPACK Blog AT","description":"Verpackungsnews vom Experten","publisher":{"@id":"https:\/\/www.rajapack.at\/verpackungsnews\/#organization"},"potentialAction":[{"@type":"SearchAction","target":{"@type":"EntryPoint","urlTemplate":"https:\/\/www.rajapack.at\/verpackungsnews\/?s={search_term_string}"},"query-input":{"@type":"PropertyValueSpecification","valueRequired":true,"valueName":"search_term_string"}}],"inLanguage":"de-AT"},{"@type":"Organization","@id":"https:\/\/www.rajapack.at\/verpackungsnews\/#organization","name":"RAJAPACK Blog AT","url":"https:\/\/www.rajapack.at\/verpackungsnews\/","logo":{"@type":"ImageObject","inLanguage":"de-AT","@id":"https:\/\/www.rajapack.at\/verpackungsnews\/#\/schema\/logo\/image\/","url":"https:\/\/www.rajapack.at\/verpackungsnews\/wp-content\/uploads\/2021\/11\/LOGO-RAJA-800x243-1.jpg","contentUrl":"https:\/\/www.rajapack.at\/verpackungsnews\/wp-content\/uploads\/2021\/11\/LOGO-RAJA-800x243-1.jpg","width":800,"height":243,"caption":"RAJAPACK Blog AT"},"image":{"@id":"https:\/\/www.rajapack.at\/verpackungsnews\/#\/schema\/logo\/image\/"},"sameAs":["https:\/\/de.linkedin.com\/company\/rajapack-gmbh"]},{"@type":"Person","@id":"https:\/\/www.rajapack.at\/verpackungsnews\/#\/schema\/person\/df6dc3629cb737ad2c3253a2901a8034","name":"RAJAPACK AT","image":{"@type":"ImageObject","inLanguage":"de-AT","@id":"https:\/\/www.rajapack.at\/verpackungsnews\/#\/schema\/person\/image\/","url":"https:\/\/secure.gravatar.com\/avatar\/4c95834f3b6420b1fbe980903e066e22?s=96&d=mm&r=g","contentUrl":"https:\/\/secure.gravatar.com\/avatar\/4c95834f3b6420b1fbe980903e066e22?s=96&d=mm&r=g","caption":"RAJAPACK AT"}}]}},"_links":{"self":[{"href":"https:\/\/www.rajapack.at\/verpackungsnews\/wp-json\/wp\/v2\/posts\/29329","targetHints":{"allow":["GET"]}}],"collection":[{"href":"https:\/\/www.rajapack.at\/verpackungsnews\/wp-json\/wp\/v2\/posts"}],"about":[{"href":"https:\/\/www.rajapack.at\/verpackungsnews\/wp-json\/wp\/v2\/types\/post"}],"author":[{"embeddable":true,"href":"https:\/\/www.rajapack.at\/verpackungsnews\/wp-json\/wp\/v2\/users\/22"}],"replies":[{"embeddable":true,"href":"https:\/\/www.rajapack.at\/verpackungsnews\/wp-json\/wp\/v2\/comments?post=29329"}],"version-history":[{"count":7,"href":"https:\/\/www.rajapack.at\/verpackungsnews\/wp-json\/wp\/v2\/posts\/29329\/revisions"}],"predecessor-version":[{"id":29468,"href":"https:\/\/www.rajapack.at\/verpackungsnews\/wp-json\/wp\/v2\/posts\/29329\/revisions\/29468"}],"wp:featuredmedia":[{"embeddable":true,"href":"https:\/\/www.rajapack.at\/verpackungsnews\/wp-json\/wp\/v2\/media\/29331"}],"wp:attachment":[{"href":"https:\/\/www.rajapack.at\/verpackungsnews\/wp-json\/wp\/v2\/media?parent=29329"}],"wp:term":[{"taxonomy":"category","embeddable":true,"href":"https:\/\/www.rajapack.at\/verpackungsnews\/wp-json\/wp\/v2\/categories?post=29329"},{"taxonomy":"post_tag","embeddable":true,"href":"https:\/\/www.rajapack.at\/verpackungsnews\/wp-json\/wp\/v2\/tags?post=29329"}],"curies":[{"name":"wp","href":"https:\/\/api.w.org\/{rel}","templated":true}]}}