{"id":29471,"date":"2023-07-18T13:40:14","date_gmt":"2023-07-18T11:40:14","guid":{"rendered":"https:\/\/www.rajapack.at\/verpackungsnews\/?p=29471"},"modified":"2025-10-23T13:40:43","modified_gmt":"2025-10-23T11:40:43","slug":"temperatur-am-arbeitsplatz","status":"publish","type":"post","link":"https:\/\/www.rajapack.at\/verpackungsnews\/temperatur-am-arbeitsplatz","title":{"rendered":"Hitze am Arbeitsplatz \u2013 was schafft Abhilfe?"},"content":{"rendered":"<h5>Seit Wochen liegen die Temperaturen im &#8222;Hitzefrei-Bereich&#8220;, und das Arbeiten f\u00e4llt, besonders zur Mittagszeit, schwer. Besonders k\u00f6rperlich anspruchsvolle Jobs, wie beispielsweise in Lager und Kommissionierung, sind jetzt eine Herausforderung. Und das nicht nur f\u00fcr den Arbeitnehmer! Denn auch der Arbeitgeber ist jetzt in der Pflicht:<\/h5>\n<div class=\"su-divider su-divider-style-default\" style=\"margin:15px 0;border-width:3px;border-color:#999999\"><\/div><div class=\"su-spacer\" style=\"height:20px\"><\/div>\n<div class=\"su-custom-gallery su-custom-gallery-align-left su-custom-gallery-title-never\"><div class=\"su-custom-gallery-slide\" style=\"width:820px;height:330px\"><a><img loading=\"lazy\" decoding=\"async\" src=\"https:\/\/www.rajapack.at\/verpackungsnews\/wp-content\/uploads\/2023\/07\/Paragraph-820x330.jpg\" alt=\"Paragraph\" width=\"820\" height=\"330\" \/><span class=\"su-custom-gallery-title\">Paragraph<\/span><\/a><\/div><div class=\"su-clear\"><\/div><\/div>\n<div id=\"ez-toc-container\" class=\"ez-toc-v2_0_73 counter-hierarchy ez-toc-counter ez-toc-grey ez-toc-container-direction\">\n<div class=\"ez-toc-title-container\">\n<p class=\"ez-toc-title\" style=\"cursor:inherit\">Direkt zu diesen Themen:<\/p>\n<span class=\"ez-toc-title-toggle\"><a href=\"#\" class=\"ez-toc-pull-right ez-toc-btn ez-toc-btn-xs ez-toc-btn-default ez-toc-toggle\" aria-label=\"Toggle Table of Content\"><span class=\"ez-toc-js-icon-con\"><span class=\"\"><span class=\"eztoc-hide\" style=\"display:none;\">Toggle<\/span><span class=\"ez-toc-icon-toggle-span\"><svg style=\"fill: #999;color:#999\" xmlns=\"http:\/\/www.w3.org\/2000\/svg\" class=\"list-377408\" width=\"20px\" height=\"20px\" viewBox=\"0 0 24 24\" fill=\"none\"><path d=\"M6 6H4v2h2V6zm14 0H8v2h12V6zM4 11h2v2H4v-2zm16 0H8v2h12v-2zM4 16h2v2H4v-2zm16 0H8v2h12v-2z\" fill=\"currentColor\"><\/path><\/svg><svg style=\"fill: #999;color:#999\" class=\"arrow-unsorted-368013\" xmlns=\"http:\/\/www.w3.org\/2000\/svg\" width=\"10px\" height=\"10px\" viewBox=\"0 0 24 24\" version=\"1.2\" baseProfile=\"tiny\"><path d=\"M18.2 9.3l-6.2-6.3-6.2 6.3c-.2.2-.3.4-.3.7s.1.5.3.7c.2.2.4.3.7.3h11c.3 0 .5-.1.7-.3.2-.2.3-.5.3-.7s-.1-.5-.3-.7zM5.8 14.7l6.2 6.3 6.2-6.3c.2-.2.3-.5.3-.7s-.1-.5-.3-.7c-.2-.2-.4-.3-.7-.3h-11c-.3 0-.5.1-.7.3-.2.2-.3.5-.3.7s.1.5.3.7z\"\/><\/svg><\/span><\/span><\/span><\/a><\/span><\/div>\n<nav><ul class='ez-toc-list ez-toc-list-level-1 ' ><li class='ez-toc-page-1 ez-toc-heading-level-2'><a class=\"ez-toc-link ez-toc-heading-1\" href=\"https:\/\/www.rajapack.at\/verpackungsnews\/temperatur-am-arbeitsplatz\/#Pflichten_des_Arbeitgebers_bei_Hitze_am_Arbeitsplatz_%E2%80%93_das_sagt_das_Gesetz\" title=\"Pflichten des Arbeitgebers bei Hitze am Arbeitsplatz &#8211; das sagt das Gesetz\">Pflichten des Arbeitgebers bei Hitze am Arbeitsplatz &#8211; das sagt das Gesetz<\/a><\/li><li class='ez-toc-page-1 ez-toc-heading-level-2'><a class=\"ez-toc-link ez-toc-heading-2\" href=\"https:\/\/www.rajapack.at\/verpackungsnews\/temperatur-am-arbeitsplatz\/#Die_8_besten_Massnahmen_gegen_die_Beeintraechtigung_durch_Hitze_am_Arbeitsplatz\" title=\"Die 8 besten Ma\u00dfnahmen gegen die Beeintr\u00e4chtigung durch Hitze am Arbeitsplatz\">Die 8 besten Ma\u00dfnahmen gegen die Beeintr\u00e4chtigung durch Hitze am Arbeitsplatz<\/a><\/li><li class='ez-toc-page-1 ez-toc-heading-level-2'><a class=\"ez-toc-link ez-toc-heading-3\" href=\"https:\/\/www.rajapack.at\/verpackungsnews\/temperatur-am-arbeitsplatz\/#Die_Top-3-Massnahmen_gegen_die_Hitze_am_Arbeitsplatz\" title=\"Die Top-3-Ma\u00dfnahmen gegen die Hitze am Arbeitsplatz\">Die Top-3-Ma\u00dfnahmen gegen die Hitze am Arbeitsplatz<\/a><ul class='ez-toc-list-level-3' ><li class='ez-toc-heading-level-3'><a class=\"ez-toc-link ez-toc-heading-4\" href=\"https:\/\/www.rajapack.at\/verpackungsnews\/temperatur-am-arbeitsplatz\/#Welche_Massnahmen_helfen_darueber_hinaus_um_das_Arbeiten_auch_bei_hohen_Temperaturen_angenehmer_zu_gestalten\" title=\"Welche Ma\u00dfnahmen helfen dar\u00fcber hinaus, um das Arbeiten auch bei hohen Temperaturen angenehmer zu gestalten?\">Welche Ma\u00dfnahmen helfen dar\u00fcber hinaus, um das Arbeiten auch bei hohen Temperaturen angenehmer zu gestalten?<\/a><\/li><\/ul><\/li><\/ul><\/nav><\/div>\n<h2><span class=\"ez-toc-section\" id=\"Pflichten_des_Arbeitgebers_bei_Hitze_am_Arbeitsplatz_%E2%80%93_das_sagt_das_Gesetz\"><\/span>Pflichten des Arbeitgebers bei Hitze am Arbeitsplatz &#8211; das sagt das Gesetz<span class=\"ez-toc-section-end\"><\/span><\/h2>\n<div class=\"su-spacer\" style=\"height:20px\"><\/div>\n<p>In \u00d6sterreich unterliegen Arbeitgeber \u00e4hnlichen rechtlichen Bestimmungen wie in Deutschland, um ihre Mitarbeiter vor den Auswirkungen gro\u00dfer Hitze am Arbeitsplatz zu sch\u00fctzen. Die relevanten Gesetze und Verordnungen in \u00d6sterreich sind:<\/p>\n<ol>\n<li>ArbeitnehmerInnenschutzgesetz (ASchG): Das ArbeitnehmerInnenschutzgesetz ist das grundlegende Gesetz zum Schutz der Gesundheit und Sicherheit der Arbeitnehmer in \u00d6sterreich. Es verpflichtet den Arbeitgeber, alle notwendigen Ma\u00dfnahmen zu treffen, um die Sicherheit und Gesundheit der Arbeitnehmer zu gew\u00e4hrleisten, einschlie\u00dflich des Schutzes vor Hitzebelastung.<\/li>\n<li>Arbeitsst\u00e4ttenverordnung (AStV): Die Arbeitsst\u00e4ttenverordnung legt Anforderungen an die Arbeitsst\u00e4tten fest, um die Gesundheit und Sicherheit der Besch\u00e4ftigten zu gew\u00e4hrleisten. Sie enth\u00e4lt Bestimmungen zur Raumtemperatur, L\u00fcftung und Bel\u00fcftung am Arbeitsplatz.<\/li>\n<li>Arbeitszeitgesetz (AZG): Das Arbeitszeitgesetz regelt die Arbeitszeiten der Besch\u00e4ftigten und enth\u00e4lt Bestimmungen zur maximal zul\u00e4ssigen Arbeitszeit und zu Ruhepausen, die auch bei hohen Temperaturen eingehalten werden m\u00fcssen.<\/li>\n<li>Allgemeine Unfallversicherungsanstalt (AUVA) Richtlinien: Die AUVA gibt Richtlinien heraus, die Empfehlungen und Best Practices zum Schutz der Arbeitnehmer vor Hitzebelastung enthalten.<\/li>\n<\/ol>\n<p>Ein &#8222;Hitzefrei&#8220; bei der Arbeit gibt es in dem Sinne nicht. Wenn aber Arbeitgeber bei mehr als 30 Grad am Arbeitsplatz auch nach Aufforderung nichts beziehungsweise zu wenig unternehmen, um Abhilfe zu schaffen, d\u00fcrfen Arbeitnehmer bei drohender Risiken f\u00fcr die Gesundheit ihre <a href=\"https:\/\/www.handelsblatt.com\/karriere\/hitze-im-buero-wann-duerfen-angestellte-die-arbeit-verweigern\/28503566.html#:~:text=Arbeitsschutz%3A%20Das%20gilt%20bei%20Hitze,die%20vor%20direkter%20Sonneneinstrahlung%20sch%C3%BCtzen.\" target=\"_blank\" rel=\"noopener\">Arbeitsleistung \u2013 im Einzelfall- verweigern.<\/a><\/p>\n<p>Aber was k\u00f6nnen Arbeitgeber konkret tun, um das Arbeiten auch bei hohen Temperaturen f\u00fcr ihre Mitarbeiter und Mitarbeiterinnen angenehmer zu gestalten?<\/p>\n<h2><span class=\"ez-toc-section\" id=\"Die_8_besten_Massnahmen_gegen_die_Beeintraechtigung_durch_Hitze_am_Arbeitsplatz\"><\/span>Die 8 besten Ma\u00dfnahmen gegen die Beeintr\u00e4chtigung durch Hitze am Arbeitsplatz<span class=\"ez-toc-section-end\"><\/span><\/h2>\n<div class=\"su-spacer\" style=\"height:30px\"><\/div>\n<p>Abgesehen von der steigenden Belastung und Anstrengung, die steigende Temperaturen mit sich bringen: Bei anhaltender Hitze lassen Konzentration und Reaktionsf\u00e4higkeit nach. Und das kann die Fehlerquote in die H\u00f6he treiben und schlimmstenfalls sogar vermehrt zu Unf\u00e4llen f\u00fchren! Mit diesen Ratschl\u00e4gen k\u00f6nnen Arbeitgeber das Arbeiten auch w\u00e4hrend hohen Temperaturen angenehmer und sicherer gestalten.<\/p>\n<div class=\"su-custom-gallery su-custom-gallery-align-left su-custom-gallery-title-never\"><div class=\"su-custom-gallery-slide\" style=\"width:620px;height:330px\"><a><img loading=\"lazy\" decoding=\"async\" src=\"https:\/\/www.rajapack.at\/verpackungsnews\/wp-content\/uploads\/2023\/07\/Top-3-gegen-Hitze-620x330.jpg\" alt=\"Top-3-gegen-Hitze\" width=\"620\" height=\"330\" \/><span class=\"su-custom-gallery-title\">Top-3-gegen-Hitze<\/span><\/a><\/div><div class=\"su-clear\"><\/div><\/div>\n<h2><span class=\"ez-toc-section\" id=\"Die_Top-3-Massnahmen_gegen_die_Hitze_am_Arbeitsplatz\"><\/span>Die Top-3-Ma\u00dfnahmen gegen die Hitze am Arbeitsplatz<span class=\"ez-toc-section-end\"><\/span><\/h2>\n<div class=\"su-spacer\" style=\"height:30px\"><\/div>\n<ul>\n<li><strong>Arbeitszeiten!<\/strong> Die beste, bew\u00e4hrte Ma\u00dfnahme gegen zu hohe Temperaturen am Arbeitsplatz: Eine Anpassung der Arbeitszeiten! Bei T\u00e4tigkeiten, die nicht zwingend an bestimmte \u00d6ffnungs- bzw. Servicezeiten gebunden sind, erm\u00f6glichen Sie eine flexible Verlegung der Arbeitszeiten nach vorn, in die fr\u00fcheren und k\u00fchleren Morgenstunden.<\/li>\n<\/ul>\n<p>&nbsp;<\/p>\n<ul>\n<li><strong>Dresscode!<\/strong> Angemessene Kleidung ist ein absolut wichtiger Heben f\u00fcr das individuelle Wohlf\u00fchlen. Und bei hohen Temperaturen erntet ein Mitarbeiter in Krawatte eher mitleidige denn bewundernde Blicke. Wo keine Abstriche gemacht werden d\u00fcrfen, ist das Thema <a href=\"\/arbeitssicherheit_C9620.html\" target=\"_blank\" rel=\"noopener\">Arbeitsschutzkleidung bzw. Ausr\u00fcstung<\/a>. Hier geht Sicherheit vor \u2013 um so mehr muss das Thema Pausen eine Rolle spielen, in denen die <a href=\"\/verpackungsnews\/die-passende-groesse-fuer-arbeitshandschuhe-ermitteln\" target=\"_blank\" rel=\"noopener\">Schutzhandschuhe<\/a>, das Visier, der Schnittschutz-Kittel oder \u00e4hnliches dann abgelegt werden kann.<\/li>\n<\/ul>\n<p>&nbsp;<\/p>\n<ul>\n<li><strong>Tempo raus!<\/strong> Reduzieren Sie das Arbeitstempo im Lager. Bei hohen Temperaturen am Arbeitsplatz sind k\u00f6rperliche Arbeiten wie zum Beispiel im Lager einfach nicht in derselben Intensit\u00e4t durchf\u00fchrbar wie es unter Idealbedingungen festgelegt wurde. Dar\u00fcber hinaus steigt bei nachlassender Konzentration und Belastbarkeit das Risiko f\u00fcr Fehler und auch Verletzungen. Es liegt in der Verantwortung des Arbeitgebers, das unbedingt zu vermeiden!<\/li>\n<\/ul>\n<p>&nbsp;<\/p>\n<div class=\"su-spacer\" style=\"height:30px\"><\/div>\n<h3><span class=\"ez-toc-section\" id=\"Welche_Massnahmen_helfen_darueber_hinaus_um_das_Arbeiten_auch_bei_hohen_Temperaturen_angenehmer_zu_gestalten\"><\/span>Welche Ma\u00dfnahmen helfen dar\u00fcber hinaus, um das Arbeiten auch bei hohen Temperaturen angenehmer zu gestalten?<span class=\"ez-toc-section-end\"><\/span><\/h3>\n<div class=\"su-spacer\" style=\"height:30px\"><\/div>\n<div class=\"su-custom-gallery su-custom-gallery-align-left su-custom-gallery-title-never\"><div class=\"su-custom-gallery-slide\" style=\"width:620px;height:330px\"><a><img loading=\"lazy\" decoding=\"async\" src=\"https:\/\/www.rajapack.at\/verpackungsnews\/wp-content\/uploads\/2023\/07\/Trinken-620x330.jpg\" alt=\"Trinken\" width=\"620\" height=\"330\" \/><span class=\"su-custom-gallery-title\">Trinken<\/span><\/a><\/div><div class=\"su-clear\"><\/div><\/div>\n<div class=\"su-spacer\" style=\"height:30px\"><\/div>\n<ul>\n<li>\n<h4>Trinken! So einfach und so wirkungsvoll:<\/h4>\n<p>Regelm\u00e4\u00dfiges und ausreichendes Trinken ist besonders bei hohen Temperaturen das A und O und verhindert eine Dehydrierung. Was konkret k\u00f6nnen Sie tun?<\/p>\n<ul>\n<li>Sorgen Sie daf\u00fcr, dass Ihre Mitarbeiter Zugang zu frischem und kostenlosem Wasser haben. Stellen Sie einen gut sichtbaren und zug\u00e4nglichen Wasserspender auf, halten Sie dabei die n\u00f6tigen Laufwege bzw. Hindernisse gering.<\/li>\n<li>Dar\u00fcber hinaus: Erinnern Sie Ihre Mitarbeiter regelm\u00e4\u00dfig an ausreichendes Trinken, zum Beispiel durch das Verteilen von Gl\u00e4sern oder Pappbechern direkt an die Schreibtische. Ermutigen Sie Ihre Mitarbeiter zum ausreichenden Trinken, durch die Einf\u00fchrung von zus\u00e4tzlichen Pausen, durch eine eMail zwischendurch oder \u00e4hnliches.<\/li>\n<\/ul>\n<\/li>\n<\/ul>\n<ul>\n<li>\n<h4>Pausen! Und zwar in ad\u00e4quater Umgebung.<\/h4>\n<p>Sorgen Sie also f\u00fcr eine angenehme Klimatisierung in den Pausenr\u00e4umen. Erh\u00f6hen Sie bei Bedarf die Anzahl an Pausen. Im Logistikbereich haben Lager bereits eine festgelegte Pausenfrequenz eingef\u00fchrt, um den Mitarbeitern Gelegenheit zur Entspannung zu geben. Bei hohen Temperaturen am Arbeitsplatz ist es entscheidend, diese Pausenfrequenz zu erh\u00f6hen und das Konzept der Pflichtpausen auf alle Mitarbeiter auszuweiten.<\/li>\n<\/ul>\n<p>&nbsp;<\/p>\n<ul>\n<li>\n<h4>Offline! Nehmen Sie nicht ben\u00f6tigte, elektrische Ger\u00e4te vom (Strom-) Netz.<\/h4>\n<p>Computer, Drucker, Kopierer und Scanner k\u00f6nnen schnell mal die Raumtemperatur in die H\u00f6he treiben. Stellen Sie sicher, dass die Ger\u00e4te nur eingeschaltet sind, wenn sie ben\u00f6tigt werden. So haben Sie nicht nur ein k\u00fchleres B\u00fcro, sondern sparen auch noch Energie!<\/li>\n<\/ul>\n<div class=\"su-custom-gallery su-custom-gallery-align-left su-custom-gallery-title-never\"><div class=\"su-custom-gallery-slide\" style=\"width:620px;height:330px\"><a><img loading=\"lazy\" decoding=\"async\" src=\"https:\/\/www.rajapack.at\/verpackungsnews\/wp-content\/uploads\/2023\/07\/lueften-620x330.jpg\" alt=\"l\u00fcften\" width=\"620\" height=\"330\" \/><span class=\"su-custom-gallery-title\">l\u00fcften<\/span><\/a><\/div><div class=\"su-clear\"><\/div><\/div>\n<div class=\"su-spacer\" style=\"height:30px\"><\/div>\n<ul>\n<li>\n<h4>Luft! Besonders bei hohen Temperaturen am Arbeitsplatz ist es wichtig, die Raumluft regelm\u00e4\u00dfig zu erneuern.<\/h4>\n<\/li>\n<li style=\"list-style-type: none;\">\n<ul>\n<li>Die richtige Strategie beim L\u00fcften: Fr\u00fch morgens die Fenster \u00f6ffnen, mit steigender Tagestemperatur wieder schlie\u00dfen \u2013 und verschatten.<\/li>\n<li>Ventilatoren k\u00f6nnen kurzzeitig Abhilfe schaffen, besser sind jedoch<\/li>\n<li>Luftbefeuchter, der gek\u00fchlte Luft durch Wasser diffundiert oder eine<\/li>\n<li>Mobile Klimaanlage als teure, aber effektive L\u00f6sung<\/li>\n<li>Vor\u00fcbergehend und vor allem psychologisch wirksam: Kleine Spr\u00fchflaschen, die mit k\u00fchlem Wasser bef\u00fcllt, bei Bedarf feinen Nebel per Spr\u00fchsto\u00df abgeben<\/li>\n<\/ul>\n<\/li>\n<\/ul>\n<p>&nbsp;<\/p>\n<ul>\n<li>\n<h4>Schatten! Halten Sie direkte Sonneneinstrahlung von Fensterfl\u00e4chen fern.<\/h4>\n<p>Dabei helfen zum Beispiel<\/p>\n<ul>\n<li>Innen- und (noch effektiver) Au\u00dfenjalousien<\/li>\n<li>UV-Schutzfolie f\u00fcrs Fenster<\/li>\n<li>Thermovorh\u00e4nge, die speziell entwickelt wurden, um Innenr\u00e4ume k\u00fchl zu halten<\/li>\n<\/ul>\n<\/li>\n<\/ul>\n<p>&nbsp;<\/p>\n","protected":false},"excerpt":{"rendered":"<p>Seit Wochen liegen die Temperaturen im &#8222;Hitzefrei-Bereich&#8220;, und das Arbeiten f\u00e4llt, besonders zur Mittagszeit, schwer. Besonders k\u00f6rperlich anspruchsvolle Jobs, wie beispielsweise in Lager und Kommissionierung, sind jetzt eine Herausforderung. Und [&#8230;]<\/p>\n","protected":false},"author":22,"featured_media":29478,"comment_status":"open","ping_status":"open","sticky":false,"template":"","format":"standard","meta":{"_acf_changed":false,"footnotes":""},"categories":[20,22],"tags":[756,262,287],"class_list":["post-29471","post","type-post","status-publish","format-standard","has-post-thumbnail","hentry","category-know-how","category-kosten-und-prozessoptimierung","tag-gesundheit","tag-lager","tag-normen"],"acf":[],"yoast_head":"\n<title>Hitze am Arbeitsplatz \u2013 was schafft Abhilfe? - RAJAPACK Blog AT<\/title>\n<meta name=\"description\" content=\"\ud83c\udf21\ufe0f Hohe Temperaturen am Arbeitsplatz? So schaffen Sie Abhilfe! \u2714\ufe0f Die 8 besten Ma\u00dfnahmen f\u00fcr mehr Sicherheit auch bei Hitze\" \/>\n<meta name=\"robots\" content=\"index, follow, max-snippet:-1, max-image-preview:large, max-video-preview:-1\" \/>\n<link rel=\"canonical\" href=\"https:\/\/www.rajapack.at\/verpackungsnews\/temperatur-am-arbeitsplatz\" \/>\n<meta property=\"og:locale\" content=\"de_AT\" \/>\n<meta property=\"og:type\" content=\"article\" \/>\n<meta property=\"og:title\" content=\"Hitze am Arbeitsplatz \u2013 was schafft Abhilfe? - RAJAPACK Blog AT\" \/>\n<meta property=\"og:description\" content=\"\ud83c\udf21\ufe0f Hohe Temperaturen am Arbeitsplatz? So schaffen Sie Abhilfe! \u2714\ufe0f Die 8 besten Ma\u00dfnahmen f\u00fcr mehr Sicherheit auch bei Hitze\" \/>\n<meta property=\"og:url\" content=\"https:\/\/www.rajapack.at\/verpackungsnews\/temperatur-am-arbeitsplatz\" \/>\n<meta property=\"og:site_name\" content=\"RAJAPACK Blog AT\" \/>\n<meta property=\"article:published_time\" content=\"2023-07-18T11:40:14+00:00\" \/>\n<meta property=\"article:modified_time\" content=\"2025-10-23T11:40:43+00:00\" \/>\n<meta property=\"og:image\" content=\"https:\/\/www.rajapack.at\/verpackungsnews\/wp-content\/uploads\/2023\/07\/Titel-Hitze-Arbeiten.jpg\" \/>\n\t<meta property=\"og:image:width\" content=\"810\" \/>\n\t<meta property=\"og:image:height\" content=\"420\" \/>\n\t<meta property=\"og:image:type\" content=\"image\/jpeg\" \/>\n<meta name=\"author\" content=\"RAJAPACK AT\" \/>\n<meta name=\"twitter:card\" content=\"summary_large_image\" \/>\n<meta name=\"twitter:label1\" content=\"Verfasst von\" \/>\n\t<meta name=\"twitter:data1\" content=\"RAJAPACK AT\" \/>\n\t<meta name=\"twitter:label2\" content=\"Gesch\u00e4tzte Lesezeit\" \/>\n\t<meta name=\"twitter:data2\" content=\"6 Minuten\" \/>\n<script type=\"application\/ld+json\" class=\"yoast-schema-graph\">{\n\t    \"@context\": \"https:\/\/schema.org\",\n\t    \"@graph\": [\n\t        {\n\t            \"@type\": \"Article\",\n\t            \"@id\": \"https:\/\/www.rajapack.at\/verpackungsnews\/temperatur-am-arbeitsplatz#article\",\n\t            \"isPartOf\": {\n\t                \"@id\": \"https:\/\/www.rajapack.at\/verpackungsnews\/temperatur-am-arbeitsplatz\"\n\t            },\n\t            \"author\": {\n\t                \"name\": \"RAJAPACK AT\",\n\t                \"@id\": \"https:\/\/www.rajapack.at\/verpackungsnews\/#\/schema\/person\/df6dc3629cb737ad2c3253a2901a8034\"\n\t            },\n\t            \"headline\": \"Hitze am Arbeitsplatz \u2013 was schafft Abhilfe?\",\n\t            \"datePublished\": \"2023-07-18T11:40:14+00:00\",\n\t            \"dateModified\": \"2025-10-23T11:40:43+00:00\",\n\t            \"mainEntityOfPage\": {\n\t                \"@id\": \"https:\/\/www.rajapack.at\/verpackungsnews\/temperatur-am-arbeitsplatz\"\n\t            },\n\t            \"wordCount\": 1021,\n\t            \"commentCount\": 0,\n\t            \"publisher\": {\n\t                \"@id\": \"https:\/\/www.rajapack.at\/verpackungsnews\/#organization\"\n\t            },\n\t            \"image\": {\n\t                \"@id\": \"https:\/\/www.rajapack.at\/verpackungsnews\/temperatur-am-arbeitsplatz#primaryimage\"\n\t            },\n\t            \"thumbnailUrl\": \"https:\/\/www.rajapack.at\/verpackungsnews\/wp-content\/uploads\/2023\/07\/Titel-Hitze-Arbeiten.jpg\",\n\t            \"keywords\": [\n\t                \"Gesundheit\",\n\t                \"Lager\",\n\t                \"Normen\"\n\t            ],\n\t            \"articleSection\": [\n\t                \"Know How\",\n\t                \"Kosten- und Prozessoptimierung\"\n\t            ],\n\t            \"inLanguage\": \"de-AT\",\n\t            \"potentialAction\": [\n\t                {\n\t                    \"@type\": \"CommentAction\",\n\t                    \"name\": \"Comment\",\n\t                    \"target\": [\n\t                        \"https:\/\/www.rajapack.at\/verpackungsnews\/temperatur-am-arbeitsplatz#respond\"\n\t                    ]\n\t                }\n\t            ]\n\t        },\n\t        {\n\t            \"@type\": \"WebPage\",\n\t            \"@id\": \"https:\/\/www.rajapack.at\/verpackungsnews\/temperatur-am-arbeitsplatz\",\n\t            \"url\": \"https:\/\/www.rajapack.at\/verpackungsnews\/temperatur-am-arbeitsplatz\",\n\t            \"name\": \"Hitze am Arbeitsplatz \u2013 was schafft Abhilfe? - RAJAPACK Blog AT\",\n\t            \"isPartOf\": {\n\t                \"@id\": \"https:\/\/www.rajapack.at\/verpackungsnews\/#website\"\n\t            },\n\t            \"primaryImageOfPage\": {\n\t                \"@id\": \"https:\/\/www.rajapack.at\/verpackungsnews\/temperatur-am-arbeitsplatz#primaryimage\"\n\t            },\n\t            \"image\": {\n\t                \"@id\": \"https:\/\/www.rajapack.at\/verpackungsnews\/temperatur-am-arbeitsplatz#primaryimage\"\n\t            },\n\t            \"thumbnailUrl\": \"https:\/\/www.rajapack.at\/verpackungsnews\/wp-content\/uploads\/2023\/07\/Titel-Hitze-Arbeiten.jpg\",\n\t            \"datePublished\": \"2023-07-18T11:40:14+00:00\",\n\t            \"dateModified\": \"2025-10-23T11:40:43+00:00\",\n\t            \"description\": \"\ud83c\udf21\ufe0f Hohe Temperaturen am Arbeitsplatz? So schaffen Sie Abhilfe! \u2714\ufe0f Die 8 besten Ma\u00dfnahmen f\u00fcr mehr Sicherheit auch bei Hitze\",\n\t            \"inLanguage\": \"de-AT\",\n\t            \"potentialAction\": [\n\t                {\n\t                    \"@type\": \"ReadAction\",\n\t                    \"target\": [\n\t                        \"https:\/\/www.rajapack.at\/verpackungsnews\/temperatur-am-arbeitsplatz\"\n\t                    ]\n\t                }\n\t            ]\n\t        },\n\t        {\n\t            \"@type\": \"ImageObject\",\n\t            \"inLanguage\": \"de-AT\",\n\t            \"@id\": \"https:\/\/www.rajapack.at\/verpackungsnews\/temperatur-am-arbeitsplatz#primaryimage\",\n\t            \"url\": \"https:\/\/www.rajapack.at\/verpackungsnews\/wp-content\/uploads\/2023\/07\/Titel-Hitze-Arbeiten.jpg\",\n\t            \"contentUrl\": \"https:\/\/www.rajapack.at\/verpackungsnews\/wp-content\/uploads\/2023\/07\/Titel-Hitze-Arbeiten.jpg\",\n\t            \"width\": 810,\n\t            \"height\": 420\n\t        },\n\t        {\n\t            \"@type\": \"WebSite\",\n\t            \"@id\": \"https:\/\/www.rajapack.at\/verpackungsnews\/#website\",\n\t            \"url\": \"https:\/\/www.rajapack.at\/verpackungsnews\/\",\n\t            \"name\": \"RAJAPACK Blog AT\",\n\t            \"description\": \"Verpackungsnews vom Experten\",\n\t            \"publisher\": {\n\t                \"@id\": \"https:\/\/www.rajapack.at\/verpackungsnews\/#organization\"\n\t            },\n\t            \"potentialAction\": [\n\t                {\n\t                    \"@type\": \"SearchAction\",\n\t                    \"target\": {\n\t                        \"@type\": \"EntryPoint\",\n\t                        \"urlTemplate\": \"https:\/\/www.rajapack.at\/verpackungsnews\/?s={search_term_string}\"\n\t                    },\n\t                    \"query-input\": {\n\t                        \"@type\": \"PropertyValueSpecification\",\n\t                        \"valueRequired\": true,\n\t                        \"valueName\": \"search_term_string\"\n\t                    }\n\t                }\n\t            ],\n\t            \"inLanguage\": \"de-AT\"\n\t        },\n\t        {\n\t            \"@type\": \"Organization\",\n\t            \"@id\": \"https:\/\/www.rajapack.at\/verpackungsnews\/#organization\",\n\t            \"name\": \"RAJAPACK Blog AT\",\n\t            \"url\": \"https:\/\/www.rajapack.at\/verpackungsnews\/\",\n\t            \"logo\": {\n\t                \"@type\": \"ImageObject\",\n\t                \"inLanguage\": \"de-AT\",\n\t                \"@id\": \"https:\/\/www.rajapack.at\/verpackungsnews\/#\/schema\/logo\/image\/\",\n\t                \"url\": \"https:\/\/www.rajapack.at\/verpackungsnews\/wp-content\/uploads\/2021\/11\/LOGO-RAJA-800x243-1.jpg\",\n\t                \"contentUrl\": \"https:\/\/www.rajapack.at\/verpackungsnews\/wp-content\/uploads\/2021\/11\/LOGO-RAJA-800x243-1.jpg\",\n\t                \"width\": 800,\n\t                \"height\": 243,\n\t                \"caption\": \"RAJAPACK Blog AT\"\n\t            },\n\t            \"image\": {\n\t                \"@id\": \"https:\/\/www.rajapack.at\/verpackungsnews\/#\/schema\/logo\/image\/\"\n\t            },\n\t            \"sameAs\": [\n\t                \"https:\/\/de.linkedin.com\/company\/rajapack-gmbh\"\n\t            ]\n\t        },\n\t        {\n\t            \"@type\": \"Person\",\n\t            \"@id\": \"https:\/\/www.rajapack.at\/verpackungsnews\/#\/schema\/person\/df6dc3629cb737ad2c3253a2901a8034\",\n\t            \"name\": \"RAJAPACK AT\",\n\t            \"image\": {\n\t                \"@type\": \"ImageObject\",\n\t                \"inLanguage\": \"de-AT\",\n\t                \"@id\": \"https:\/\/www.rajapack.at\/verpackungsnews\/#\/schema\/person\/image\/\",\n\t                \"url\": \"https:\/\/secure.gravatar.com\/avatar\/4c95834f3b6420b1fbe980903e066e22?s=96&d=mm&r=g\",\n\t                \"contentUrl\": \"https:\/\/secure.gravatar.com\/avatar\/4c95834f3b6420b1fbe980903e066e22?s=96&d=mm&r=g\",\n\t                \"caption\": \"RAJAPACK AT\"\n\t            }\n\t        }\n\t    ]\n\t}<\/script>\n","yoast_head_json":{"title":"Hitze am Arbeitsplatz \u2013 was schafft Abhilfe? - RAJAPACK Blog AT","description":"\ud83c\udf21\ufe0f Hohe Temperaturen am Arbeitsplatz? So schaffen Sie Abhilfe! \u2714\ufe0f Die 8 besten Ma\u00dfnahmen f\u00fcr mehr Sicherheit auch bei Hitze","robots":{"index":"index","follow":"follow","max-snippet":"max-snippet:-1","max-image-preview":"max-image-preview:large","max-video-preview":"max-video-preview:-1"},"canonical":"https:\/\/www.rajapack.at\/verpackungsnews\/temperatur-am-arbeitsplatz","og_locale":"de_AT","og_type":"article","og_title":"Hitze am Arbeitsplatz \u2013 was schafft Abhilfe? - RAJAPACK Blog AT","og_description":"\ud83c\udf21\ufe0f Hohe Temperaturen am Arbeitsplatz? So schaffen Sie Abhilfe! \u2714\ufe0f Die 8 besten Ma\u00dfnahmen f\u00fcr mehr Sicherheit auch bei Hitze","og_url":"https:\/\/www.rajapack.at\/verpackungsnews\/temperatur-am-arbeitsplatz","og_site_name":"RAJAPACK Blog AT","article_published_time":"2023-07-18T11:40:14+00:00","article_modified_time":"2025-10-23T11:40:43+00:00","og_image":[{"width":810,"height":420,"url":"https:\/\/www.rajapack.at\/verpackungsnews\/wp-content\/uploads\/2023\/07\/Titel-Hitze-Arbeiten.jpg","type":"image\/jpeg"}],"author":"RAJAPACK AT","twitter_card":"summary_large_image","twitter_misc":{"Verfasst von":"RAJAPACK AT","Gesch\u00e4tzte Lesezeit":"6 Minuten"},"schema":{"@context":"https:\/\/schema.org","@graph":[{"@type":"Article","@id":"https:\/\/www.rajapack.at\/verpackungsnews\/temperatur-am-arbeitsplatz#article","isPartOf":{"@id":"https:\/\/www.rajapack.at\/verpackungsnews\/temperatur-am-arbeitsplatz"},"author":{"name":"RAJAPACK AT","@id":"https:\/\/www.rajapack.at\/verpackungsnews\/#\/schema\/person\/df6dc3629cb737ad2c3253a2901a8034"},"headline":"Hitze am Arbeitsplatz \u2013 was schafft Abhilfe?","datePublished":"2023-07-18T11:40:14+00:00","dateModified":"2025-10-23T11:40:43+00:00","mainEntityOfPage":{"@id":"https:\/\/www.rajapack.at\/verpackungsnews\/temperatur-am-arbeitsplatz"},"wordCount":1021,"commentCount":0,"publisher":{"@id":"https:\/\/www.rajapack.at\/verpackungsnews\/#organization"},"image":{"@id":"https:\/\/www.rajapack.at\/verpackungsnews\/temperatur-am-arbeitsplatz#primaryimage"},"thumbnailUrl":"https:\/\/www.rajapack.at\/verpackungsnews\/wp-content\/uploads\/2023\/07\/Titel-Hitze-Arbeiten.jpg","keywords":["Gesundheit","Lager","Normen"],"articleSection":["Know How","Kosten- und Prozessoptimierung"],"inLanguage":"de-AT","potentialAction":[{"@type":"CommentAction","name":"Comment","target":["https:\/\/www.rajapack.at\/verpackungsnews\/temperatur-am-arbeitsplatz#respond"]}]},{"@type":"WebPage","@id":"https:\/\/www.rajapack.at\/verpackungsnews\/temperatur-am-arbeitsplatz","url":"https:\/\/www.rajapack.at\/verpackungsnews\/temperatur-am-arbeitsplatz","name":"Hitze am Arbeitsplatz \u2013 was schafft Abhilfe? - RAJAPACK Blog AT","isPartOf":{"@id":"https:\/\/www.rajapack.at\/verpackungsnews\/#website"},"primaryImageOfPage":{"@id":"https:\/\/www.rajapack.at\/verpackungsnews\/temperatur-am-arbeitsplatz#primaryimage"},"image":{"@id":"https:\/\/www.rajapack.at\/verpackungsnews\/temperatur-am-arbeitsplatz#primaryimage"},"thumbnailUrl":"https:\/\/www.rajapack.at\/verpackungsnews\/wp-content\/uploads\/2023\/07\/Titel-Hitze-Arbeiten.jpg","datePublished":"2023-07-18T11:40:14+00:00","dateModified":"2025-10-23T11:40:43+00:00","description":"\ud83c\udf21\ufe0f Hohe Temperaturen am Arbeitsplatz? So schaffen Sie Abhilfe! \u2714\ufe0f Die 8 besten Ma\u00dfnahmen f\u00fcr mehr Sicherheit auch bei Hitze","inLanguage":"de-AT","potentialAction":[{"@type":"ReadAction","target":["https:\/\/www.rajapack.at\/verpackungsnews\/temperatur-am-arbeitsplatz"]}]},{"@type":"ImageObject","inLanguage":"de-AT","@id":"https:\/\/www.rajapack.at\/verpackungsnews\/temperatur-am-arbeitsplatz#primaryimage","url":"https:\/\/www.rajapack.at\/verpackungsnews\/wp-content\/uploads\/2023\/07\/Titel-Hitze-Arbeiten.jpg","contentUrl":"https:\/\/www.rajapack.at\/verpackungsnews\/wp-content\/uploads\/2023\/07\/Titel-Hitze-Arbeiten.jpg","width":810,"height":420},{"@type":"WebSite","@id":"https:\/\/www.rajapack.at\/verpackungsnews\/#website","url":"https:\/\/www.rajapack.at\/verpackungsnews\/","name":"RAJAPACK Blog AT","description":"Verpackungsnews vom Experten","publisher":{"@id":"https:\/\/www.rajapack.at\/verpackungsnews\/#organization"},"potentialAction":[{"@type":"SearchAction","target":{"@type":"EntryPoint","urlTemplate":"https:\/\/www.rajapack.at\/verpackungsnews\/?s={search_term_string}"},"query-input":{"@type":"PropertyValueSpecification","valueRequired":true,"valueName":"search_term_string"}}],"inLanguage":"de-AT"},{"@type":"Organization","@id":"https:\/\/www.rajapack.at\/verpackungsnews\/#organization","name":"RAJAPACK Blog AT","url":"https:\/\/www.rajapack.at\/verpackungsnews\/","logo":{"@type":"ImageObject","inLanguage":"de-AT","@id":"https:\/\/www.rajapack.at\/verpackungsnews\/#\/schema\/logo\/image\/","url":"https:\/\/www.rajapack.at\/verpackungsnews\/wp-content\/uploads\/2021\/11\/LOGO-RAJA-800x243-1.jpg","contentUrl":"https:\/\/www.rajapack.at\/verpackungsnews\/wp-content\/uploads\/2021\/11\/LOGO-RAJA-800x243-1.jpg","width":800,"height":243,"caption":"RAJAPACK Blog AT"},"image":{"@id":"https:\/\/www.rajapack.at\/verpackungsnews\/#\/schema\/logo\/image\/"},"sameAs":["https:\/\/de.linkedin.com\/company\/rajapack-gmbh"]},{"@type":"Person","@id":"https:\/\/www.rajapack.at\/verpackungsnews\/#\/schema\/person\/df6dc3629cb737ad2c3253a2901a8034","name":"RAJAPACK AT","image":{"@type":"ImageObject","inLanguage":"de-AT","@id":"https:\/\/www.rajapack.at\/verpackungsnews\/#\/schema\/person\/image\/","url":"https:\/\/secure.gravatar.com\/avatar\/4c95834f3b6420b1fbe980903e066e22?s=96&d=mm&r=g","contentUrl":"https:\/\/secure.gravatar.com\/avatar\/4c95834f3b6420b1fbe980903e066e22?s=96&d=mm&r=g","caption":"RAJAPACK AT"}}]}},"_links":{"self":[{"href":"https:\/\/www.rajapack.at\/verpackungsnews\/wp-json\/wp\/v2\/posts\/29471","targetHints":{"allow":["GET"]}}],"collection":[{"href":"https:\/\/www.rajapack.at\/verpackungsnews\/wp-json\/wp\/v2\/posts"}],"about":[{"href":"https:\/\/www.rajapack.at\/verpackungsnews\/wp-json\/wp\/v2\/types\/post"}],"author":[{"embeddable":true,"href":"https:\/\/www.rajapack.at\/verpackungsnews\/wp-json\/wp\/v2\/users\/22"}],"replies":[{"embeddable":true,"href":"https:\/\/www.rajapack.at\/verpackungsnews\/wp-json\/wp\/v2\/comments?post=29471"}],"version-history":[{"count":8,"href":"https:\/\/www.rajapack.at\/verpackungsnews\/wp-json\/wp\/v2\/posts\/29471\/revisions"}],"predecessor-version":[{"id":29820,"href":"https:\/\/www.rajapack.at\/verpackungsnews\/wp-json\/wp\/v2\/posts\/29471\/revisions\/29820"}],"wp:featuredmedia":[{"embeddable":true,"href":"https:\/\/www.rajapack.at\/verpackungsnews\/wp-json\/wp\/v2\/media\/29478"}],"wp:attachment":[{"href":"https:\/\/www.rajapack.at\/verpackungsnews\/wp-json\/wp\/v2\/media?parent=29471"}],"wp:term":[{"taxonomy":"category","embeddable":true,"href":"https:\/\/www.rajapack.at\/verpackungsnews\/wp-json\/wp\/v2\/categories?post=29471"},{"taxonomy":"post_tag","embeddable":true,"href":"https:\/\/www.rajapack.at\/verpackungsnews\/wp-json\/wp\/v2\/tags?post=29471"}],"curies":[{"name":"wp","href":"https:\/\/api.w.org\/{rel}","templated":true}]}}