{"id":29646,"date":"2024-01-09T09:24:16","date_gmt":"2024-01-09T08:24:16","guid":{"rendered":"https:\/\/www.rajapack.at\/verpackungsnews\/?p=29646"},"modified":"2025-10-23T13:39:25","modified_gmt":"2025-10-23T11:39:25","slug":"die-verpackungsarten-im-ueberblick","status":"publish","type":"post","link":"https:\/\/www.rajapack.at\/verpackungsnews\/die-verpackungsarten-im-ueberblick","title":{"rendered":"Die Verpackungsarten im \u00dcberblick"},"content":{"rendered":"<h5>Im Zusammenhang mit Verpackung fallen immer wieder die selben Begriffe: Prim\u00e4rverpackung und Sekund\u00e4rverpackung, beispielsweise.\u00a0 Produktverpackung und Serviceverpackung. Versand &#8211; und Transportverpackung. Doch was genau steckt hinter diesen Begriffen? Und verwenden Sie sie richtig? In diesem Blogartikel erkl\u00e4ren wir die Vielfalt der Verpackungsarten und geben einen \u00dcberblick.<\/h5>\n<div class=\"su-spacer\" style=\"height:20px\"><\/div><div class=\"su-divider su-divider-style-default\" style=\"margin:15px 0;border-width:3px;border-color:#999999\"><\/div><div class=\"su-spacer\" style=\"height:20px\"><\/div>\n<div class=\"su-button-center\"><a href=\"https:\/\/www.rajapack.at\" class=\"su-button su-button-style-default\" style=\"color:#FFFFFF;background-color:#225ca0;border-color:#1c4a80;border-radius:34px\" target=\"_blank\" rel=\"noopener noreferrer\"><span style=\"color:#FFFFFF;padding:6px 18px;font-size:14px;line-height:21px;border-color:#658dbd;border-radius:34px;text-shadow:none\"><i class=\"sui sui-shopping-cart\" style=\"font-size:14px;color:#FFFFFF\"><\/i> Sie ben\u00f6tigen Produkte um Ihre Produkte zu verpacken \u2013 im RAJA-Shop werden Sie f\u00fcndig!<\/span><\/a><\/div>\n<div class=\"su-spacer\" style=\"height:20px\"><\/div><div class=\"su-divider su-divider-style-default\" style=\"margin:15px 0;border-width:3px;border-color:#999999\"><\/div><div class=\"su-spacer\" style=\"height:20px\"><\/div>\n<div id=\"ez-toc-container\" class=\"ez-toc-v2_0_73 counter-hierarchy ez-toc-counter ez-toc-grey ez-toc-container-direction\">\n<div class=\"ez-toc-title-container\">\n<p class=\"ez-toc-title\" style=\"cursor:inherit\">Direkt zu diesen Themen:<\/p>\n<span class=\"ez-toc-title-toggle\"><a href=\"#\" class=\"ez-toc-pull-right ez-toc-btn ez-toc-btn-xs ez-toc-btn-default ez-toc-toggle\" aria-label=\"Toggle Table of Content\"><span class=\"ez-toc-js-icon-con\"><span class=\"\"><span class=\"eztoc-hide\" style=\"display:none;\">Toggle<\/span><span class=\"ez-toc-icon-toggle-span\"><svg style=\"fill: #999;color:#999\" xmlns=\"http:\/\/www.w3.org\/2000\/svg\" class=\"list-377408\" width=\"20px\" height=\"20px\" viewBox=\"0 0 24 24\" fill=\"none\"><path d=\"M6 6H4v2h2V6zm14 0H8v2h12V6zM4 11h2v2H4v-2zm16 0H8v2h12v-2zM4 16h2v2H4v-2zm16 0H8v2h12v-2z\" fill=\"currentColor\"><\/path><\/svg><svg style=\"fill: #999;color:#999\" class=\"arrow-unsorted-368013\" xmlns=\"http:\/\/www.w3.org\/2000\/svg\" width=\"10px\" height=\"10px\" viewBox=\"0 0 24 24\" version=\"1.2\" baseProfile=\"tiny\"><path d=\"M18.2 9.3l-6.2-6.3-6.2 6.3c-.2.2-.3.4-.3.7s.1.5.3.7c.2.2.4.3.7.3h11c.3 0 .5-.1.7-.3.2-.2.3-.5.3-.7s-.1-.5-.3-.7zM5.8 14.7l6.2 6.3 6.2-6.3c.2-.2.3-.5.3-.7s-.1-.5-.3-.7c-.2-.2-.4-.3-.7-.3h-11c-.3 0-.5.1-.7.3-.2.2-.3.5-.3.7s.1.5.3.7z\"\/><\/svg><\/span><\/span><\/span><\/a><\/span><\/div>\n<nav><ul class='ez-toc-list ez-toc-list-level-1 ' ><li class='ez-toc-page-1 ez-toc-heading-level-2'><a class=\"ez-toc-link ez-toc-heading-1\" href=\"https:\/\/www.rajapack.at\/verpackungsnews\/die-verpackungsarten-im-ueberblick\/#Was_versteht_man_unter_einer_Verpackung\" title=\"Was versteht man unter einer Verpackung?\">Was versteht man unter einer Verpackung?<\/a><\/li><li class='ez-toc-page-1 ez-toc-heading-level-2'><a class=\"ez-toc-link ez-toc-heading-2\" href=\"https:\/\/www.rajapack.at\/verpackungsnews\/die-verpackungsarten-im-ueberblick\/#Was_verbirgt_sich_hinter_den_Begriffen_Primaer-_Sekundaer-_und_Tertiaerverpackungen\" title=\"Was verbirgt sich hinter den Begriffen Prim\u00e4r-, Sekund\u00e4r- und Terti\u00e4rverpackungen?\">Was verbirgt sich hinter den Begriffen Prim\u00e4r-, Sekund\u00e4r- und Terti\u00e4rverpackungen?<\/a><ul class='ez-toc-list-level-3' ><li class='ez-toc-heading-level-3'><a class=\"ez-toc-link ez-toc-heading-3\" href=\"https:\/\/www.rajapack.at\/verpackungsnews\/die-verpackungsarten-im-ueberblick\/#Primaerverpackung\" title=\"Prim\u00e4rverpackung\">Prim\u00e4rverpackung<\/a><\/li><li class='ez-toc-page-1 ez-toc-heading-level-3'><a class=\"ez-toc-link ez-toc-heading-4\" href=\"https:\/\/www.rajapack.at\/verpackungsnews\/die-verpackungsarten-im-ueberblick\/#Sekundaerverpackung\" title=\"Sekund\u00e4rverpackung\">Sekund\u00e4rverpackung<\/a><\/li><li class='ez-toc-page-1 ez-toc-heading-level-3'><a class=\"ez-toc-link ez-toc-heading-5\" href=\"https:\/\/www.rajapack.at\/verpackungsnews\/die-verpackungsarten-im-ueberblick\/#Tertiaerverpackung\" title=\"Terti\u00e4rverpackung\">Terti\u00e4rverpackung<\/a><\/li><\/ul><\/li><li class='ez-toc-page-1 ez-toc-heading-level-2'><a class=\"ez-toc-link ez-toc-heading-6\" href=\"https:\/\/www.rajapack.at\/verpackungsnews\/die-verpackungsarten-im-ueberblick\/#Verpackungsarten_im_Detail\" title=\"Verpackungsarten im Detail\">Verpackungsarten im Detail<\/a><ul class='ez-toc-list-level-3' ><li class='ez-toc-heading-level-3'><a class=\"ez-toc-link ez-toc-heading-7\" href=\"https:\/\/www.rajapack.at\/verpackungsnews\/die-verpackungsarten-im-ueberblick\/#Verkaufsverpackungen\" title=\"Verkaufsverpackungen\">Verkaufsverpackungen<\/a><\/li><li class='ez-toc-page-1 ez-toc-heading-level-3'><a class=\"ez-toc-link ez-toc-heading-8\" href=\"https:\/\/www.rajapack.at\/verpackungsnews\/die-verpackungsarten-im-ueberblick\/#Produktverpackungen\" title=\"Produktverpackungen\">Produktverpackungen<\/a><\/li><li class='ez-toc-page-1 ez-toc-heading-level-3'><a class=\"ez-toc-link ez-toc-heading-9\" href=\"https:\/\/www.rajapack.at\/verpackungsnews\/die-verpackungsarten-im-ueberblick\/#_Serviceverpackungen\" title=\"\u00a0Serviceverpackungen\">\u00a0Serviceverpackungen<\/a><\/li><li class='ez-toc-page-1 ez-toc-heading-level-3'><a class=\"ez-toc-link ez-toc-heading-10\" href=\"https:\/\/www.rajapack.at\/verpackungsnews\/die-verpackungsarten-im-ueberblick\/#Versandverpackungen\" title=\"Versandverpackungen\">Versandverpackungen<\/a><\/li><li class='ez-toc-page-1 ez-toc-heading-level-3'><a class=\"ez-toc-link ez-toc-heading-11\" href=\"https:\/\/www.rajapack.at\/verpackungsnews\/die-verpackungsarten-im-ueberblick\/#Umverpackungen\" title=\"Umverpackungen\">Umverpackungen<\/a><\/li><li class='ez-toc-page-1 ez-toc-heading-level-3'><a class=\"ez-toc-link ez-toc-heading-12\" href=\"https:\/\/www.rajapack.at\/verpackungsnews\/die-verpackungsarten-im-ueberblick\/#Transportverpackungen\" title=\"Transportverpackungen\">Transportverpackungen<\/a><\/li><li class='ez-toc-page-1 ez-toc-heading-level-3'><a class=\"ez-toc-link ez-toc-heading-13\" href=\"https:\/\/www.rajapack.at\/verpackungsnews\/die-verpackungsarten-im-ueberblick\/#Industrieverpackungen\" title=\"Industrieverpackungen\">Industrieverpackungen<\/a><\/li><\/ul><\/li><li class='ez-toc-page-1 ez-toc-heading-level-2'><a class=\"ez-toc-link ez-toc-heading-14\" href=\"https:\/\/www.rajapack.at\/verpackungsnews\/die-verpackungsarten-im-ueberblick\/#Verpackungsgesetz\" title=\"Verpackungsgesetz\">Verpackungsgesetz<\/a><ul class='ez-toc-list-level-3' ><li class='ez-toc-heading-level-3'><a class=\"ez-toc-link ez-toc-heading-15\" href=\"https:\/\/www.rajapack.at\/verpackungsnews\/die-verpackungsarten-im-ueberblick\/#In_aller_Kuerze_Das_besagt_das_Verpackungsgesetz\" title=\"In aller K\u00fcrze: Das besagt das Verpackungsgesetz\">In aller K\u00fcrze: Das besagt das Verpackungsgesetz<\/a><\/li><\/ul><\/li><\/ul><\/nav><\/div>\n<h2><span class=\"ez-toc-section\" id=\"Was_versteht_man_unter_einer_Verpackung\"><\/span><strong>Was versteht man unter einer Verpackung?<\/strong><span class=\"ez-toc-section-end\"><\/span><\/h2>\n<div class=\"su-spacer\" style=\"height:20px\"><\/div>\n<p>Bei einer Verpackung handelt es sich\u00a0um ein Beh\u00e4ltnis, das dazu dient, jegliche Produkte zu umh\u00fcllen, sie zu sch\u00fctzen, zu sichern, zu organisieren oder fachgerecht zu transportieren. Kurzum: Verpackungen sind die unscheinbaren Helden, die uns im Alltag fast t\u00e4glich begegnen.\u00a0Schlie\u00dflich erfordern viele Produkte eine passende Verpackung, um gelagert, verteilt und verkauft werden zu k\u00f6nnen.\u00a0In der Welt des Verpackens finden wir eine reiche Palette an unterschiedlichen Materialien wie Kunststoff, Papier, Glas oder Metall. Je nach den Bed\u00fcrfnissen des Produkts, werden Verpackungen zudem in unterschiedlichen Formen und Gr\u00f6\u00dfen hergestellt.<\/p>\n<div class=\"su-quote su-quote-style-default\"><div class=\"su-quote-inner su-u-clearfix su-u-trim\">Verpackungen dienen nicht nur dem Schutz des Inhalts vor \u00e4u\u00dferen Einfl\u00fcssen wie Besch\u00e4digung oder Verschmutzung, sondern informieren den Verbraucher auch \u00fcber das Produkt und f\u00f6rdern durch eine attraktive Pr\u00e4sentation den Verkauf im Handel. <\/div><\/div>\n<p>Damit erf\u00fcllen Verpackungen vielf\u00e4ltige Aufgaben. Je nach dem beabsichtigten Verwendungszweck unterscheiden sich die verschiedenen Arten. Die richtige Wahl ist vor allem\u00a0abh\u00e4ngig von dem Produkt und dem gesamten Verpackungsprozess. Die vorgesehene Lagerung, der Transport, die Umgebungsbedingungen wie Temperatur und Luftfeuchtigkeit, die Stapelbarkeit und sogar das R\u00fccksendeverfahren im E-Commerce sind nur einige der Faktoren, die die Auswahl der passenden Umh\u00fcllung beeinflussen. Gleichzeitig spielt das Produkt selbst eine entscheidende Schl\u00fcsselrolle. Denn ob robust oder zerbrechlich, ob verderblich, eckig, leicht oder schwer &#8211; jedes Produkt erfordert eine individuelle Verpackungsl\u00f6sung. Damit wir die beste Option w\u00e4hlen k\u00f6nnen, m\u00fcssen wir verstehen, welche Verpackungsarten zur Auswahl stehen.<\/p>\n<h2><span class=\"ez-toc-section\" id=\"Was_verbirgt_sich_hinter_den_Begriffen_Primaer-_Sekundaer-_und_Tertiaerverpackungen\"><\/span><strong>Was verbirgt sich hinter den Begriffen Prim\u00e4r-, Sekund\u00e4r- und Terti\u00e4rverpackungen?<\/strong><span class=\"ez-toc-section-end\"><\/span><\/h2>\n<div class=\"su-spacer\" style=\"height:20px\"><\/div>\n<p>Generell lassen sich Verpackungsarten nach ihrer Funktion erst einmal in drei Kategorien einteilen. Werfen wir daf\u00fcr zun\u00e4chst einen genaueren Blick auf den Unterschied zwischen\u00a0<strong>Prim\u00e4r-, Sekund\u00e4r- und Terti\u00e4rverpackungen<\/strong>.<\/p>\n<p>Wie die Bezeichnungen bereits verraten, kann die Umh\u00fcllung eines Produkts aus verschiedenen Verpackungsschichten, \u00e4hnlich wie bei einer Zwiebel, bestehen. Hierbei wird, von innen nach au\u00dfen, die N\u00e4he zum Produkt beschrieben.<\/p>\n<h3><span class=\"ez-toc-section\" id=\"Primaerverpackung\"><\/span><strong>Prim\u00e4rverpackung<\/strong><span class=\"ez-toc-section-end\"><\/span><\/h3>\n<div class=\"su-spacer\" style=\"height:20px\"><\/div>\n<p>Die Prim\u00e4rverpackung ist jene Verpackung, die das Produkt unmittelbar umgibt und ber\u00fchrt. Daher wird sie auch oft als Einzelverpackung bezeichnet. Egal, ob es sich um Kosmetiktuben f\u00fcr Cremes, Kunststoffbeh\u00e4lter f\u00fcr Joghurt oder Kartonverpackungen f\u00fcr M\u00fcsli oder Elektronikger\u00e4te handelt, &#8211; sie sind die erste Schutzschicht. Ihre Hauptaufgabe ist damit die Sicherung vor \u00e4u\u00dferen Einfl\u00fcssen wie Feuchtigkeit, Schmutz oder Besch\u00e4digungen. Insbesondere w\u00e4hrend des Versands, der Lagerung und des Verkaufs sollte das Produkt gut verpackt sein, damit es einwandfrei und ohne Qualit\u00e4tseinbu\u00dfen beim\u00a0Kunden\u00a0ankommt.<\/p>\n<p>Prim\u00e4rverpackungen sind jedoch nicht nur ein Schutzschild, sondern auch Verpackungshelden mit einer Botschaft ihrer Marke, da sie oftmals die Informationen \u00fcber das Produkt bereitstellen. Von dem Produktnamen, den genauen Inhaltsstoffen, bis hin zu der Herkunft, der Anweisung zur Verwendung und Recycling- Zeichen, &#8211; sie spielen bei der Kennzeichnung des Produkts eine entscheidende Rolle.<\/p>\n<div class=\"su-spacer\" style=\"height:20px\"><\/div>\n<div class=\"su-image-carousel su-image-carousel-has-spacing su-image-carousel-adaptive su-image-carousel-slides-style-default su-image-carousel-controls-style-light su-image-carousel-align-center\" style=\"max-width:860px\" data-flickity-options='{\"groupCells\":true,\"cellSelector\":\".su-image-carousel-item\",\"adaptiveHeight\":true,\"cellAlign\":\"left\",\"prevNextButtons\":true,\"pageDots\":false,\"autoPlay\":3000,\"imagesLoaded\":true,\"contain\":false,\"selectedAttraction\":0.007,\"friction\":0.25}' id=\"su_image_carousel_69f269d93b3b5\"><div class=\"su-image-carousel-item\"><div class=\"su-image-carousel-item-content\"><a href=\"\" target=\"_blank\" rel=\"noopener noreferrer\" data-caption=\"\"><img loading=\"lazy\" decoding=\"async\" width=\"430\" height=\"415\" src=\"https:\/\/www.rajapack.at\/verpackungsnews\/wp-content\/uploads\/2024\/01\/Verpackungsarten_Primaerverpackung-430x415.jpg\" class=\"\" alt=\"Prim\u00e4rverpackung: Direkt am Produkt\" srcset=\"https:\/\/www.rajapack.at\/verpackungsnews\/wp-content\/uploads\/2024\/01\/Verpackungsarten_Primaerverpackung-430x415.jpg 430w, https:\/\/www.rajapack.at\/verpackungsnews\/wp-content\/uploads\/2024\/01\/Verpackungsarten_Primaerverpackung.jpg 650w\" sizes=\"auto, (max-width: 430px) 100vw, 430px\" \/><\/a><\/div><\/div><\/div><script id=\"su_image_carousel_69f269d93b3b5_script\">if(window.SUImageCarousel){setTimeout(function() {window.SUImageCarousel.initGallery(document.getElementById(\"su_image_carousel_69f269d93b3b5\"))}, 0);}var su_image_carousel_69f269d93b3b5_script=document.getElementById(\"su_image_carousel_69f269d93b3b5_script\");if(su_image_carousel_69f269d93b3b5_script){su_image_carousel_69f269d93b3b5_script.parentNode.removeChild(su_image_carousel_69f269d93b3b5_script);}<\/script>\n<div class=\"su-spacer\" style=\"height:20px\"><\/div>\n<h3><span class=\"ez-toc-section\" id=\"Sekundaerverpackung\"><\/span><strong>Sekund\u00e4rverpackung<\/strong><span class=\"ez-toc-section-end\"><\/span><\/h3>\n<div class=\"su-spacer\" style=\"height:20px\"><\/div>\nDie zweite Verpackungsschicht wird Sekund\u00e4rverpackung genannt. Sie dient dazu, mehrere einzelne Produkte zusammenzufassen bzw. die Prim\u00e4rverpackungen zu b\u00fcndeln, zu sch\u00fctzen und f\u00fcr den Transport zu organisieren.\u00a0Im Grunde ist sie die\u00a0<a href=\"\/kartons-schachteln-container_C10.html\" target=\"_blank\" rel=\"noopener\">Kartonverpackung<\/a>\u00a0um die einzeln eingeschwei\u00dften M\u00fcsliriegel.<\/p>\n<p>Aus diesem Grund werden Sekund\u00e4rverpackungen auch als Zweit- oder Sammelverpackung bezeichnet. Meist zu Gruppierungs- und Pr\u00e4sentationszwecken eingesetzt, werden sie aus Gr\u00fcnden des Umweltschutzes auch, wo es m\u00f6glich ist, weggelassen.<\/p>\n<div class=\"su-spacer\" style=\"height:20px\"><\/div>\n<div class=\"su-image-carousel su-image-carousel-has-spacing su-image-carousel-adaptive su-image-carousel-slides-style-default su-image-carousel-controls-style-light su-image-carousel-align-center\" style=\"max-width:860px\" data-flickity-options='{\"groupCells\":true,\"cellSelector\":\".su-image-carousel-item\",\"adaptiveHeight\":true,\"cellAlign\":\"left\",\"prevNextButtons\":true,\"pageDots\":false,\"autoPlay\":3000,\"imagesLoaded\":true,\"contain\":false,\"selectedAttraction\":0.007,\"friction\":0.25}' id=\"su_image_carousel_69f269d93b931\"><div class=\"su-image-carousel-item\"><div class=\"su-image-carousel-item-content\"><a href=\"\" target=\"_blank\" rel=\"noopener noreferrer\" data-caption=\"\"><img loading=\"lazy\" decoding=\"async\" width=\"430\" height=\"287\" src=\"https:\/\/www.rajapack.at\/verpackungsnews\/wp-content\/uploads\/2024\/01\/Verpackungsarten_Sekundaerverpackung-430x287.jpg\" class=\"\" alt=\"Sekund\u00e4rverpackung: Zum B\u00fcndeln\" srcset=\"https:\/\/www.rajapack.at\/verpackungsnews\/wp-content\/uploads\/2024\/01\/Verpackungsarten_Sekundaerverpackung-430x287.jpg 430w, https:\/\/www.rajapack.at\/verpackungsnews\/wp-content\/uploads\/2024\/01\/Verpackungsarten_Sekundaerverpackung-768x512.jpg 768w, https:\/\/www.rajapack.at\/verpackungsnews\/wp-content\/uploads\/2024\/01\/Verpackungsarten_Sekundaerverpackung.jpg 940w\" sizes=\"auto, (max-width: 430px) 100vw, 430px\" \/><\/a><\/div><\/div><\/div><script id=\"su_image_carousel_69f269d93b931_script\">if(window.SUImageCarousel){setTimeout(function() {window.SUImageCarousel.initGallery(document.getElementById(\"su_image_carousel_69f269d93b931\"))}, 0);}var su_image_carousel_69f269d93b931_script=document.getElementById(\"su_image_carousel_69f269d93b931_script\");if(su_image_carousel_69f269d93b931_script){su_image_carousel_69f269d93b931_script.parentNode.removeChild(su_image_carousel_69f269d93b931_script);}<\/script>\n<div class=\"su-spacer\" style=\"height:20px\"><\/div>\n<h3><span class=\"ez-toc-section\" id=\"Tertiaerverpackung\"><\/span><strong>Terti\u00e4rverpackung<\/strong><span class=\"ez-toc-section-end\"><\/span><\/h3>\n<div class=\"su-spacer\" style=\"height:20px\"><\/div>\nDie Terti\u00e4rverpackung ist die Verpackung, die der Endverbraucher eher selten zu Gesicht bekommt. Sie ist die \u00e4u\u00dferste Schicht und fasst die Prim\u00e4r- und Sekund\u00e4rverpackung zu einer Einheit zusammen. Sie dient zum Schutz des Produkts bei Lagerung und Versand und h\u00e4lt mehrere Produkte zusammen. Dadurch sorgt sie auch f\u00fcr eine platzsparende Lagerung. Gleichzeitig ist sie der robuste und stabilste Teil einer Verpackungseinheit. Als Beispiele lassen sich hier\u00a0<a href=\"\/palettierung-folien\/palettenschrumpffolie_C4030.html\" target=\"_blank\" rel=\"noopener\">Schrumpffolien<\/a>\u00a0oder\u00a0<a href=\"\/palettierung-folien\/stretchfolien_C4010.html\" target=\"_blank\" rel=\"noopener\">Stretchfolien<\/a>\u00a0zur Sicherung von Ladungseinheiten nennen.<\/p>\n<div class=\"su-spacer\" style=\"height:20px\"><\/div>\n<div class=\"su-image-carousel su-image-carousel-has-spacing su-image-carousel-adaptive su-image-carousel-slides-style-default su-image-carousel-controls-style-light su-image-carousel-align-center\" style=\"max-width:860px\" data-flickity-options='{\"groupCells\":true,\"cellSelector\":\".su-image-carousel-item\",\"adaptiveHeight\":true,\"cellAlign\":\"left\",\"prevNextButtons\":true,\"pageDots\":false,\"autoPlay\":3000,\"imagesLoaded\":true,\"contain\":false,\"selectedAttraction\":0.007,\"friction\":0.25}' id=\"su_image_carousel_69f269d93bea3\"><div class=\"su-image-carousel-item\"><div class=\"su-image-carousel-item-content\"><a href=\"\" target=\"_blank\" rel=\"noopener noreferrer\" data-caption=\"\"><img loading=\"lazy\" decoding=\"async\" width=\"430\" height=\"246\" src=\"https:\/\/www.rajapack.at\/verpackungsnews\/wp-content\/uploads\/2024\/01\/Verpackungsarten_Transportverpackung-430x246.jpg\" class=\"\" alt=\"Terti\u00e4rverpackung: F\u00fcr den Transport\" srcset=\"https:\/\/www.rajapack.at\/verpackungsnews\/wp-content\/uploads\/2024\/01\/Verpackungsarten_Transportverpackung-430x246.jpg 430w, https:\/\/www.rajapack.at\/verpackungsnews\/wp-content\/uploads\/2024\/01\/Verpackungsarten_Transportverpackung-1024x585.jpg 1024w, https:\/\/www.rajapack.at\/verpackungsnews\/wp-content\/uploads\/2024\/01\/Verpackungsarten_Transportverpackung-768x439.jpg 768w, https:\/\/www.rajapack.at\/verpackungsnews\/wp-content\/uploads\/2024\/01\/Verpackungsarten_Transportverpackung.jpg 1097w\" sizes=\"auto, (max-width: 430px) 100vw, 430px\" \/><\/a><\/div><\/div><\/div><script id=\"su_image_carousel_69f269d93bea3_script\">if(window.SUImageCarousel){setTimeout(function() {window.SUImageCarousel.initGallery(document.getElementById(\"su_image_carousel_69f269d93bea3\"))}, 0);}var su_image_carousel_69f269d93bea3_script=document.getElementById(\"su_image_carousel_69f269d93bea3_script\");if(su_image_carousel_69f269d93bea3_script){su_image_carousel_69f269d93bea3_script.parentNode.removeChild(su_image_carousel_69f269d93bea3_script);}<\/script>\n<div class=\"su-spacer\" style=\"height:20px\"><\/div>\n<h2><span class=\"ez-toc-section\" id=\"Verpackungsarten_im_Detail\"><\/span><strong>Verpackungsarten im Detail<\/strong><span class=\"ez-toc-section-end\"><\/span><\/h2>\n<div class=\"su-spacer\" style=\"height:20px\"><\/div>\nNeben den drei Verpackungskategorien lassen sich weitere Unterteilungen vornehmen, &#8211; je nachdem f\u00fcr welchen Zweck eine Verpackung verwendet wird.\u00a0So haben Sie sicherlich schon von Produktverpackungen, Versand- oder Serviceverpackungen geh\u00f6rt.\u00a0Doch kennen Sie auch den genauen Unterschied? Betrachten wir die einzelnen Verpackungsarten daher nun genauer.<\/p>\n<h3><span class=\"ez-toc-section\" id=\"Verkaufsverpackungen\"><\/span><strong>Verkaufsverpackungen<\/strong><span class=\"ez-toc-section-end\"><\/span><\/h3>\n<div class=\"su-spacer\" style=\"height:20px\"><\/div>\nVerkaufsverpackungen sind im allgemeinen Verpackungen, die mit Ware bef\u00fcllt, dem Verbraucher zum Kauf angeboten werden. Zu den Verkaufsverpackungen z\u00e4hlen Produktverpackungen, Serviceverpackungen und Versandverpackungen, die wir nachfolgend etwas n\u00e4her beleuchten m\u00f6chten.<\/p>\n<h3><span class=\"ez-toc-section\" id=\"Produktverpackungen\"><\/span><strong>Produktverpackungen<\/strong><span class=\"ez-toc-section-end\"><\/span><\/h3>\n<div class=\"su-spacer\" style=\"height:20px\"><\/div>\nAls Produktverpackungen werden alle Verpackungen bezeichnet, die das Produkt direkt oder indirekt umh\u00fcllen. Es kann sich hier sowohl um Prim\u00e4rverpackungen (z.B. die Kosmetiktube f\u00fcr Cremes) oder um die Sekund\u00e4rverpackungen (z.B. die Kartonverpackung der Creme) handeln. Im Grunde sind zum Beispiel nahezu alle Lebensmittel im Supermarkt mit einer Produktverpackung umh\u00fcllt.\u00a0Neben dem Schutz, spielen auch die Funktionalit\u00e4t und Benutzerfreundlichkeit eine entscheidende Rolle bei der Kundenzufriedenheit. Stellen Sie sich bei der Auswahl daher die Frage: Wie einfach ist es f\u00fcr den Kunden, die Verpackung zu \u00f6ffnen, zu verwenden, zu recyclen oder zu entsorgen?\u00a0\u00a0Ein ansprechendes Design tr\u00e4gt dar\u00fcber hinaus dazu bei, die Attraktivit\u00e4t eines Produkts zu steigern und somit die Verkaufschancen zu erh\u00f6hen.<\/p>\n<p>So vielf\u00e4ltig die Produkte, so vielf\u00e4ltig sind auch die einzelnen Produktverpackungen, die h\u00e4ufig optimal auf die Objekte zugeschnitten sind. Ein gutes Beispiel hierf\u00fcr sind\u00a0<a href=\"\/tragetaschen-geschenkverpackung\/blumenverpackungen_C6530.html\" target=\"_blank\" rel=\"noopener\">Blumenverpackungen<\/a>\u00a0oder\u00a0<a href=\"\/kartons-schachteln-container\/versandkartons-postverpackungen\/buchverpackungen-ordnerverpackungen_C101810.html\" target=\"_blank\" rel=\"noopener\">Buchverpackungen<\/a>, die speziell f\u00fcr den richtigen Transport und sicheren Versand entwickelt wurden.<\/p>\n<h3><span class=\"ez-toc-section\" id=\"_Serviceverpackungen\"><\/span>\u00a0<strong>Serviceverpackungen<\/strong><span class=\"ez-toc-section-end\"><\/span><\/h3>\n<div class=\"su-spacer\" style=\"height:20px\"><\/div>\nZu den Produktverpackungen, z\u00e4hlen auch Serviceverpackungen. Ihre Hauptaufgabe ist es Lebensmittel bis zum Verzehr vor \u00e4u\u00dferen Einfl\u00fcssen zu sch\u00fctzen. Darunter fallen T\u00fcten f\u00fcr Br\u00f6tchen oder Obst sowie Pizzakartons. Normalerweise werden sie erst unmittelbar vor der \u00dcbergabe der Ware an den Endverbraucher bef\u00fcllt, wodurch sie relativ kurzfristig im Einsatz sind.\u00a0<a href=\"\/verpackungsmaschinen-systeme\/vakuumiergeraete_C4565.html\" target=\"_blank\" rel=\"noopener\">Vakuumverpackungen<\/a>\u00a0eignen sich hingegen besonders gut f\u00fcr das l\u00e4ngere Frischhalten Ihrer Lebensmittel. M\u00f6chten Sie mehr \u00fcber die Verpackung von Lebensmitteln erfahren, dann empfehlen wir Ihnen unseren Blogeintrag:\u00a0<a href=\"\/verpackungsnews\/lebensmittelverpackungen\" target=\"_blank\" rel=\"noopener\">Was ist die Aufgabe von Lebensmittelverpackungen?<\/a><\/p>\n<div class=\"su-spacer\" style=\"height:20px\"><\/div>\n<div class=\"su-image-carousel su-image-carousel-has-spacing su-image-carousel-adaptive su-image-carousel-slides-style-default su-image-carousel-controls-style-light su-image-carousel-align-center\" style=\"max-width:860px\" data-flickity-options='{\"groupCells\":true,\"cellSelector\":\".su-image-carousel-item\",\"adaptiveHeight\":true,\"cellAlign\":\"left\",\"prevNextButtons\":true,\"pageDots\":false,\"autoPlay\":3000,\"imagesLoaded\":true,\"contain\":false,\"selectedAttraction\":0.007,\"friction\":0.25}' id=\"su_image_carousel_69f269d93c3c5\"><div class=\"su-image-carousel-item\"><div class=\"su-image-carousel-item-content\"><a href=\"https:\/\/www.rajapack.at\/verpackungsnews\/lebensmittelverpackungen\" target=\"_blank\" rel=\"noopener noreferrer\" data-caption=\"\"><img loading=\"lazy\" decoding=\"async\" width=\"430\" height=\"323\" src=\"https:\/\/www.rajapack.at\/verpackungsnews\/wp-content\/uploads\/2024\/01\/Verpackungsarten_Lebensmittelverpackung-430x323.jpg\" class=\"\" alt=\"Lebensmittelverpackungen: Besondere Aufgaben\" srcset=\"https:\/\/www.rajapack.at\/verpackungsnews\/wp-content\/uploads\/2024\/01\/Verpackungsarten_Lebensmittelverpackung-430x323.jpg 430w, https:\/\/www.rajapack.at\/verpackungsnews\/wp-content\/uploads\/2024\/01\/Verpackungsarten_Lebensmittelverpackung-320x240.jpg 320w, https:\/\/www.rajapack.at\/verpackungsnews\/wp-content\/uploads\/2024\/01\/Verpackungsarten_Lebensmittelverpackung-768x576.jpg 768w, https:\/\/www.rajapack.at\/verpackungsnews\/wp-content\/uploads\/2024\/01\/Verpackungsarten_Lebensmittelverpackung.jpg 836w\" sizes=\"auto, (max-width: 430px) 100vw, 430px\" \/><\/a><\/div><\/div><\/div><script id=\"su_image_carousel_69f269d93c3c5_script\">if(window.SUImageCarousel){setTimeout(function() {window.SUImageCarousel.initGallery(document.getElementById(\"su_image_carousel_69f269d93c3c5\"))}, 0);}var su_image_carousel_69f269d93c3c5_script=document.getElementById(\"su_image_carousel_69f269d93c3c5_script\");if(su_image_carousel_69f269d93c3c5_script){su_image_carousel_69f269d93c3c5_script.parentNode.removeChild(su_image_carousel_69f269d93c3c5_script);}<\/script>\n<div class=\"su-spacer\" style=\"height:20px\"><\/div>\n<h3><span class=\"ez-toc-section\" id=\"Versandverpackungen\"><\/span><strong>Versandverpackungen<\/strong><span class=\"ez-toc-section-end\"><\/span><\/h3>\n<div class=\"su-spacer\" style=\"height:20px\"><\/div>\nZu den Verkaufsverpackungen geh\u00f6ren auch die Versandverpackungen. Als Transportverpackungen werden kurzum alle Verpackungen genannt, die einen zuverl\u00e4ssigen Transport von Gegenst\u00e4nden bzw. Produkten sichern, damit diese unversehrt am Zielort ankommen. So vielf\u00e4ltig die Produkte, so vielf\u00e4ltig fallen auch die Materialien und Formen der\u00a0 verschiedenen Verpackungen aus. So k\u00f6nnen Sie aus Karton, Kunststoff, aber ebenso auch aus Holz oder Metall bestehen.<\/p>\n<p>Haben Sie unser Sortiment bereits erkundet? Auch\u00a0bei uns k\u00f6nnen Sie diese Verpackungskategorie entdecken: von\u00a0\u00a0<a href=\"\/kartons-schachteln-container\/versandkartons-postverpackungen\/fixierverpackung_C101828.html\" target=\"_blank\" rel=\"noopener\">Fixierverpackungen\u00a0<\/a>zu\u00a0<a href=\"\/kartons-schachteln-container\/versandkartons-postverpackungen\/schaumverpackungen_C101818.html\" target=\"_blank\" rel=\"noopener\">Schaumverpackungen<\/a>\u00a0bis hin zu\u00a0Versandtaschen, Umschl\u00e4ge und Versandrohre.<\/p>\n<h3><span class=\"ez-toc-section\" id=\"Umverpackungen\"><\/span><strong>Umverpackungen<\/strong><span class=\"ez-toc-section-end\"><\/span><\/h3>\n<div class=\"su-spacer\" style=\"height:20px\"><\/div>\nWas genau versteckt sich hinter dem Begriff: Umverpackungen? Bei dieser Verpackungsart handelt es sich um eine zus\u00e4tzliche Verpackung, die verwendet wird, um bereits verpackte Produkte, die sich beispielsweise bereits in Verkaufsverpackungen befinden, nochmals zu umh\u00fcllen. Diese zus\u00e4tzliche H\u00fclle tr\u00e4gt ebenfalls dazu bei, die Ware w\u00e4hrend des Transports weiter zu sichern, um sie f\u00fcr den Verkauf zu b\u00fcndeln oder attraktiver zu gestalten. Sie k\u00f6nnen aus verschiedenen Materialien bestehen, wie Karton, Plastik, Folie oder anderen Verpackungsmaterialien. Manchmal werden sie aber auch aus Marketinggr\u00fcnden eingesetzt, um zus\u00e4tzliche Informationen hinzuzuf\u00fcgen. Umverpackungen lassen sich sowohl Sekund\u00e4r- als auch Terti\u00e4rverpackungen zuordnen. Neben den n\u00fctzlichen Aspekten, wie dem zus\u00e4tzlichen Schutz oder der Steigerung der Attraktivit\u00e4t, k\u00f6nnen sie auch leicht in Kritik geraten. Insbesondere wenn sie mit Blick auf die Umwelt als \u00fcberfl\u00fcssig angesehen werden und zus\u00e4tzlichen Abfall verursachen.<\/p>\n<h3><span class=\"ez-toc-section\" id=\"Transportverpackungen\"><\/span><strong>Transportverpackungen<\/strong><span class=\"ez-toc-section-end\"><\/span><\/h3>\n<div class=\"su-spacer\" style=\"height:20px\"><\/div>\nHaben Sie sich schon einmal Gedanken gemacht, wie Ihre Lieblingsprodukte sicher und unbeschadet in den Regalen landen? Hinter den Kulissen des Handels spielen Transportverpackungen eine wichtige Rolle. Verpackte Lebensmittel, die auf Europaletten gestapelt und mit Stretchfolie umwickelt werden oder gr\u00f6\u00dfere Eletronikger\u00e4te, die mit spezieller Polsterung in stabilen Kartons verschickt werden, sind Momente, die der Kunde eher selten zu Gesicht bekommt, denn sie sind nicht f\u00fcr den direkten Gebrauch durch den Endverbraucher gedacht. Transportverpackungen geh\u00f6ren zur Kategorie der Terti\u00e4rverpackungen und sind vor allem im B2B-Bereich im Einsatz und tragen ma\u00dfgeblich zur sicheren Bef\u00f6rderung von Waren bei. Sie zeichnen sich oft auch durch ihre Gr\u00f6\u00dfe und Unhandlichkeit aus.<\/p>\n<div class=\"su-spacer\" style=\"height:20px\"><\/div>\n<div class=\"su-image-carousel su-image-carousel-has-spacing su-image-carousel-adaptive su-image-carousel-slides-style-default su-image-carousel-controls-style-light su-image-carousel-align-center\" style=\"max-width:860px\" data-flickity-options='{\"groupCells\":true,\"cellSelector\":\".su-image-carousel-item\",\"adaptiveHeight\":true,\"cellAlign\":\"left\",\"prevNextButtons\":true,\"pageDots\":false,\"autoPlay\":3000,\"imagesLoaded\":true,\"contain\":false,\"selectedAttraction\":0.007,\"friction\":0.25}' id=\"su_image_carousel_69f269d93c8bf\"><div class=\"su-image-carousel-item\"><div class=\"su-image-carousel-item-content\"><a href=\"\" target=\"_blank\" rel=\"noopener noreferrer\" data-caption=\"\"><img loading=\"lazy\" decoding=\"async\" width=\"430\" height=\"287\" src=\"https:\/\/www.rajapack.at\/verpackungsnews\/wp-content\/uploads\/2024\/01\/Verpackungsarten_Umverpackung-430x287.jpg\" class=\"\" alt=\"Transportverpackung: Selten sch\u00f6n\" srcset=\"https:\/\/www.rajapack.at\/verpackungsnews\/wp-content\/uploads\/2024\/01\/Verpackungsarten_Umverpackung-430x287.jpg 430w, https:\/\/www.rajapack.at\/verpackungsnews\/wp-content\/uploads\/2024\/01\/Verpackungsarten_Umverpackung-768x512.jpg 768w, https:\/\/www.rajapack.at\/verpackungsnews\/wp-content\/uploads\/2024\/01\/Verpackungsarten_Umverpackung.jpg 941w\" sizes=\"auto, (max-width: 430px) 100vw, 430px\" \/><\/a><\/div><\/div><\/div><script id=\"su_image_carousel_69f269d93c8bf_script\">if(window.SUImageCarousel){setTimeout(function() {window.SUImageCarousel.initGallery(document.getElementById(\"su_image_carousel_69f269d93c8bf\"))}, 0);}var su_image_carousel_69f269d93c8bf_script=document.getElementById(\"su_image_carousel_69f269d93c8bf_script\");if(su_image_carousel_69f269d93c8bf_script){su_image_carousel_69f269d93c8bf_script.parentNode.removeChild(su_image_carousel_69f269d93c8bf_script);}<\/script>\n<div class=\"su-spacer\" style=\"height:20px\"><\/div>\n<h3><span class=\"ez-toc-section\" id=\"Industrieverpackungen\"><\/span><strong>Industrieverpackungen<\/strong><span class=\"ez-toc-section-end\"><\/span><\/h3>\n<div class=\"su-spacer\" style=\"height:20px\"><\/div>\n<p>Unter einer <a href=\"\/verpackungsnews\/industrieverpackung\" target=\"_blank\" rel=\"noopener\">Industrieverpackung<\/a> versteht man eine speziell f\u00fcr den gewerblichen und industriellen Einsatz konzipierte Verpackungsl\u00f6sung. Sie dient prim\u00e4r dem Schutz, der Lagerung und dem Transport gro\u00dfer oder empfindlicher G\u00fcter innerhalb der Lieferkette \u2013 h\u00e4ufig zwischen Herstellern, Zulieferern und Weiterverarbeitern. Industrieverpackungen zeichnen sich durch hohe Stabilit\u00e4t, standardisierte Abmessungen (z. B. Palettenformate) und materialeffiziente Konstruktion aus. Typische Beispiele sind Gitterboxen, Gro\u00dfkartons, Holz- und Kunststoffpaletten, Metallcontainer oder Stretchhauben, die den Anforderungen industrieller Logistikprozesse entsprechen.<\/p>\n<h2><span class=\"ez-toc-section\" id=\"Verpackungsgesetz\"><\/span><strong>Verpackungsgesetz<\/strong><span class=\"ez-toc-section-end\"><\/span><\/h2>\n<div class=\"su-spacer\" style=\"height:20px\"><\/div>\nBetrachtet man die Vielzahl an verschiedenen Verpackungsarten wird einem unweigerlich bewusst, wie\u00a0viele Verpackungen im Umlauf sind.\u00a0So n\u00fctzlich die verschiedenen Verpackungsarten auch sind, so fallen mit Blick auf die Umwelt allerdings auch eine gro\u00dfe Menge an Abfallprodukten an. Verpackungen sind jedoch nicht per se schlecht, sondern sollten idealerweise bewusst eingesetzt werden, d.h. wo es geht, vermieden und in den Kreislauf zur\u00fcckgef\u00fchrt werden. In den letzten Jahren achten Verbraucher zunehmend auf nachhaltige Verpackungen und recycelte Verpackungsprodukte.<\/p>\n<p>Um den stetigen Anstieg der Verpackungsmengen entgegenzuwirken, gibt es zudem gesetzliche Grundlagen, die diesem Prozess entgegenwirken sollen. Daher gibt es seit dem 01.Januar 2019 ein Verpackungsgesetz, das die vorherige Verpackungsordnung ersetzte.<\/p>\n<div class=\"su-spacer\" style=\"height:20px\"><\/div>\n<div class=\"su-image-carousel su-image-carousel-has-spacing su-image-carousel-adaptive su-image-carousel-slides-style-default su-image-carousel-controls-style-light su-image-carousel-align-center\" style=\"max-width:860px\" data-flickity-options='{\"groupCells\":true,\"cellSelector\":\".su-image-carousel-item\",\"adaptiveHeight\":true,\"cellAlign\":\"left\",\"prevNextButtons\":true,\"pageDots\":false,\"autoPlay\":3000,\"imagesLoaded\":true,\"contain\":false,\"selectedAttraction\":0.007,\"friction\":0.25}' id=\"su_image_carousel_69f269d93cde5\"><div class=\"su-image-carousel-item\"><div class=\"su-image-carousel-item-content\"><a href=\"\" target=\"_blank\" rel=\"noopener noreferrer\" data-caption=\"\"><img loading=\"lazy\" decoding=\"async\" width=\"430\" height=\"404\" src=\"https:\/\/www.rajapack.at\/verpackungsnews\/wp-content\/uploads\/2024\/01\/Verpackungsarten_Verpackungsgesetz-430x404.jpg\" class=\"\" alt=\"Verpackunsgesetz und Verpackungsarten\" srcset=\"https:\/\/www.rajapack.at\/verpackungsnews\/wp-content\/uploads\/2024\/01\/Verpackungsarten_Verpackungsgesetz-430x404.jpg 430w, https:\/\/www.rajapack.at\/verpackungsnews\/wp-content\/uploads\/2024\/01\/Verpackungsarten_Verpackungsgesetz.jpg 668w\" sizes=\"auto, (max-width: 430px) 100vw, 430px\" \/><\/a><\/div><\/div><\/div><script id=\"su_image_carousel_69f269d93cde5_script\">if(window.SUImageCarousel){setTimeout(function() {window.SUImageCarousel.initGallery(document.getElementById(\"su_image_carousel_69f269d93cde5\"))}, 0);}var su_image_carousel_69f269d93cde5_script=document.getElementById(\"su_image_carousel_69f269d93cde5_script\");if(su_image_carousel_69f269d93cde5_script){su_image_carousel_69f269d93cde5_script.parentNode.removeChild(su_image_carousel_69f269d93cde5_script);}<\/script>\n<h3><span class=\"ez-toc-section\" id=\"In_aller_Kuerze_Das_besagt_das_Verpackungsgesetz\"><\/span>In aller K\u00fcrze: Das besagt das Verpackungsgesetz<span class=\"ez-toc-section-end\"><\/span><\/h3>\n<div class=\"su-spacer\" style=\"height:20px\"><\/div>\n<div class=\"flex-1 overflow-hidden\">\n<div class=\"react-scroll-to-bottom--css-vdtbv-79elbk h-full\">\n<div class=\"react-scroll-to-bottom--css-vdtbv-1n7m0yu\">\n<div class=\"flex flex-col pb-9 text-sm\">\n<div class=\"w-full text-token-text-primary\" data-testid=\"conversation-turn-3\">\n<div class=\"px-4 py-2 justify-center text-base md:gap-6 m-auto\">\n<div class=\"flex flex-1 text-base mx-auto gap-3 md:px-5 lg:px-1 xl:px-5 md:max-w-3xl lg:max-w-[40rem] xl:max-w-[48rem] group final-completion\">\n<div class=\"relative flex w-full flex-col lg:w-[calc(100%-115px)] agent-turn\">\n<div class=\"flex-col gap-1 md:gap-3\">\n<div class=\"flex flex-grow flex-col max-w-full\">\n<div class=\"min-h-[20px] text-message flex flex-col items-start gap-3 whitespace-pre-wrap break-words [.text-message+&amp;]:mt-5 overflow-x-auto\" data-message-author-role=\"assistant\" data-message-id=\"3ec05637-54eb-41d2-99e1-08bda9efda75\">\n<div class=\"markdown prose w-full break-words dark:prose-invert light\">\n<p>\u00c4hnlich wie in Deutschland im Jahr 2021 hat auch \u00d6sterreich eine grundlegende \u00dcberarbeitung seiner <a href=\"https:\/\/www.lizenzero.de\/verpackungslizenzierung\/verpackungsentpflichtung-oesterreich\/#:~:text=Wie%20in%202021%20in%20Deutschland,darunter%20umfassende%20%C3%84nderungen%20f%C3%BCr%20Onlineh%C3%A4ndler.\" target=\"_blank\" rel=\"noopener\">Verpackungsgesetzgebung<\/a> vorgenommen. Zum 01. Januar 2023 traten zahlreiche \u00c4nderungen in Kraft, darunter weitreichende Neuerungen f\u00fcr Onlineh\u00e4ndler. Seit diesem Zeitpunkt sind ausl\u00e4ndische Onlineh\u00e4ndler verpflichtet, einen Bevollm\u00e4chtigten zur Erf\u00fcllung der vorgeschriebenen Auflagen zu benennen.<\/p>\n<p>Das Verpackungsgesetz in Deutschland:<\/p>\n<\/div>\n<\/div>\n<\/div>\n<\/div>\n<\/div>\n<\/div>\n<\/div>\n<\/div>\n<\/div>\n<\/div>\n<\/div>\n<\/div>\n<p>Das Gesetz enth\u00e4lt das Ziel, die Vermeidung und das Recycling von Verpackungsabf\u00e4llen zu f\u00f6rdern sowie Umweltsch\u00e4den zu reduzieren. Damit soll sichergestellt werden, dass Recycling und Umweltschutz effektiv umgesetzt werden und diejenigen, die Verpackungen in Umlauf bringen, aktiv am Prozess ihrer Wiederverwertung teilnehmen.<\/p>\n<p>So gilt f\u00fcr Hersteller von mit Ware bef\u00fcllten Verpackungen eine Registrierungs- und eine Systembeteiligungspflicht. Dies bedeutet, dass sie sich bei dem Verpackungsregister LUCID registrieren m\u00fcssen, bevor eine mit Ware bef\u00fcllte Verpackung in den Verkehr gebracht wird. F\u00fcr die fachgerechte Entsorgung und das Recycling gilt dar\u00fcber hinaus die Beteiligung an einem oder mehreren dualen Systemen. F\u00fcr verschiedene Verpackungsmaterialien hat das Gesetz bestimmte Recyclingquoten festgelegt. Die Systeme sind verpflichtet, diese Quoten zu erf\u00fcllen und so zur Steigerung des Recyclings beizutragen.<\/p>\n<p>Doch\u00a0wie in jedem Regelwerk gilt auch hier: Wer sich nicht an die Vorschriften h\u00e4lt, muss mit Konsequenzen wie Strafen und Bu\u00dfgeldern rechnen.\u00a0F\u00fcr Unternehmen, die Verpackungen in den Verkehr bringen, ist es daher wichtig, auch das Verpackungsgesetz im Auge zu behalten.<\/p>\n<p>F\u00fcr weitere und stets aktuelle Informationen empfehlen wir daher, sich direkt auf der Seite des <a href=\"https:\/\/www.umweltbundesamt.de\/themen\/abfall-ressourcen\/produktverantwortung-in-der-abfallwirtschaft\/verpackungen\/verpackungsgesetz\" target=\"_blank\" rel=\"noopener\">Umwelt Bundesamt<\/a>\u00a0und der\u00a0<a href=\"https:\/\/www.verpackungsregister.org\/\/information-orientierung\/hilfe-erklaerung\/faq\" target=\"_blank\" rel=\"noopener\">Stiftung Zentrale Stelle Verpackungsregister<\/a>\u00a0zu informieren.<\/p>\n","protected":false},"excerpt":{"rendered":"<p>Im Zusammenhang mit Verpackung fallen immer wieder die selben Begriffe: Prim\u00e4rverpackung und Sekund\u00e4rverpackung, beispielsweise.\u00a0 Produktverpackung und Serviceverpackung. Versand &#8211; und Transportverpackung. Doch was genau steckt hinter diesen Begriffen? Und verwenden [&#8230;]<\/p>\n","protected":false},"author":22,"featured_media":29649,"comment_status":"open","ping_status":"open","sticky":false,"template":"","format":"standard","meta":{"_acf_changed":false,"footnotes":""},"categories":[20],"tags":[287,776],"class_list":["post-29646","post","type-post","status-publish","format-standard","has-post-thumbnail","hentry","category-know-how","tag-normen","tag-schuetzen"],"acf":[],"yoast_head":"\n<title>Die Verpackungsarten im \u00dcberblick - RAJAPACK Blog AT<\/title>\n<meta name=\"description\" content=\"Verpackungsarten: Wir erkl\u00e4ren Begriffe wie Prim\u00e4rverpackung, Service- und Umverpackung. Wie das Verpackungsgesetz damit zusammenh\u00e4ngt:\" \/>\n<meta name=\"robots\" content=\"index, follow, max-snippet:-1, max-image-preview:large, max-video-preview:-1\" \/>\n<link rel=\"canonical\" href=\"https:\/\/www.rajapack.at\/verpackungsnews\/die-verpackungsarten-im-ueberblick\" \/>\n<meta property=\"og:locale\" content=\"de_AT\" \/>\n<meta property=\"og:type\" content=\"article\" \/>\n<meta property=\"og:title\" content=\"Die Verpackungsarten im \u00dcberblick - RAJAPACK Blog AT\" \/>\n<meta property=\"og:description\" content=\"Verpackungsarten: Wir erkl\u00e4ren Begriffe wie Prim\u00e4rverpackung, Service- und Umverpackung. Wie das Verpackungsgesetz damit zusammenh\u00e4ngt:\" \/>\n<meta property=\"og:url\" content=\"https:\/\/www.rajapack.at\/verpackungsnews\/die-verpackungsarten-im-ueberblick\" \/>\n<meta property=\"og:site_name\" content=\"RAJAPACK Blog AT\" \/>\n<meta property=\"article:published_time\" content=\"2024-01-09T08:24:16+00:00\" \/>\n<meta property=\"article:modified_time\" content=\"2025-10-23T11:39:25+00:00\" \/>\n<meta property=\"og:image\" content=\"https:\/\/www.rajapack.at\/verpackungsnews\/wp-content\/uploads\/2024\/01\/Verpackungsarten-Titel.jpg\" \/>\n\t<meta property=\"og:image:width\" content=\"1200\" \/>\n\t<meta property=\"og:image:height\" content=\"627\" \/>\n\t<meta property=\"og:image:type\" content=\"image\/jpeg\" \/>\n<meta name=\"author\" content=\"RAJAPACK AT\" \/>\n<meta name=\"twitter:card\" content=\"summary_large_image\" \/>\n<meta name=\"twitter:label1\" content=\"Verfasst von\" \/>\n\t<meta name=\"twitter:data1\" content=\"RAJAPACK AT\" \/>\n\t<meta name=\"twitter:label2\" content=\"Gesch\u00e4tzte Lesezeit\" \/>\n\t<meta name=\"twitter:data2\" content=\"11 Minuten\" \/>\n<script type=\"application\/ld+json\" class=\"yoast-schema-graph\">{\n\t    \"@context\": \"https:\/\/schema.org\",\n\t    \"@graph\": [\n\t        {\n\t            \"@type\": \"Article\",\n\t            \"@id\": \"https:\/\/www.rajapack.at\/verpackungsnews\/die-verpackungsarten-im-ueberblick#article\",\n\t            \"isPartOf\": {\n\t                \"@id\": \"https:\/\/www.rajapack.at\/verpackungsnews\/die-verpackungsarten-im-ueberblick\"\n\t            },\n\t            \"author\": {\n\t                \"name\": \"RAJAPACK AT\",\n\t                \"@id\": \"https:\/\/www.rajapack.at\/verpackungsnews\/#\/schema\/person\/df6dc3629cb737ad2c3253a2901a8034\"\n\t            },\n\t            \"headline\": \"Die Verpackungsarten im \u00dcberblick\",\n\t            \"datePublished\": \"2024-01-09T08:24:16+00:00\",\n\t            \"dateModified\": \"2025-10-23T11:39:25+00:00\",\n\t            \"mainEntityOfPage\": {\n\t                \"@id\": \"https:\/\/www.rajapack.at\/verpackungsnews\/die-verpackungsarten-im-ueberblick\"\n\t            },\n\t            \"wordCount\": 2130,\n\t            \"commentCount\": 0,\n\t            \"publisher\": {\n\t                \"@id\": \"https:\/\/www.rajapack.at\/verpackungsnews\/#organization\"\n\t            },\n\t            \"image\": {\n\t                \"@id\": \"https:\/\/www.rajapack.at\/verpackungsnews\/die-verpackungsarten-im-ueberblick#primaryimage\"\n\t            },\n\t            \"thumbnailUrl\": \"https:\/\/www.rajapack.at\/verpackungsnews\/wp-content\/uploads\/2024\/01\/Verpackungsarten-Titel.jpg\",\n\t            \"keywords\": [\n\t                \"Normen\",\n\t                \"sch\u00fctzen\"\n\t            ],\n\t            \"articleSection\": [\n\t                \"Know How\"\n\t            ],\n\t            \"inLanguage\": \"de-AT\",\n\t            \"potentialAction\": [\n\t                {\n\t                    \"@type\": \"CommentAction\",\n\t                    \"name\": \"Comment\",\n\t                    \"target\": [\n\t                        \"https:\/\/www.rajapack.at\/verpackungsnews\/die-verpackungsarten-im-ueberblick#respond\"\n\t                    ]\n\t                }\n\t            ]\n\t        },\n\t        {\n\t            \"@type\": \"WebPage\",\n\t            \"@id\": \"https:\/\/www.rajapack.at\/verpackungsnews\/die-verpackungsarten-im-ueberblick\",\n\t            \"url\": \"https:\/\/www.rajapack.at\/verpackungsnews\/die-verpackungsarten-im-ueberblick\",\n\t            \"name\": \"Die Verpackungsarten im \u00dcberblick - RAJAPACK Blog AT\",\n\t            \"isPartOf\": {\n\t                \"@id\": \"https:\/\/www.rajapack.at\/verpackungsnews\/#website\"\n\t            },\n\t            \"primaryImageOfPage\": {\n\t                \"@id\": \"https:\/\/www.rajapack.at\/verpackungsnews\/die-verpackungsarten-im-ueberblick#primaryimage\"\n\t            },\n\t            \"image\": {\n\t                \"@id\": \"https:\/\/www.rajapack.at\/verpackungsnews\/die-verpackungsarten-im-ueberblick#primaryimage\"\n\t            },\n\t            \"thumbnailUrl\": \"https:\/\/www.rajapack.at\/verpackungsnews\/wp-content\/uploads\/2024\/01\/Verpackungsarten-Titel.jpg\",\n\t            \"datePublished\": \"2024-01-09T08:24:16+00:00\",\n\t            \"dateModified\": \"2025-10-23T11:39:25+00:00\",\n\t            \"description\": \"Verpackungsarten: Wir erkl\u00e4ren Begriffe wie Prim\u00e4rverpackung, Service- und Umverpackung. Wie das Verpackungsgesetz damit zusammenh\u00e4ngt:\",\n\t            \"inLanguage\": \"de-AT\",\n\t            \"potentialAction\": [\n\t                {\n\t                    \"@type\": \"ReadAction\",\n\t                    \"target\": [\n\t                        \"https:\/\/www.rajapack.at\/verpackungsnews\/die-verpackungsarten-im-ueberblick\"\n\t                    ]\n\t                }\n\t            ]\n\t        },\n\t        {\n\t            \"@type\": \"ImageObject\",\n\t            \"inLanguage\": \"de-AT\",\n\t            \"@id\": \"https:\/\/www.rajapack.at\/verpackungsnews\/die-verpackungsarten-im-ueberblick#primaryimage\",\n\t            \"url\": \"https:\/\/www.rajapack.at\/verpackungsnews\/wp-content\/uploads\/2024\/01\/Verpackungsarten-Titel.jpg\",\n\t            \"contentUrl\": \"https:\/\/www.rajapack.at\/verpackungsnews\/wp-content\/uploads\/2024\/01\/Verpackungsarten-Titel.jpg\",\n\t            \"width\": 1200,\n\t            \"height\": 627,\n\t            \"caption\": \"Verpackungsarten Begriffe erkl\u00e4rt\"\n\t        },\n\t        {\n\t            \"@type\": \"WebSite\",\n\t            \"@id\": \"https:\/\/www.rajapack.at\/verpackungsnews\/#website\",\n\t            \"url\": \"https:\/\/www.rajapack.at\/verpackungsnews\/\",\n\t            \"name\": \"RAJAPACK Blog AT\",\n\t            \"description\": \"Verpackungsnews vom Experten\",\n\t            \"publisher\": {\n\t                \"@id\": \"https:\/\/www.rajapack.at\/verpackungsnews\/#organization\"\n\t            },\n\t            \"potentialAction\": [\n\t                {\n\t                    \"@type\": \"SearchAction\",\n\t                    \"target\": {\n\t                        \"@type\": \"EntryPoint\",\n\t                        \"urlTemplate\": \"https:\/\/www.rajapack.at\/verpackungsnews\/?s={search_term_string}\"\n\t                    },\n\t                    \"query-input\": {\n\t                        \"@type\": \"PropertyValueSpecification\",\n\t                        \"valueRequired\": true,\n\t                        \"valueName\": \"search_term_string\"\n\t                    }\n\t                }\n\t            ],\n\t            \"inLanguage\": \"de-AT\"\n\t        },\n\t        {\n\t            \"@type\": \"Organization\",\n\t            \"@id\": \"https:\/\/www.rajapack.at\/verpackungsnews\/#organization\",\n\t            \"name\": \"RAJAPACK Blog AT\",\n\t            \"url\": \"https:\/\/www.rajapack.at\/verpackungsnews\/\",\n\t            \"logo\": {\n\t                \"@type\": \"ImageObject\",\n\t                \"inLanguage\": \"de-AT\",\n\t                \"@id\": \"https:\/\/www.rajapack.at\/verpackungsnews\/#\/schema\/logo\/image\/\",\n\t                \"url\": \"https:\/\/www.rajapack.at\/verpackungsnews\/wp-content\/uploads\/2021\/11\/LOGO-RAJA-800x243-1.jpg\",\n\t                \"contentUrl\": \"https:\/\/www.rajapack.at\/verpackungsnews\/wp-content\/uploads\/2021\/11\/LOGO-RAJA-800x243-1.jpg\",\n\t                \"width\": 800,\n\t                \"height\": 243,\n\t                \"caption\": \"RAJAPACK Blog AT\"\n\t            },\n\t            \"image\": {\n\t                \"@id\": \"https:\/\/www.rajapack.at\/verpackungsnews\/#\/schema\/logo\/image\/\"\n\t            },\n\t            \"sameAs\": [\n\t                \"https:\/\/de.linkedin.com\/company\/rajapack-gmbh\"\n\t            ]\n\t        },\n\t        {\n\t            \"@type\": \"Person\",\n\t            \"@id\": \"https:\/\/www.rajapack.at\/verpackungsnews\/#\/schema\/person\/df6dc3629cb737ad2c3253a2901a8034\",\n\t            \"name\": \"RAJAPACK AT\",\n\t            \"image\": {\n\t                \"@type\": \"ImageObject\",\n\t                \"inLanguage\": \"de-AT\",\n\t                \"@id\": \"https:\/\/www.rajapack.at\/verpackungsnews\/#\/schema\/person\/image\/\",\n\t                \"url\": \"https:\/\/secure.gravatar.com\/avatar\/4c95834f3b6420b1fbe980903e066e22?s=96&d=mm&r=g\",\n\t                \"contentUrl\": \"https:\/\/secure.gravatar.com\/avatar\/4c95834f3b6420b1fbe980903e066e22?s=96&d=mm&r=g\",\n\t                \"caption\": \"RAJAPACK AT\"\n\t            }\n\t        }\n\t    ]\n\t}<\/script>\n","yoast_head_json":{"title":"Die Verpackungsarten im \u00dcberblick - RAJAPACK Blog AT","description":"Verpackungsarten: Wir erkl\u00e4ren Begriffe wie Prim\u00e4rverpackung, Service- und Umverpackung. Wie das Verpackungsgesetz damit zusammenh\u00e4ngt:","robots":{"index":"index","follow":"follow","max-snippet":"max-snippet:-1","max-image-preview":"max-image-preview:large","max-video-preview":"max-video-preview:-1"},"canonical":"https:\/\/www.rajapack.at\/verpackungsnews\/die-verpackungsarten-im-ueberblick","og_locale":"de_AT","og_type":"article","og_title":"Die Verpackungsarten im \u00dcberblick - RAJAPACK Blog AT","og_description":"Verpackungsarten: Wir erkl\u00e4ren Begriffe wie Prim\u00e4rverpackung, Service- und Umverpackung. Wie das Verpackungsgesetz damit zusammenh\u00e4ngt:","og_url":"https:\/\/www.rajapack.at\/verpackungsnews\/die-verpackungsarten-im-ueberblick","og_site_name":"RAJAPACK Blog AT","article_published_time":"2024-01-09T08:24:16+00:00","article_modified_time":"2025-10-23T11:39:25+00:00","og_image":[{"width":1200,"height":627,"url":"https:\/\/www.rajapack.at\/verpackungsnews\/wp-content\/uploads\/2024\/01\/Verpackungsarten-Titel.jpg","type":"image\/jpeg"}],"author":"RAJAPACK AT","twitter_card":"summary_large_image","twitter_misc":{"Verfasst von":"RAJAPACK AT","Gesch\u00e4tzte Lesezeit":"11 Minuten"},"schema":{"@context":"https:\/\/schema.org","@graph":[{"@type":"Article","@id":"https:\/\/www.rajapack.at\/verpackungsnews\/die-verpackungsarten-im-ueberblick#article","isPartOf":{"@id":"https:\/\/www.rajapack.at\/verpackungsnews\/die-verpackungsarten-im-ueberblick"},"author":{"name":"RAJAPACK AT","@id":"https:\/\/www.rajapack.at\/verpackungsnews\/#\/schema\/person\/df6dc3629cb737ad2c3253a2901a8034"},"headline":"Die Verpackungsarten im \u00dcberblick","datePublished":"2024-01-09T08:24:16+00:00","dateModified":"2025-10-23T11:39:25+00:00","mainEntityOfPage":{"@id":"https:\/\/www.rajapack.at\/verpackungsnews\/die-verpackungsarten-im-ueberblick"},"wordCount":2130,"commentCount":0,"publisher":{"@id":"https:\/\/www.rajapack.at\/verpackungsnews\/#organization"},"image":{"@id":"https:\/\/www.rajapack.at\/verpackungsnews\/die-verpackungsarten-im-ueberblick#primaryimage"},"thumbnailUrl":"https:\/\/www.rajapack.at\/verpackungsnews\/wp-content\/uploads\/2024\/01\/Verpackungsarten-Titel.jpg","keywords":["Normen","sch\u00fctzen"],"articleSection":["Know How"],"inLanguage":"de-AT","potentialAction":[{"@type":"CommentAction","name":"Comment","target":["https:\/\/www.rajapack.at\/verpackungsnews\/die-verpackungsarten-im-ueberblick#respond"]}]},{"@type":"WebPage","@id":"https:\/\/www.rajapack.at\/verpackungsnews\/die-verpackungsarten-im-ueberblick","url":"https:\/\/www.rajapack.at\/verpackungsnews\/die-verpackungsarten-im-ueberblick","name":"Die Verpackungsarten im \u00dcberblick - RAJAPACK Blog AT","isPartOf":{"@id":"https:\/\/www.rajapack.at\/verpackungsnews\/#website"},"primaryImageOfPage":{"@id":"https:\/\/www.rajapack.at\/verpackungsnews\/die-verpackungsarten-im-ueberblick#primaryimage"},"image":{"@id":"https:\/\/www.rajapack.at\/verpackungsnews\/die-verpackungsarten-im-ueberblick#primaryimage"},"thumbnailUrl":"https:\/\/www.rajapack.at\/verpackungsnews\/wp-content\/uploads\/2024\/01\/Verpackungsarten-Titel.jpg","datePublished":"2024-01-09T08:24:16+00:00","dateModified":"2025-10-23T11:39:25+00:00","description":"Verpackungsarten: Wir erkl\u00e4ren Begriffe wie Prim\u00e4rverpackung, Service- und Umverpackung. Wie das Verpackungsgesetz damit zusammenh\u00e4ngt:","inLanguage":"de-AT","potentialAction":[{"@type":"ReadAction","target":["https:\/\/www.rajapack.at\/verpackungsnews\/die-verpackungsarten-im-ueberblick"]}]},{"@type":"ImageObject","inLanguage":"de-AT","@id":"https:\/\/www.rajapack.at\/verpackungsnews\/die-verpackungsarten-im-ueberblick#primaryimage","url":"https:\/\/www.rajapack.at\/verpackungsnews\/wp-content\/uploads\/2024\/01\/Verpackungsarten-Titel.jpg","contentUrl":"https:\/\/www.rajapack.at\/verpackungsnews\/wp-content\/uploads\/2024\/01\/Verpackungsarten-Titel.jpg","width":1200,"height":627,"caption":"Verpackungsarten Begriffe erkl\u00e4rt"},{"@type":"WebSite","@id":"https:\/\/www.rajapack.at\/verpackungsnews\/#website","url":"https:\/\/www.rajapack.at\/verpackungsnews\/","name":"RAJAPACK Blog AT","description":"Verpackungsnews vom Experten","publisher":{"@id":"https:\/\/www.rajapack.at\/verpackungsnews\/#organization"},"potentialAction":[{"@type":"SearchAction","target":{"@type":"EntryPoint","urlTemplate":"https:\/\/www.rajapack.at\/verpackungsnews\/?s={search_term_string}"},"query-input":{"@type":"PropertyValueSpecification","valueRequired":true,"valueName":"search_term_string"}}],"inLanguage":"de-AT"},{"@type":"Organization","@id":"https:\/\/www.rajapack.at\/verpackungsnews\/#organization","name":"RAJAPACK Blog AT","url":"https:\/\/www.rajapack.at\/verpackungsnews\/","logo":{"@type":"ImageObject","inLanguage":"de-AT","@id":"https:\/\/www.rajapack.at\/verpackungsnews\/#\/schema\/logo\/image\/","url":"https:\/\/www.rajapack.at\/verpackungsnews\/wp-content\/uploads\/2021\/11\/LOGO-RAJA-800x243-1.jpg","contentUrl":"https:\/\/www.rajapack.at\/verpackungsnews\/wp-content\/uploads\/2021\/11\/LOGO-RAJA-800x243-1.jpg","width":800,"height":243,"caption":"RAJAPACK Blog AT"},"image":{"@id":"https:\/\/www.rajapack.at\/verpackungsnews\/#\/schema\/logo\/image\/"},"sameAs":["https:\/\/de.linkedin.com\/company\/rajapack-gmbh"]},{"@type":"Person","@id":"https:\/\/www.rajapack.at\/verpackungsnews\/#\/schema\/person\/df6dc3629cb737ad2c3253a2901a8034","name":"RAJAPACK AT","image":{"@type":"ImageObject","inLanguage":"de-AT","@id":"https:\/\/www.rajapack.at\/verpackungsnews\/#\/schema\/person\/image\/","url":"https:\/\/secure.gravatar.com\/avatar\/4c95834f3b6420b1fbe980903e066e22?s=96&d=mm&r=g","contentUrl":"https:\/\/secure.gravatar.com\/avatar\/4c95834f3b6420b1fbe980903e066e22?s=96&d=mm&r=g","caption":"RAJAPACK AT"}}]}},"_links":{"self":[{"href":"https:\/\/www.rajapack.at\/verpackungsnews\/wp-json\/wp\/v2\/posts\/29646","targetHints":{"allow":["GET"]}}],"collection":[{"href":"https:\/\/www.rajapack.at\/verpackungsnews\/wp-json\/wp\/v2\/posts"}],"about":[{"href":"https:\/\/www.rajapack.at\/verpackungsnews\/wp-json\/wp\/v2\/types\/post"}],"author":[{"embeddable":true,"href":"https:\/\/www.rajapack.at\/verpackungsnews\/wp-json\/wp\/v2\/users\/22"}],"replies":[{"embeddable":true,"href":"https:\/\/www.rajapack.at\/verpackungsnews\/wp-json\/wp\/v2\/comments?post=29646"}],"version-history":[{"count":9,"href":"https:\/\/www.rajapack.at\/verpackungsnews\/wp-json\/wp\/v2\/posts\/29646\/revisions"}],"predecessor-version":[{"id":30471,"href":"https:\/\/www.rajapack.at\/verpackungsnews\/wp-json\/wp\/v2\/posts\/29646\/revisions\/30471"}],"wp:featuredmedia":[{"embeddable":true,"href":"https:\/\/www.rajapack.at\/verpackungsnews\/wp-json\/wp\/v2\/media\/29649"}],"wp:attachment":[{"href":"https:\/\/www.rajapack.at\/verpackungsnews\/wp-json\/wp\/v2\/media?parent=29646"}],"wp:term":[{"taxonomy":"category","embeddable":true,"href":"https:\/\/www.rajapack.at\/verpackungsnews\/wp-json\/wp\/v2\/categories?post=29646"},{"taxonomy":"post_tag","embeddable":true,"href":"https:\/\/www.rajapack.at\/verpackungsnews\/wp-json\/wp\/v2\/tags?post=29646"}],"curies":[{"name":"wp","href":"https:\/\/api.w.org\/{rel}","templated":true}]}}