{"id":9182,"date":"2025-11-13T09:02:40","date_gmt":"2025-11-13T08:02:40","guid":{"rendered":"http:\/\/blog-de.rajapack.de\/?p=9182"},"modified":"2025-11-13T10:01:57","modified_gmt":"2025-11-13T09:01:57","slug":"adventskalender-im-buero","status":"publish","type":"post","link":"https:\/\/www.rajapack.at\/verpackungsnews\/adventskalender-im-buero","title":{"rendered":"Der Adventskalender im B\u00fcro"},"content":{"rendered":"<h5 align=\"justify\">Man ist <strong>definitiv<\/strong> nie zu alt f\u00fcr einen Adventskalender! T\u00fcren zu \u00f6ffnen macht immer Spa\u00df. In jedem Alter. Und deshalb haben wir auch beschlossen, in diesem Jahr im B\u00fcro einen Adventskalender aufzuh\u00e4ngen. In den n\u00e4chsten Tagen wird also jeder eine Kleinigkeit bei einer einstimmig gew\u00e4hlten Kollegin unseres Vertrauens abgeben&#8230; Der Adventskalender im B\u00fcro: Warum er so wichtig ist und wie er zum Erfolg wird!<\/h5>\n<div class=\"su-divider su-divider-style-default\" style=\"margin:15px 0;border-width:3px;border-color:#999999\"><\/div><div class=\"su-spacer\" style=\"height:30px\"><\/div>\n<div id=\"ez-toc-container\" class=\"ez-toc-v2_0_73 counter-hierarchy ez-toc-counter ez-toc-grey ez-toc-container-direction\">\n<div class=\"ez-toc-title-container\">\n<p class=\"ez-toc-title\" style=\"cursor:inherit\">Direkt zu diesen Themen:<\/p>\n<span class=\"ez-toc-title-toggle\"><a href=\"#\" class=\"ez-toc-pull-right ez-toc-btn ez-toc-btn-xs ez-toc-btn-default ez-toc-toggle\" aria-label=\"Toggle Table of Content\"><span class=\"ez-toc-js-icon-con\"><span class=\"\"><span class=\"eztoc-hide\" style=\"display:none;\">Toggle<\/span><span class=\"ez-toc-icon-toggle-span\"><svg style=\"fill: #999;color:#999\" xmlns=\"http:\/\/www.w3.org\/2000\/svg\" class=\"list-377408\" width=\"20px\" height=\"20px\" viewBox=\"0 0 24 24\" fill=\"none\"><path d=\"M6 6H4v2h2V6zm14 0H8v2h12V6zM4 11h2v2H4v-2zm16 0H8v2h12v-2zM4 16h2v2H4v-2zm16 0H8v2h12v-2z\" fill=\"currentColor\"><\/path><\/svg><svg style=\"fill: #999;color:#999\" class=\"arrow-unsorted-368013\" xmlns=\"http:\/\/www.w3.org\/2000\/svg\" width=\"10px\" height=\"10px\" viewBox=\"0 0 24 24\" version=\"1.2\" baseProfile=\"tiny\"><path d=\"M18.2 9.3l-6.2-6.3-6.2 6.3c-.2.2-.3.4-.3.7s.1.5.3.7c.2.2.4.3.7.3h11c.3 0 .5-.1.7-.3.2-.2.3-.5.3-.7s-.1-.5-.3-.7zM5.8 14.7l6.2 6.3 6.2-6.3c.2-.2.3-.5.3-.7s-.1-.5-.3-.7c-.2-.2-.4-.3-.7-.3h-11c-.3 0-.5.1-.7.3-.2.2-.3.5-.3.7s.1.5.3.7z\"\/><\/svg><\/span><\/span><\/span><\/a><\/span><\/div>\n<nav><ul class='ez-toc-list ez-toc-list-level-1 ' ><li class='ez-toc-page-1 ez-toc-heading-level-2'><a class=\"ez-toc-link ez-toc-heading-1\" href=\"https:\/\/www.rajapack.at\/verpackungsnews\/adventskalender-im-buero\/#Der_Adventskalender_fuer_Kollegen_%E2%80%93_der_taegliche_Team_Boost\" title=\"Der Adventskalender f\u00fcr Kollegen &#8211;\u00a0 der t\u00e4gliche Team Boost!\">Der Adventskalender f\u00fcr Kollegen &#8211;\u00a0 der t\u00e4gliche Team Boost!<\/a><\/li><li class='ez-toc-page-1 ez-toc-heading-level-2'><a class=\"ez-toc-link ez-toc-heading-2\" href=\"https:\/\/www.rajapack.at\/verpackungsnews\/adventskalender-im-buero\/#Ideen_fuer_Adventskalender_im_Buero\" title=\"Ideen f\u00fcr Adventskalender im B\u00fcro\">Ideen f\u00fcr Adventskalender im B\u00fcro<\/a><\/li><li class='ez-toc-page-1 ez-toc-heading-level-2'><a class=\"ez-toc-link ez-toc-heading-3\" href=\"https:\/\/www.rajapack.at\/verpackungsnews\/adventskalender-im-buero\/#Adventskalender_im_Buero_mit_kleinen_Geschenken\" title=\"Adventskalender im B\u00fcro mit kleinen Geschenken\">Adventskalender im B\u00fcro mit kleinen Geschenken<\/a><ul class='ez-toc-list-level-3' ><li class='ez-toc-heading-level-3'><a class=\"ez-toc-link ez-toc-heading-4\" href=\"https:\/\/www.rajapack.at\/verpackungsnews\/adventskalender-im-buero\/#Tipps_zur_Organisation\" title=\"Tipps zur Organisation\">Tipps zur Organisation<\/a><\/li><li class='ez-toc-page-1 ez-toc-heading-level-3'><a class=\"ez-toc-link ez-toc-heading-5\" href=\"https:\/\/www.rajapack.at\/verpackungsnews\/adventskalender-im-buero\/#Vorbereitung_Planung_und_Organisation\" title=\"Vorbereitung: Planung und Organisation\">Vorbereitung: Planung und Organisation<\/a><\/li><li class='ez-toc-page-1 ez-toc-heading-level-3'><a class=\"ez-toc-link ez-toc-heading-6\" href=\"https:\/\/www.rajapack.at\/verpackungsnews\/adventskalender-im-buero\/#Umsetzung_Die_taeglichen_Aufgaben_waehrend_des_Adventskalenders\" title=\"Umsetzung: Die t\u00e4glichen Aufgaben w\u00e4hrend des Adventskalenders\">Umsetzung: Die t\u00e4glichen Aufgaben w\u00e4hrend des Adventskalenders<\/a><\/li><li class='ez-toc-page-1 ez-toc-heading-level-3'><a class=\"ez-toc-link ez-toc-heading-7\" href=\"https:\/\/www.rajapack.at\/verpackungsnews\/adventskalender-im-buero\/#Ideen_fuers_Befuellen_des_Adventskalenders_im_Buero\" title=\"Ideen f\u00fcrs Bef\u00fcllen des Adventskalenders im B\u00fcro\">Ideen f\u00fcrs Bef\u00fcllen des Adventskalenders im B\u00fcro<\/a><\/li><\/ul><\/li><li class='ez-toc-page-1 ez-toc-heading-level-2'><a class=\"ez-toc-link ez-toc-heading-8\" href=\"https:\/\/www.rajapack.at\/verpackungsnews\/adventskalender-im-buero\/#Adventskalender_im_Buero_mit_kleinen_Aufgaben\" title=\"Adventskalender im B\u00fcro mit kleinen Aufgaben\">Adventskalender im B\u00fcro mit kleinen Aufgaben<\/a><ul class='ez-toc-list-level-3' ><li class='ez-toc-heading-level-3'><a class=\"ez-toc-link ez-toc-heading-9\" href=\"https:\/\/www.rajapack.at\/verpackungsnews\/adventskalender-im-buero\/#Tipps_zur_Organisation-2\" title=\"Tipps zur Organisation\">Tipps zur Organisation<\/a><\/li><li class='ez-toc-page-1 ez-toc-heading-level-3'><a class=\"ez-toc-link ez-toc-heading-10\" href=\"https:\/\/www.rajapack.at\/verpackungsnews\/adventskalender-im-buero\/#Vorbereitung_Planung_und_Organisation-2\" title=\"Vorbereitung: Planung und Organisation\">Vorbereitung: Planung und Organisation<\/a><\/li><li class='ez-toc-page-1 ez-toc-heading-level-3'><a class=\"ez-toc-link ez-toc-heading-11\" href=\"https:\/\/www.rajapack.at\/verpackungsnews\/adventskalender-im-buero\/#Umsetzung_Die_taeglichen_Aufgaben_waehrend_des_Adventskalenders-2\" title=\"Umsetzung: Die t\u00e4glichen Aufgaben w\u00e4hrend des Adventskalenders\">Umsetzung: Die t\u00e4glichen Aufgaben w\u00e4hrend des Adventskalenders<\/a><\/li><li class='ez-toc-page-1 ez-toc-heading-level-3'><a class=\"ez-toc-link ez-toc-heading-12\" href=\"https:\/\/www.rajapack.at\/verpackungsnews\/adventskalender-im-buero\/#Ideen_fuer_Challenges\" title=\"Ideen f\u00fcr Challenges\">Ideen f\u00fcr Challenges<\/a><\/li><\/ul><\/li><li class='ez-toc-page-1 ez-toc-heading-level-2'><a class=\"ez-toc-link ez-toc-heading-13\" href=\"https:\/\/www.rajapack.at\/verpackungsnews\/adventskalender-im-buero\/#Adventskalender_im_Buero_per_Los_%E2%80%93_Mit_wem_habe_ich_das_Vergnuegen\" title=\"Adventskalender im B\u00fcro per Los \u2013 Mit wem habe ich das Vergn\u00fcgen?\">Adventskalender im B\u00fcro per Los \u2013 Mit wem habe ich das Vergn\u00fcgen?<\/a><\/li><li class='ez-toc-page-1 ez-toc-heading-level-2'><a class=\"ez-toc-link ez-toc-heading-14\" href=\"https:\/\/www.rajapack.at\/verpackungsnews\/adventskalender-im-buero\/#Der_Adventskalender_gehoert_ins_Buero\" title=\"Der Adventskalender geh\u00f6rt ins B\u00fcro!\">Der Adventskalender geh\u00f6rt ins B\u00fcro!<\/a><\/li><li class='ez-toc-page-1 ez-toc-heading-level-2'><a class=\"ez-toc-link ez-toc-heading-15\" href=\"https:\/\/www.rajapack.at\/verpackungsnews\/adventskalender-im-buero\/#Kleine_Bildergalerie_Der_RAJA_Adventskalender\" title=\"Kleine Bildergalerie: Der RAJA Adventskalender\">Kleine Bildergalerie: Der RAJA Adventskalender<\/a><\/li><\/ul><\/nav><\/div>\n<h2><span class=\"ez-toc-section\" id=\"Der_Adventskalender_fuer_Kollegen_%E2%80%93_der_taegliche_Team_Boost\"><\/span>Der Adventskalender f\u00fcr Kollegen &#8211;\u00a0 der t\u00e4gliche Team Boost!<span class=\"ez-toc-section-end\"><\/span><\/h2>\n<div class=\"su-spacer\" style=\"height:30px\"><\/div>\n<p>Die Vorweihnachtszeit kann im B\u00fcro schon mal hektisch werden. Deadlines jagen einen, die To-do-Listen scheinen endlos, da bleiben kleinere Reibereien nicht aus. Dazu kommt, dass man sich in vielen B\u00fcros nicht mehr t\u00e4glich in Pr\u00e4senz trifft, dem Home-Office sei dank. Das ist toll (!), bringt aber auch den einen oder anderen Nachteil mit sich: Der fehlende, pers\u00f6nliche Kontakt kann sich aufs Team auswirken. Da kommt ein Adventskalender im B\u00fcro gerade recht! Aber warum bringt so ein kleiner Kalender eigentlich so viel Freude und f\u00f6rdert die Arbeitsmoral?<\/p>\n<div class=\"su-divider su-divider-style-dotted\" style=\"margin:15px 0;border-width:3px;border-color:#999999\"><\/div>\n<p><strong>Get in touch &#8211; Kleine Momente schaffen<\/strong>: Sollte man nicht untersch\u00e4tzen! Neugier und Spieltrieb vereint, und gemeinsam mit den Kollegen wird gespannt geschaut, was sich hinter dem T\u00fcrchen verbirgt. Dieser kleine Moment schafft nicht nur Vorfreude, sondern bringt das Team n\u00e4her zusammen. Jeden Tag gibt es einen kleinen Anlass, gemeinsam zu lachen oder zu plaudern. So ein Adventskalender ist wie ein t\u00e4glicher Vitamin-D-Schub f\u00fcr den Teamgeist.<\/p>\n<p><strong>Motivation im Miniformat &#8211; <\/strong>Ein Adventskalender im B\u00fcro ist wie der Kaffeekick am Nachmittag \u2013 aber noch besser! Ob Schokolade, kleine B\u00fcro-Gadgets oder lustige Spr\u00fcche, diese t\u00e4glichen \u00dcberraschungen geben der Motivation einen Extra-Schub. In der oft stressigen Vorweihnachtszeit, wenn die To-dos \u00fcberquellen, kann so ein kleiner Lichtblick am Tag Wunder wirken. Man freut sich auf die kleinen Pausen und die Mini-Belohnungen, die das Arbeiten etwas vers\u00fc\u00dfen.<\/p>\n<p><strong>Wir-Gef\u00fchl in T\u00fcten\u00a0 &#8211; Teambuilding: <\/strong>Ein Adventskalender, der t\u00e4glich kleine Aufgaben oder Team-Challenges bereith\u00e4lt, ist der perfekte Teambuilder. Gemeinsam ein R\u00e4tsel l\u00f6sen oder eine kleine Challenge bew\u00e4ltigen \u2013 das f\u00f6rdert nicht nur den Spa\u00df, sondern auch die Zusammenarbeit. Vielleicht ist hinter dem n\u00e4chsten T\u00fcrchen eine Aufgabe versteckt, bei der der Kollege endlich mal seine lang unterdr\u00fcckten Talente als Dichter zeigen kann. So wird jeder zum Teamheld!<\/p>\n<p><strong>Kleine Geste, gro\u00dfe Wertsch\u00e4tzung: <\/strong>Ein Adventskalender im B\u00fcro ist eine wunderbare Art, Kollegen oder das Team wissen zu lassen, dass sie gesch\u00e4tzt werden. Die t\u00e4glichen Kleinigkeiten signalisieren: \u201eDu bist wichtig!\u201c Und wenn die T\u00fcrchen vielleicht sogar von den Kollegen selbst bef\u00fcllt wurden, zeigt es zus\u00e4tzlich die Achtsamkeit untereinander. Wertsch\u00e4tzung und Zusammenhalt \u2013 das ist die Magie hinter jedem Adventst\u00fcrchen.<\/p>\n<div class=\"su-image-carousel su-image-carousel-columns-2 su-image-carousel-has-spacing su-image-carousel-adaptive su-image-carousel-slides-style-photo su-image-carousel-controls-style-light su-image-carousel-align-center\" style=\"max-width:800px\" data-flickity-options='{\"groupCells\":true,\"cellSelector\":\".su-image-carousel-item\",\"adaptiveHeight\":true,\"cellAlign\":\"left\",\"prevNextButtons\":false,\"pageDots\":false,\"autoPlay\":1000,\"imagesLoaded\":true,\"contain\":false,\"selectedAttraction\":0.025,\"friction\":0.28}' id=\"su_image_carousel_69f496a9ebd69\"><div class=\"su-image-carousel-item\"><div class=\"su-image-carousel-item-content\"><a href=\"\" target=\"_blank\" rel=\"noopener noreferrer\" data-caption=\"\"><img loading=\"lazy\" decoding=\"async\" width=\"1200\" height=\"800\" src=\"https:\/\/www.rajapack.at\/verpackungsnews\/wp-content\/uploads\/2015\/11\/Adventskalender_Team-Vorfreude.jpg\" class=\"\" alt=\"Adventskalender im B\u00fcro\" srcset=\"https:\/\/www.rajapack.at\/verpackungsnews\/wp-content\/uploads\/2015\/11\/Adventskalender_Team-Vorfreude.jpg 1200w, https:\/\/www.rajapack.at\/verpackungsnews\/wp-content\/uploads\/2015\/11\/Adventskalender_Team-Vorfreude-430x287.jpg 430w, https:\/\/www.rajapack.at\/verpackungsnews\/wp-content\/uploads\/2015\/11\/Adventskalender_Team-Vorfreude-1024x683.jpg 1024w, https:\/\/www.rajapack.at\/verpackungsnews\/wp-content\/uploads\/2015\/11\/Adventskalender_Team-Vorfreude-768x512.jpg 768w\" sizes=\"auto, (max-width: 1200px) 100vw, 1200px\" \/><\/a><\/div><\/div><div class=\"su-image-carousel-item\"><div class=\"su-image-carousel-item-content\"><a href=\"\" target=\"_blank\" rel=\"noopener noreferrer\" data-caption=\"\"><img loading=\"lazy\" decoding=\"async\" width=\"1200\" height=\"800\" src=\"https:\/\/www.rajapack.at\/verpackungsnews\/wp-content\/uploads\/2015\/11\/Adventskalender_Anerkennung.jpg\" class=\"\" alt=\"Wertsch\u00e4tzung unter Kollegen\" srcset=\"https:\/\/www.rajapack.at\/verpackungsnews\/wp-content\/uploads\/2015\/11\/Adventskalender_Anerkennung.jpg 1200w, https:\/\/www.rajapack.at\/verpackungsnews\/wp-content\/uploads\/2015\/11\/Adventskalender_Anerkennung-430x287.jpg 430w, https:\/\/www.rajapack.at\/verpackungsnews\/wp-content\/uploads\/2015\/11\/Adventskalender_Anerkennung-1024x683.jpg 1024w, https:\/\/www.rajapack.at\/verpackungsnews\/wp-content\/uploads\/2015\/11\/Adventskalender_Anerkennung-768x512.jpg 768w\" sizes=\"auto, (max-width: 1200px) 100vw, 1200px\" \/><\/a><\/div><\/div><\/div><script id=\"su_image_carousel_69f496a9ebd69_script\">if(window.SUImageCarousel){setTimeout(function() {window.SUImageCarousel.initGallery(document.getElementById(\"su_image_carousel_69f496a9ebd69\"))}, 0);}var su_image_carousel_69f496a9ebd69_script=document.getElementById(\"su_image_carousel_69f496a9ebd69_script\");if(su_image_carousel_69f496a9ebd69_script){su_image_carousel_69f496a9ebd69_script.parentNode.removeChild(su_image_carousel_69f496a9ebd69_script);}<\/script>\n<div class=\"su-divider su-divider-style-dotted\" style=\"margin:15px 0;border-width:3px;border-color:#999999\"><\/div>\n<h2><span class=\"ez-toc-section\" id=\"Ideen_fuer_Adventskalender_im_Buero\"><\/span><strong>Ideen f\u00fcr Adventskalender im B\u00fcro<\/strong><span class=\"ez-toc-section-end\"><\/span><\/h2>\n<div class=\"su-spacer\" style=\"height:30px\"><\/div>\n<p>Sie m\u00f6chten in diesem Jahr einen Adventskalender f\u00fcr die Kollegen organisieren? Dann haben wir hier ein paar hilfreiche Tipps f\u00fcr Sie. Grunds\u00e4tzlich gibt es 2 verschiedene Arten Adventskalender f\u00fcr Kollegen: Den klassischen Adventskalender mit kleinen Geschenken oder den Mitmach-Adventskalender mit kleinen, unterhaltsamen (Team-) Challenges?<\/p>\n<div class=\"su-image-carousel su-image-carousel-has-spacing su-image-carousel-adaptive su-image-carousel-slides-style-photo su-image-carousel-controls-style-light su-image-carousel-align-center\" style=\"max-width:800px\" data-flickity-options='{\"groupCells\":true,\"cellSelector\":\".su-image-carousel-item\",\"adaptiveHeight\":true,\"cellAlign\":\"left\",\"prevNextButtons\":false,\"pageDots\":false,\"autoPlay\":1000,\"imagesLoaded\":true,\"contain\":false,\"selectedAttraction\":0.025,\"friction\":0.28}' id=\"su_image_carousel_69f496a9ec312\"><div class=\"su-image-carousel-item\"><div class=\"su-image-carousel-item-content\"><a href=\"https:\/\/www.rajapack.at\/tragetaschen-geschenkverpackung\/geschenkboxen-tueten\/geschenktueten_C652040.html\" target=\"_blank\" rel=\"noopener noreferrer\" data-caption=\"\"><img loading=\"lazy\" decoding=\"async\" width=\"1200\" height=\"800\" src=\"https:\/\/www.rajapack.at\/verpackungsnews\/wp-content\/uploads\/2015\/11\/Adventskalender_24-Tueten.jpg\" class=\"\" alt=\"Adventskalender im B\u00fcro\" srcset=\"https:\/\/www.rajapack.at\/verpackungsnews\/wp-content\/uploads\/2015\/11\/Adventskalender_24-Tueten.jpg 1200w, https:\/\/www.rajapack.at\/verpackungsnews\/wp-content\/uploads\/2015\/11\/Adventskalender_24-Tueten-430x287.jpg 430w, https:\/\/www.rajapack.at\/verpackungsnews\/wp-content\/uploads\/2015\/11\/Adventskalender_24-Tueten-1024x683.jpg 1024w, https:\/\/www.rajapack.at\/verpackungsnews\/wp-content\/uploads\/2015\/11\/Adventskalender_24-Tueten-768x512.jpg 768w\" sizes=\"auto, (max-width: 1200px) 100vw, 1200px\" \/><\/a><\/div><\/div><\/div><script id=\"su_image_carousel_69f496a9ec312_script\">if(window.SUImageCarousel){setTimeout(function() {window.SUImageCarousel.initGallery(document.getElementById(\"su_image_carousel_69f496a9ec312\"))}, 0);}var su_image_carousel_69f496a9ec312_script=document.getElementById(\"su_image_carousel_69f496a9ec312_script\");if(su_image_carousel_69f496a9ec312_script){su_image_carousel_69f496a9ec312_script.parentNode.removeChild(su_image_carousel_69f496a9ec312_script);}<\/script>\n<div class=\"su-divider su-divider-style-dotted\" style=\"margin:15px 0;border-width:3px;border-color:#999999\"><\/div>\n<h2><span class=\"ez-toc-section\" id=\"Adventskalender_im_Buero_mit_kleinen_Geschenken\"><\/span>Adventskalender im B\u00fcro mit kleinen Geschenken<span class=\"ez-toc-section-end\"><\/span><\/h2>\n<div class=\"su-spacer\" style=\"height:30px\"><\/div>\n<p>Bei dieser Art von Adventskalender wird jeden Tag ein kleines Geschenk f\u00fcr einen oder mehrere Kollegen ge\u00f6ffnet. Diese Geschenke k\u00f6nnen von S\u00fc\u00dfigkeiten \u00fcber B\u00fcroartikel bis hin zu pers\u00f6nlichen \u00dcberraschungen reichen. Oft werden die Geschenke anonym oder per Wichtel verteilt, sodass jeder im Team eine kleine Freude erh\u00e4lt. Der Vorteil bei dieser Art des Adventskalenders: Ein Kalender mit kleinen Geschenken erfordert zwar das Einkaufen und <a href=\"https:\/\/www.rajapack.at\/\" target=\"_blank\" rel=\"noopener\">Verpacken<\/a>, aber die t\u00e4gliche Durchf\u00fchrung ist unkompliziert. Nachdem die Geschenke vorbereitet sind, braucht es keine weitere t\u00e4gliche Planung \u2013 das Team kann einfach die T\u00fcrchen \u00f6ffnen und genie\u00dfen. Aber: Das Team-Erlebnis beschr\u00e4nkt sich hier auf das &#8222;In den Beschenkten hineindenken&#8220; und auf die gemeinsame \u00dcberraschung beim \u00d6ffnen.<\/p>\n<h3><span class=\"ez-toc-section\" id=\"Tipps_zur_Organisation\"><\/span>Tipps zur Organisation<span class=\"ez-toc-section-end\"><\/span><\/h3>\n<div class=\"su-spacer\" style=\"height:30px\"><\/div>\n<div class=\"su-divider su-divider-style-dotted\" style=\"margin:15px 0;border-width:3px;border-color:#999999\"><\/div>\n<h3><span class=\"ez-toc-section\" id=\"Vorbereitung_Planung_und_Organisation\"><\/span><strong>Vorbereitung: Planung und Organisation<\/strong><span class=\"ez-toc-section-end\"><\/span><\/h3>\n<div class=\"su-spacer\" style=\"height:30px\"><\/div>\n<p>Dieser erste Schritt ist entscheidend, um sicherzustellen, dass alles reibungslos l\u00e4uft. Beginnen Sie ca. 4-6 Wochen vor Start:<\/p>\n<p><strong>1. Teilnehmerliste erstellen<\/strong><\/p>\n<ul>\n<li>Entscheiden Sie, wer teilnehmen m\u00f6chte und ob alle Kollegen einbezogen werden. Fragen Sie gegebenenfalls vorher, wer sich beteiligen m\u00f6chte, um sicherzustellen, dass niemand au\u00dfen vor bleibt.<\/li>\n<li><strong>Zeitaufwand:<\/strong> 1\u20132 Tage, um R\u00fcckmeldungen von den Kollegen zu erhalten.<\/li>\n<\/ul>\n<p><strong>2. Budget festlegen<\/strong><\/p>\n<ul>\n<li>Gemeinsam mit den Teilnehmern sollten Sie ein Budget pro Geschenk festlegen, damit die Geschenke im Rahmen bleiben. Alternativ k\u00f6nnen Sie entscheiden, ob die Organisation das Budget \u00fcbernimmt.<\/li>\n<li><strong>Zeitaufwand:<\/strong> 1 Tag, um das Budget zu kl\u00e4ren.<\/li>\n<\/ul>\n<p><strong>3. Geschenkideen sammeln<\/strong><\/p>\n<ul>\n<li>\u00dcberlegen Sie sich, welche Art von Geschenken geeignet ist. Sind es pers\u00f6nliche, witzige oder praktische Dinge f\u00fcr den B\u00fcroalltag? Erstellen Sie eine Liste mit m\u00f6glichen Geschenkideen.<\/li>\n<li><strong>Zeitaufwand:<\/strong> 1\u20132 Tage, um Ideen zu sammeln und sich mit den Vorlieben der Teilnehmer vertraut zu machen.<\/li>\n<\/ul>\n<p><strong>4. Geschenke einkaufen oder organisieren<\/strong><\/p>\n<ul>\n<li>Kaufen oder organisieren Sie die Geschenke. Wenn alle Teilnehmer Geschenke beisteuern, m\u00fcssen Sie sicherstellen, dass alle diese rechtzeitig einreichen.<\/li>\n<li><strong>Zeitaufwand:<\/strong> 3\u20135 Tage, je nach Anzahl der Geschenke und Verf\u00fcgbarkeit.<\/li>\n<\/ul>\n<p><strong>5. Verpackungsmaterial<\/strong><\/p>\n<ul>\n<li>Sorgen Sie f\u00fcr h\u00fcbsches Verpackungsmaterial: <a href=\"\/tragetaschen-geschenkverpackung\/geschenkpapiere_C6590.html\" target=\"_blank\" rel=\"noopener\">Geschenkpapier<\/a>, Schleifen, kleine T\u00fcten oder <a href=\"\/tragetaschen-geschenkverpackung\/geschenkboxen-tueten_C6520.html\" target=\"_blank\" rel=\"noopener\">Geschenkboxen<\/a>. Die Verpackung sollte gut organisiert sein, um Verwechslungen zu vermeiden. Geschenk in Seidenpapier wickeln und ab in die <a href=\"\/tragetaschen-geschenkverpackung\/tragetaschen_C6510.html\" target=\"_blank\" rel=\"noopener\">Tragetasche<\/a>: Auch eine super einfache und h\u00fcbsche M\u00f6glichkeit!<\/li>\n<li><strong>Zeitaufwand:<\/strong> 1\u20132 Tage, um Verpackungen zu besorgen.<\/li>\n<\/ul>\n<p><strong>6. Zeitplan und Ablauf festlegen<\/strong><\/p>\n<ul>\n<li>Legen Sie einen klaren Ablauf fest: Welches Geschenk wird an welchem Tag ge\u00f6ffnet, und wie wird bestimmt, wer an welchem Tag dran ist? Sie k\u00f6nnen den Plan vorab mit den Kollegen teilen oder es eine \u00dcberraschung bleiben lassen.<\/li>\n<li><strong>Zeitaufwand:<\/strong> 1 Tag, um den Zeitplan zu erstellen.<\/li>\n<\/ul>\n<div class=\"su-divider su-divider-style-dotted\" style=\"margin:15px 0;border-width:3px;border-color:#999999\"><\/div>\n<h3><span class=\"ez-toc-section\" id=\"Umsetzung_Die_taeglichen_Aufgaben_waehrend_des_Adventskalenders\"><\/span><strong>Umsetzung: Die t\u00e4glichen Aufgaben w\u00e4hrend des Adventskalenders<\/strong><span class=\"ez-toc-section-end\"><\/span><\/h3>\n<div class=\"su-spacer\" style=\"height:30px\"><\/div>\n<p><strong>1. Koordination des Geschenk\u00f6ffnens<\/strong><\/p>\n<ul>\n<li>Jeden Tag \u00f6ffnet ein Kollege das n\u00e4chste T\u00fcrchen bzw. Geschenk. Stellen Sie sicher, dass der Ablauf reibungslos funktioniert und alle wissen, wann sie an der Reihe sind. Sie k\u00f6nnen eine E-Mail, Nachricht oder Erinnerung verschicken, damit jeder sein Geschenk zur richtigen Zeit \u00f6ffnet. Bedenken Sie, dass nicht immer jeder Kollege im B\u00fcro sein wird und ber\u00fccksichtigen Sie die Home Office Tagen. Und: Sollen auch die Kollegen und Kolleginnen im Home Office beim \u00d6ffnen an dem Spa\u00df teilhaben, organisieren Sie einen t\u00e4glichen, kurzen Online-Termin, zum Beispiel via Teams.<\/li>\n<li><strong>Zeitaufwand:<\/strong> T\u00e4gliche Koordination, ca. 5\u201310 Minuten pro Tag.<\/li>\n<\/ul>\n<p><strong>2. Verwaltung der Geschenke<\/strong><\/p>\n<ul>\n<li>Stellen Sie sicher, dass die Geschenke ordnungsgem\u00e4\u00df gelagert und vor Verwechslungen gesch\u00fctzt werden. Es kann sinnvoll sein, alle Geschenke an einem zentralen Ort im B\u00fcro zu lagern (z. B. ein Schrank oder eine Box).<\/li>\n<li><strong>Zeitaufwand:<\/strong> 1\u20132 Stunden einmalig, um alles zu organisieren.<\/li>\n<\/ul>\n<p><strong>3. Notfallplan<\/strong><\/p>\n<ul>\n<li>Manchmal gibt es spontane \u00c4nderungen (z. B. ein Kollege ist krank, im Home Office oder ein Geschenk ist verloren gegangen). Sie sollten einen kleinen Notfallplan haben, wie Sie solche Situationen managen k\u00f6nnen, z. B. durch Ersatzgeschenke oder eine Vertretung.<\/li>\n<li><strong>Zeitaufwand:<\/strong> Unvorhersehbar, aber meist schnell l\u00f6sbar.<\/li>\n<\/ul>\n<p><strong>4. Feedback und Spa\u00df f\u00f6rdern<\/strong><\/p>\n<ul>\n<li>Um die Vorfreude und das Gemeinschaftsgef\u00fchl zu st\u00e4rken, k\u00f6nnen Sie kleine Feedback-Runden organisieren, in denen Kollegen ihre Lieblingsgeschenke teilen oder einen kleinen Dank an die Organisatoren aussprechen. Vielleicht gibt es auch spontane Fotos oder Momente, die man dokumentieren kann.<\/li>\n<li><strong>Zeitaufwand:<\/strong> Locker und spontan w\u00e4hrend der Kalenderzeit.<\/li>\n<\/ul>\n<div class=\"su-divider su-divider-style-dotted\" style=\"margin:15px 0;border-width:3px;border-color:#999999\"><\/div>\n<h3><span class=\"ez-toc-section\" id=\"Ideen_fuers_Befuellen_des_Adventskalenders_im_Buero\"><\/span><strong>Ideen f\u00fcrs Bef\u00fcllen des Adventskalenders im B\u00fcro<\/strong><span class=\"ez-toc-section-end\"><\/span><\/h3>\n<div class=\"su-spacer\" style=\"height:30px\"><\/div>\n<p>Hier ist wirklich alles m\u00f6glich und der Kreativit\u00e4t &#8211; innerhalb der Grenzen des guten Geschmacks nat\u00fcrlich &#8211; keinerlei Grenzen gesetzt. Je besser man die die zu beschenkende Person kennt, desto besser l\u00e4sst sich nat\u00fcrlich etwas f\u00fcr den individuellen Geschmack finden. Aber auch f\u00fcr Kollegen und Kolleginnen, deren Geschmack man nicht so genau kennt, gibt es viele gute Ideen, hier ein paar Beispiele: Personalisierter Kugelschreiber, Schokolade oder Pralinen, ein besonderes Tee-Sortiment f\u00fcr besondere Pausen, ein Handw\u00e4rmer gegen kalte B\u00fcro-H\u00e4nde, ein Mini-Notizbuch, eine Handcreme oder Lippenpflege, eine Mini-Pflanze f\u00fcr den Arbeitsplatz, witzige B\u00fcroaufkleber f\u00fcrs Laptop oder das Notizbuch, ein Kaffee-Gutschein f\u00fcr die Kantine oder das nahegelegene Caf\u00e9, einen Stressball oder witzige B\u00fcro-Gadgets wie einen Staubsauger f\u00fcr die Tatstatur.<\/p>\n<div class=\"su-divider su-divider-style-dotted\" style=\"margin:15px 0;border-width:3px;border-color:#999999\"><\/div>\n<div class=\"su-image-carousel su-image-carousel-columns-2 su-image-carousel-has-spacing su-image-carousel-adaptive su-image-carousel-slides-style-default su-image-carousel-controls-style-light su-image-carousel-align-center\" style=\"max-width:830px\" data-flickity-options='{\"groupCells\":true,\"cellSelector\":\".su-image-carousel-item\",\"adaptiveHeight\":true,\"cellAlign\":\"left\",\"prevNextButtons\":true,\"pageDots\":false,\"autoPlay\":3000,\"imagesLoaded\":true,\"contain\":false,\"selectedAttraction\":0.007,\"friction\":0.25}' id=\"su_image_carousel_69f496a9ecbf4\"><div class=\"su-image-carousel-item\"><div class=\"su-image-carousel-item-content\"><img loading=\"lazy\" decoding=\"async\" width=\"1200\" height=\"800\" src=\"https:\/\/www.rajapack.at\/verpackungsnews\/wp-content\/uploads\/2015\/11\/Teamchallenge.jpg\" class=\"\" alt=\"Adventskalender Teamquiz\" srcset=\"https:\/\/www.rajapack.at\/verpackungsnews\/wp-content\/uploads\/2015\/11\/Teamchallenge.jpg 1200w, https:\/\/www.rajapack.at\/verpackungsnews\/wp-content\/uploads\/2015\/11\/Teamchallenge-430x287.jpg 430w, https:\/\/www.rajapack.at\/verpackungsnews\/wp-content\/uploads\/2015\/11\/Teamchallenge-1024x683.jpg 1024w, https:\/\/www.rajapack.at\/verpackungsnews\/wp-content\/uploads\/2015\/11\/Teamchallenge-768x512.jpg 768w\" sizes=\"auto, (max-width: 1200px) 100vw, 1200px\" \/><\/div><\/div><div class=\"su-image-carousel-item\"><div class=\"su-image-carousel-item-content\"><img loading=\"lazy\" decoding=\"async\" width=\"1200\" height=\"800\" src=\"https:\/\/www.rajapack.at\/verpackungsnews\/wp-content\/uploads\/2015\/11\/Teamchallenge-2.jpg\" class=\"\" alt=\"Team Challenge\" srcset=\"https:\/\/www.rajapack.at\/verpackungsnews\/wp-content\/uploads\/2015\/11\/Teamchallenge-2.jpg 1200w, https:\/\/www.rajapack.at\/verpackungsnews\/wp-content\/uploads\/2015\/11\/Teamchallenge-2-430x287.jpg 430w, https:\/\/www.rajapack.at\/verpackungsnews\/wp-content\/uploads\/2015\/11\/Teamchallenge-2-1024x683.jpg 1024w, https:\/\/www.rajapack.at\/verpackungsnews\/wp-content\/uploads\/2015\/11\/Teamchallenge-2-768x512.jpg 768w\" sizes=\"auto, (max-width: 1200px) 100vw, 1200px\" \/><\/div><\/div><\/div><script id=\"su_image_carousel_69f496a9ecbf4_script\">if(window.SUImageCarousel){setTimeout(function() {window.SUImageCarousel.initGallery(document.getElementById(\"su_image_carousel_69f496a9ecbf4\"))}, 0);}var su_image_carousel_69f496a9ecbf4_script=document.getElementById(\"su_image_carousel_69f496a9ecbf4_script\");if(su_image_carousel_69f496a9ecbf4_script){su_image_carousel_69f496a9ecbf4_script.parentNode.removeChild(su_image_carousel_69f496a9ecbf4_script);}<\/script>\n<div class=\"su-divider su-divider-style-dotted\" style=\"margin:15px 0;border-width:3px;border-color:#999999\"><\/div>\n<div class=\"su-divider su-divider-style-dotted\" style=\"margin:15px 0;border-width:3px;border-color:#999999\"><\/div>\n<h2><span class=\"ez-toc-section\" id=\"Adventskalender_im_Buero_mit_kleinen_Aufgaben\"><\/span>Adventskalender im B\u00fcro mit kleinen Aufgaben<span class=\"ez-toc-section-end\"><\/span><\/h2>\n<div class=\"su-spacer\" style=\"height:30px\"><\/div>\n<p>Hier verbirgt sich hinter jedem T\u00fcrchen eine Aufgabe oder Challenge, die das ganze Team gemeinsam l\u00f6sen oder durchf\u00fchren muss. Diese Aufgaben k\u00f6nnen von lustigen Spielen \u00fcber R\u00e4tsel bis hin zu kreativen Teambuilding-Aktivit\u00e4ten reichen. Die Umsetzung eines solchen Adventskalenders f\u00fcr das gesamt Team ist einigerma\u00dfen aufw\u00e4ndig und braucht einiges an Planung, aber: Es schafft echte Team-Momente, wie die Beispiele unten zeigen!<\/p>\n<h3><span class=\"ez-toc-section\" id=\"Tipps_zur_Organisation-2\"><\/span>Tipps zur Organisation<span class=\"ez-toc-section-end\"><\/span><\/h3>\n<div class=\"su-spacer\" style=\"height:30px\"><\/div>\n<div class=\"su-divider su-divider-style-dotted\" style=\"margin:15px 0;border-width:3px;border-color:#999999\"><\/div>\n<h3><span class=\"ez-toc-section\" id=\"Vorbereitung_Planung_und_Organisation-2\"><\/span><strong>Vorbereitung: Planung und Organisation<\/strong><span class=\"ez-toc-section-end\"><\/span><\/h3>\n<p>Die Vorbereitung eines Adventskalenders mit Aufgaben erfordert etwas mehr Kreativit\u00e4t und Struktur, damit die t\u00e4glichen Challenges reibungslos ablaufen und abwechslungsreich sind.<\/p>\n<h4>1. <strong>Teilnehmer und Umfang festlegen<\/strong><\/h4>\n<ul>\n<li><strong>Teilnehmerliste erstellen:<\/strong> Stellen Sie sicher, dass Sie wissen, wer mitmachen m\u00f6chte und ob alle im Team teilnehmen. Je nach Teamgr\u00f6\u00dfe k\u00f6nnen die Aufgaben aufgeteilt oder gemeinsam bew\u00e4ltigt werden.<\/li>\n<li><strong>Umfang der Aufgaben:<\/strong> Entscheiden Sie, ob die Aufgaben t\u00e4glich f\u00fcr das gesamte Team oder abwechselnd f\u00fcr einzelne Kollegen oder kleinere Gruppen gedacht sind.<\/li>\n<li><strong>Zeitaufwand:<\/strong> 1\u20132 Tage, um R\u00fcckmeldungen von den Kollegen zu erhalten.<\/li>\n<\/ul>\n<h4>2. <strong>Kreative Aufgaben entwickeln<\/strong><\/h4>\n<ul>\n<li><strong>Erstellung der Aufgabenliste:<\/strong> \u00dcberlegen Sie sich 24 abwechslungsreiche und unterhaltsame Aufgaben, die das Team zusammenschwei\u00dfen. Die Aufgaben sollten schnell machbar sein, aber auch den Arbeitsalltag auflockern. Ber\u00fccksichtige dabei die Dynamik des Teams und den verf\u00fcgbaren Zeitrahmen.<\/li>\n<li><strong>Abwechslung:<\/strong> Planen Sie verschiedene Arten von Aufgaben ein \u2013 von witzigen Team-Challenges \u00fcber Kreativaufgaben bis hin zu kleinen R\u00e4tseln. Achten Sie auch darauf, dass sie unterschiedliche F\u00e4higkeiten ansprechen (Kommunikation, Kreativit\u00e4t, Probleml\u00f6sung). Sie brauchen Inspiration? Wir haben Ihnen unten 24 Ideen als Anregung zusammengesucht.<\/li>\n<li><strong>Zeitaufwand:<\/strong> 2\u20133 Tage, um 24 verschiedene Aufgaben zu entwickeln.<\/li>\n<\/ul>\n<h4>3. <strong>Ben\u00f6tigtes Material oder Tools besorgen<\/strong><\/h4>\n<ul>\n<li>Manche Aufgaben erfordern vielleicht Materialien (wie Bastelmaterialien f\u00fcr Kreativ-Challenges, kleine Preise oder R\u00e4tsel). Stellen Sie sicher, dass Sie alles rechtzeitig organisieren. Vieles davon finden Sie auch direkt bei uns im Shop, zum Beispiel F\u00fcllmaterial, Scheren, <a href=\"\/buerobedarf\/schreibwaren\/textmarker_C554030.html\" target=\"_blank\" rel=\"noopener\">Textmarker<\/a> oder die <a href=\"\/buerobedarf\/bueroausstattung\/whiteboards_C555060.html\" target=\"_blank\" rel=\"noopener\">Whiteboard<\/a>-Tafel.<\/li>\n<li>Eventuell ben\u00f6tigen Sie Tools wie einen Timer, Quizfragen oder ein digitales Tool f\u00fcr virtuelle Meetings, falls das Team teils remote arbeitet.<\/li>\n<li><strong>Zeitaufwand:<\/strong> 1\u20132 Tage, um alle ben\u00f6tigten Materialien zu besorgen.<\/li>\n<\/ul>\n<h4>4. <strong>Zeitplan und Durchf\u00fchrung festlegen<\/strong><\/h4>\n<ul>\n<li>Erstellen Sie einen Zeitplan, in dem festgelegt wird, an welchem Tag welche Challenge stattfindet und wie viel Zeit daf\u00fcr eingeplant ist. Manche Aufgaben lassen sich w\u00e4hrend der Kaffeepause umsetzen, andere vielleicht w\u00e4hrend einer l\u00e4ngeren Teamrunde.<\/li>\n<li>Legen Sie auch fest, ob es eine Reihenfolge gibt, wer welche Aufgaben l\u00f6st, oder ob alle Aufgaben gemeinsam bew\u00e4ltigt werden. Achten Sie darauf, dass der Plan flexibel genug ist, um spontane \u00c4nderungen zu ber\u00fccksichtigen.<\/li>\n<li><strong>Zeitaufwand:<\/strong> 1 Tag, um den Zeitplan zu erstellen.<\/li>\n<\/ul>\n<h4>5. <strong>Belohnungen oder kleine Anreize planen<\/strong><\/h4>\n<ul>\n<li>\u00dcberlegen Sie sich, ob es f\u00fcr gel\u00f6ste Aufgaben kleine Belohnungen oder Punkte gibt, die am Ende des Advents zu einem gemeinsamen Preis f\u00fchren (z. B. ein Teamfr\u00fchst\u00fcck oder ein kleiner gemeinsamer Ausflug).<\/li>\n<li><strong>Zeitaufwand:<\/strong> 1 Tag, um Preise oder Anreize festzulegen.<\/li>\n<\/ul>\n<div class=\"su-divider su-divider-style-dotted\" style=\"margin:15px 0;border-width:3px;border-color:#999999\"><\/div>\n<h3><span class=\"ez-toc-section\" id=\"Umsetzung_Die_taeglichen_Aufgaben_waehrend_des_Adventskalenders-2\"><\/span><strong>Umsetzung: Die t\u00e4glichen Aufgaben w\u00e4hrend des Adventskalenders<\/strong><span class=\"ez-toc-section-end\"><\/span><\/h3>\n<div class=\"su-spacer\" style=\"height:30px\"><\/div>\n<p>Die t\u00e4gliche Durchf\u00fchrung der Challenges erfordert Organisation, aber auch Flexibilit\u00e4t, um auf spontane \u00c4nderungen zu reagieren.<\/p>\n<h4>1. <strong>T\u00e4gliche Challenge organisieren<\/strong><\/h4>\n<ul>\n<li>Jeden Tag stellen Sie die neue Aufgabe vor (z. B. per E-Mail, Nachricht im Gruppenchat oder \u00fcber ein gedrucktes Kalenderblatt). Achten Sie darauf, dass die Aufgaben klar erkl\u00e4rt sind und jeder versteht, wie sie durchgef\u00fchrt werden sollen.<\/li>\n<li>Erinnerungen oder kurze Motivationsnachrichten k\u00f6nnten hilfreich sein, damit alle Kollegen am Ball bleiben und Spa\u00df an der Umsetzung haben.<\/li>\n<li><strong>Zeitaufwand:<\/strong> 10\u201315 Minuten pro Tag, um die Challenge vorzustellen und ggf. R\u00fcckfragen zu kl\u00e4ren.<\/li>\n<\/ul>\n<h4>2. <strong>\u00dcberwachen und Moderieren der Aufgaben<\/strong><\/h4>\n<ul>\n<li>Einige Aufgaben erfordern eine kurze Anleitung oder Moderation. Besonders bei Aufgaben, die in Teams durchgef\u00fchrt werden, sollten Sie den Ablauf im Auge behalten, um sicherzustellen, dass alles rund l\u00e4uft.<\/li>\n<li>Falls die Aufgaben kooperative Elemente oder einen Wettbewerb beinhalten, dokumentieren Sie die Ergebnisse und motivieren Sie das Team, die Herausforderung mit Spa\u00df anzugehen.<\/li>\n<li><strong>Zeitaufwand:<\/strong> 10\u201320 Minuten pro Tag, je nach Komplexit\u00e4t der Challenge.<\/li>\n<\/ul>\n<h4>3. <strong>Flexibilit\u00e4t bei unerwarteten \u00c4nderungen<\/strong><\/h4>\n<ul>\n<li>Es kann vorkommen, dass Kollegen krank werden oder spontan Termine wahrnehmen m\u00fcssen. F\u00fcr solche F\u00e4lle sollten Sie einen Plan B haben: Entweder eine schnelle Ersatz-Challenge oder eine einfachere Aufgabe, die ohne eine bestimmte Person machbar ist.<\/li>\n<li>Achten Sie auch darauf, dass die Aufgaben flexibel genug sind, um sie bei Bedarf anzupassen.<\/li>\n<li><strong>Zeitaufwand:<\/strong> Unvorhersehbar, aber spontane \u00c4nderungen sollten durch einfache Aufgaben oder Vertretungen l\u00f6sbar sein.<\/li>\n<\/ul>\n<h4>4. <strong>Feedback und Teammotivation<\/strong><\/h4>\n<ul>\n<li>Sorgen Sie daf\u00fcr, dass das Team motiviert bleibt, indem Sie regelm\u00e4\u00dfig positives Feedback geben oder witzige Momente mit allen teilen. Das f\u00f6rdert das Engagement und sorgt daf\u00fcr, dass der Kalender bis zum letzten Tag spannend bleibt.<\/li>\n<li>Sie k\u00f6nnten auch eine Abschluss-Challenge oder -Feier am 24. Tag organisieren, um den Adventskalender geb\u00fchrend zu beenden.<\/li>\n<li><strong>Zeitaufwand:<\/strong> Leichtes, t\u00e4gliches Engagement; Abschluss-Event ggf. 1 Stunde Planungszeit.<\/li>\n<\/ul>\n<div class=\"su-divider su-divider-style-dotted\" style=\"margin:15px 0;border-width:3px;border-color:#999999\"><\/div>\n<h3><span class=\"ez-toc-section\" id=\"Ideen_fuer_Challenges\"><\/span><strong>Ideen f\u00fcr Challenges<\/strong><span class=\"ez-toc-section-end\"><\/span><\/h3>\n<div class=\"su-spacer\" style=\"height:30px\"><\/div>\n<div class=\"su-image-carousel su-image-carousel-columns-2 su-image-carousel-has-spacing su-image-carousel-adaptive su-image-carousel-slides-style-default su-image-carousel-controls-style-light su-image-carousel-align-center\" style=\"max-width:830px\" data-flickity-options='{\"groupCells\":true,\"cellSelector\":\".su-image-carousel-item\",\"adaptiveHeight\":true,\"cellAlign\":\"left\",\"prevNextButtons\":true,\"pageDots\":false,\"autoPlay\":5000,\"imagesLoaded\":true,\"contain\":false,\"selectedAttraction\":0.007,\"friction\":0.25}' id=\"su_image_carousel_69f496a9ed6da\"><div class=\"su-image-carousel-item\"><div class=\"su-image-carousel-item-content\"><img loading=\"lazy\" decoding=\"async\" width=\"1200\" height=\"800\" src=\"https:\/\/www.rajapack.at\/verpackungsnews\/wp-content\/uploads\/2015\/11\/Challenge_Teamaufgabe.jpg\" class=\"\" alt=\"Adventskalender Teambuilding\" srcset=\"https:\/\/www.rajapack.at\/verpackungsnews\/wp-content\/uploads\/2015\/11\/Challenge_Teamaufgabe.jpg 1200w, https:\/\/www.rajapack.at\/verpackungsnews\/wp-content\/uploads\/2015\/11\/Challenge_Teamaufgabe-430x287.jpg 430w, https:\/\/www.rajapack.at\/verpackungsnews\/wp-content\/uploads\/2015\/11\/Challenge_Teamaufgabe-1024x683.jpg 1024w, https:\/\/www.rajapack.at\/verpackungsnews\/wp-content\/uploads\/2015\/11\/Challenge_Teamaufgabe-768x512.jpg 768w\" sizes=\"auto, (max-width: 1200px) 100vw, 1200px\" \/><\/div><\/div><div class=\"su-image-carousel-item\"><div class=\"su-image-carousel-item-content\"><img loading=\"lazy\" decoding=\"async\" width=\"1200\" height=\"800\" src=\"https:\/\/www.rajapack.at\/verpackungsnews\/wp-content\/uploads\/2015\/11\/Challenge_Seilziehen.jpg\" class=\"\" alt=\"Teambuilding Challenge\" srcset=\"https:\/\/www.rajapack.at\/verpackungsnews\/wp-content\/uploads\/2015\/11\/Challenge_Seilziehen.jpg 1200w, https:\/\/www.rajapack.at\/verpackungsnews\/wp-content\/uploads\/2015\/11\/Challenge_Seilziehen-430x287.jpg 430w, https:\/\/www.rajapack.at\/verpackungsnews\/wp-content\/uploads\/2015\/11\/Challenge_Seilziehen-1024x683.jpg 1024w, https:\/\/www.rajapack.at\/verpackungsnews\/wp-content\/uploads\/2015\/11\/Challenge_Seilziehen-768x512.jpg 768w\" sizes=\"auto, (max-width: 1200px) 100vw, 1200px\" \/><\/div><\/div><div class=\"su-image-carousel-item\"><div class=\"su-image-carousel-item-content\"><img loading=\"lazy\" decoding=\"async\" width=\"1200\" height=\"800\" src=\"https:\/\/www.rajapack.at\/verpackungsnews\/wp-content\/uploads\/2015\/11\/Challenge_Schneeballschlacht.jpg\" class=\"\" alt=\"Adventskalender Team\" srcset=\"https:\/\/www.rajapack.at\/verpackungsnews\/wp-content\/uploads\/2015\/11\/Challenge_Schneeballschlacht.jpg 1200w, https:\/\/www.rajapack.at\/verpackungsnews\/wp-content\/uploads\/2015\/11\/Challenge_Schneeballschlacht-430x287.jpg 430w, https:\/\/www.rajapack.at\/verpackungsnews\/wp-content\/uploads\/2015\/11\/Challenge_Schneeballschlacht-1024x683.jpg 1024w, https:\/\/www.rajapack.at\/verpackungsnews\/wp-content\/uploads\/2015\/11\/Challenge_Schneeballschlacht-768x512.jpg 768w\" sizes=\"auto, (max-width: 1200px) 100vw, 1200px\" \/><\/div><\/div><div class=\"su-image-carousel-item\"><div class=\"su-image-carousel-item-content\"><img loading=\"lazy\" decoding=\"async\" width=\"1200\" height=\"800\" src=\"https:\/\/www.rajapack.at\/verpackungsnews\/wp-content\/uploads\/2015\/11\/Challenge_Quiz.jpg\" class=\"\" alt=\"Adventskalender Teambuilding\" srcset=\"https:\/\/www.rajapack.at\/verpackungsnews\/wp-content\/uploads\/2015\/11\/Challenge_Quiz.jpg 1200w, https:\/\/www.rajapack.at\/verpackungsnews\/wp-content\/uploads\/2015\/11\/Challenge_Quiz-430x287.jpg 430w, https:\/\/www.rajapack.at\/verpackungsnews\/wp-content\/uploads\/2015\/11\/Challenge_Quiz-1024x683.jpg 1024w, https:\/\/www.rajapack.at\/verpackungsnews\/wp-content\/uploads\/2015\/11\/Challenge_Quiz-768x512.jpg 768w\" sizes=\"auto, (max-width: 1200px) 100vw, 1200px\" \/><\/div><\/div><div class=\"su-image-carousel-item\"><div class=\"su-image-carousel-item-content\"><img loading=\"lazy\" decoding=\"async\" width=\"1200\" height=\"800\" src=\"https:\/\/www.rajapack.at\/verpackungsnews\/wp-content\/uploads\/2015\/11\/Challenge_karaoke.jpg\" class=\"\" alt=\"Karaoke Kollegen\" srcset=\"https:\/\/www.rajapack.at\/verpackungsnews\/wp-content\/uploads\/2015\/11\/Challenge_karaoke.jpg 1200w, https:\/\/www.rajapack.at\/verpackungsnews\/wp-content\/uploads\/2015\/11\/Challenge_karaoke-430x287.jpg 430w, https:\/\/www.rajapack.at\/verpackungsnews\/wp-content\/uploads\/2015\/11\/Challenge_karaoke-1024x683.jpg 1024w, https:\/\/www.rajapack.at\/verpackungsnews\/wp-content\/uploads\/2015\/11\/Challenge_karaoke-768x512.jpg 768w\" sizes=\"auto, (max-width: 1200px) 100vw, 1200px\" \/><\/div><\/div><div class=\"su-image-carousel-item\"><div class=\"su-image-carousel-item-content\"><img loading=\"lazy\" decoding=\"async\" width=\"1024\" height=\"1024\" src=\"https:\/\/www.rajapack.at\/verpackungsnews\/wp-content\/uploads\/2015\/11\/Schaetzfrage-Kekse.jpg\" class=\"\" alt=\"\" srcset=\"https:\/\/www.rajapack.at\/verpackungsnews\/wp-content\/uploads\/2015\/11\/Schaetzfrage-Kekse.jpg 1024w, https:\/\/www.rajapack.at\/verpackungsnews\/wp-content\/uploads\/2015\/11\/Schaetzfrage-Kekse-430x430.jpg 430w, https:\/\/www.rajapack.at\/verpackungsnews\/wp-content\/uploads\/2015\/11\/Schaetzfrage-Kekse-150x150.jpg 150w, https:\/\/www.rajapack.at\/verpackungsnews\/wp-content\/uploads\/2015\/11\/Schaetzfrage-Kekse-768x768.jpg 768w, https:\/\/www.rajapack.at\/verpackungsnews\/wp-content\/uploads\/2015\/11\/Schaetzfrage-Kekse-800x800.jpg 800w, https:\/\/www.rajapack.at\/verpackungsnews\/wp-content\/uploads\/2015\/11\/Schaetzfrage-Kekse-120x120.jpg 120w\" sizes=\"auto, (max-width: 1024px) 100vw, 1024px\" \/><\/div><\/div><div class=\"su-image-carousel-item\"><div class=\"su-image-carousel-item-content\"><img loading=\"lazy\" decoding=\"async\" width=\"1200\" height=\"800\" src=\"https:\/\/www.rajapack.at\/verpackungsnews\/wp-content\/uploads\/2015\/11\/Challenge_uggly-sweater.jpg\" class=\"\" alt=\"Adventskalender Uggly Sweater\" srcset=\"https:\/\/www.rajapack.at\/verpackungsnews\/wp-content\/uploads\/2015\/11\/Challenge_uggly-sweater.jpg 1200w, https:\/\/www.rajapack.at\/verpackungsnews\/wp-content\/uploads\/2015\/11\/Challenge_uggly-sweater-430x287.jpg 430w, https:\/\/www.rajapack.at\/verpackungsnews\/wp-content\/uploads\/2015\/11\/Challenge_uggly-sweater-1024x683.jpg 1024w, https:\/\/www.rajapack.at\/verpackungsnews\/wp-content\/uploads\/2015\/11\/Challenge_uggly-sweater-768x512.jpg 768w\" sizes=\"auto, (max-width: 1200px) 100vw, 1200px\" \/><\/div><\/div><\/div><script id=\"su_image_carousel_69f496a9ed6da_script\">if(window.SUImageCarousel){setTimeout(function() {window.SUImageCarousel.initGallery(document.getElementById(\"su_image_carousel_69f496a9ed6da\"))}, 0);}var su_image_carousel_69f496a9ed6da_script=document.getElementById(\"su_image_carousel_69f496a9ed6da_script\");if(su_image_carousel_69f496a9ed6da_script){su_image_carousel_69f496a9ed6da_script.parentNode.removeChild(su_image_carousel_69f496a9ed6da_script);}<\/script>\n<p>1. <strong>Der Komplimente-Tag<\/strong><\/p>\n<p>Jeder Kollege muss einem anderen ein ehrliches und nettes Kompliment machen. Am Ende des Tages tauscht das Team aus, welche Komplimente besonders herausgestochen haben. Diese Komplimente k\u00f6nnen pers\u00f6nlich \u00fcberbracht werden oder, zum Beispiel auf einem <a href=\"\/buerobedarf\/papier\/post-it_C553030.html\" target=\"_blank\" rel=\"noopener\">Post-it<\/a>, heimlich am Arbeitsplatz des Kollegen bzw. der Kollegin platziert werden. Total sch\u00f6nes und einfaches\u00a0 Feel-Good-Mittel f\u00fcrs Team \ud83d\ude42<\/p>\n<p>2. <strong>R\u00e4tsel-Herausforderung<\/strong><\/p>\n<p>Ein kniffliges Teamr\u00e4tsel oder ein Quiz, das nur gemeinsam gel\u00f6st werden kann. Jede Abteilung k\u00f6nnte eine Runde beitragen und sich selbst herausfordern. Ideal auch online auszuf\u00fchren, oder aber analog und mittels des guten, alten Schwarzen Bretts &#8211; bzw. des <a href=\"\/buerobedarf\/bueroausstattung\/flipcharts_C555070.html\" target=\"_blank\" rel=\"noopener\">Flipcharts<\/a> \ud83d\ude09<\/p>\n<p>3. <strong>Ugly Christmas Sweater Day<\/strong><\/p>\n<p>Wer hat den verr\u00fccktesten Weihnachtspullover? Alle ziehen ihre witzigsten oder h\u00e4sslichsten Weihnachts-Sweater an, und das Team k\u00fcrt den Gewinner!<\/p>\n<p>4. <strong>Geheime Weihnachtswichtel<\/strong><\/p>\n<p>Jeder Kollege zieht einen Namen und hinterl\u00e4sst diesem Kollegen eine kleine, nette <a href=\"\/buerobedarf\/papier\/post-it_C553030.html\" target=\"_blank\" rel=\"noopener\">Notiz<\/a> oder eine winzige \u00dcberraschung.<\/p>\n<p>5. <strong>Kaffee-Pausen-Quiz<\/strong><\/p>\n<p>W\u00e4hrend der Kaffeepause stellt ein Kollege eine kuriose Frage (z. B. Weihnachtswissen oder Fun Facts) und die anderen m\u00fcssen raten. Das Team mit den meisten richtigen Antworten gewinnt einen kleinen Preis. \u00dcbrigens: Wissen Sie, wie viel Prozent der Deutschen inzwischen Ihre Weihnachtseink\u00e4ufe am liebsten nur noch online erledigen? Hier k\u00f6nnen Sie&#8217;s rausfinden: <a href=\"\/verpackungsnews\/weihnachtsgeschaeft\" target=\"_blank\" rel=\"noopener\">Weihnachtsgesch\u00e4ft<\/a>!<\/p>\n<p>6. <strong>Weihnachtskugeln gestalten<\/strong><\/p>\n<p>Jeder Kollege bekommt eine einfache, unbemalte Weihnachtskugel, die er individuell dekoriert. Am Ende des Tages werden alle Kugeln am B\u00fcro-Weihnachtsbaum aufgeh\u00e4ngt. Geht auch ganz sch\u00f6n mit B\u00fcro-Tassen: F\u00fcr jeden einen &#8222;Rohling&#8220; kaufen und gestalten lassen. Am Ende kommen die guten St\u00fccke dann ins Regal in der Kaffeek\u00fcche &#8211; oder werden als besonderer Gru\u00df an Kunden oder Lieferanten verschickt. Nat\u00fcrlich gut gesch\u00fctzt, in einer speziellen <a href=\"\/kartons-schachteln-container\/versandkartons-postverpackungen\/postkartons\/tassenverpackung_OFF_DE_01471.html\" target=\"_blank\" rel=\"noopener\">Tassenverpackung<\/a>!<\/p>\n<p>7. <strong>Weihnachtliche Fotobooth<\/strong><\/p>\n<p>Ein Fotobooth mit weihnachtlichen Accessoires wird im B\u00fcro aufgebaut. Das Team macht zusammen witzige Fotos, die als Erinnerung im B\u00fcro aufgeh\u00e4ngt werden &#8211; oder auch als Weihnachtsgru\u00df versendet, entweder digital oder in einem sch\u00f6nen, <a href=\"\/versandtaschen-umschlaege-versandrohre\/polsterumschlaege\/luftpolster-versandtaschen\/farbige-luftpolster-versandtaschen_OFF_DE_0192.html\" target=\"_blank\" rel=\"noopener\">farbigen Umschlag<\/a>.<\/p>\n<p>8. <strong>Weihnachtslieder Karaoke<\/strong><\/p>\n<p>Jeder Kollege muss einen kleinen Ausschnitt eines Weihnachtsliedes singen \u2013 wer sich traut! Bonuspunkte f\u00fcr kreative Performances. Auch wenn es daf\u00fcr die technischen M\u00f6glichkeiten g\u00e4be: Hier raten wir vom Verschicken ab \ud83d\ude09<\/p>\n<p>9. <strong>Schneeballwerfen (im B\u00fcro!)<\/strong><\/p>\n<p>Organisiere ein Indoor-&#8222;Schneeball&#8220;-Wurfspiel mit weichen B\u00e4llen oder Papierkugeln. Teammitglieder m\u00fcssen versuchen, eine \u201eSchneeball\u201c-Schlacht zu gewinnen. Greifen Sie daf\u00fcr in den Papiereimer, der neben dem Drucker steht. Bitte kein frisches <a href=\"\/buerobedarf\/papier\/kopierpapier_C553010.html\" target=\"_blank\" rel=\"noopener\">Druckerpapier<\/a> verwenden&#8230; Mal ehrlich, Schnee ist auch in den seltensten F\u00e4llen ganz wei\u00df \ud83d\ude06<\/p>\n<p>10. <strong>Sch\u00e4tzaufgabe<\/strong><\/p>\n<p>F\u00fclle ein Glas mit weihnachtlichen S\u00fc\u00dfigkeiten oder kleinen Gegenst\u00e4nden, und jeder Kollege muss sch\u00e4tzen, wie viele drin sind. Der Gewinner darf den Inhalt behalten.<\/p>\n<p>11. <strong>Weihnachtliche Blindverkostung<\/strong><\/p>\n<p>Bereite verschiedene weihnachtliche Snacks (Pl\u00e4tzchen, Lebkuchen, Schokolade) vor und lasst die Kollegen mit verbundenen Augen raten, was sie probieren.<\/p>\n<p>12. <strong>Weihnachtsbaum-Bastel-Challenge<\/strong><\/p>\n<p>Das Team bekommt <a href=\"\/buerobedarf\/schreibtischzubehoer_C5520.html\" target=\"_blank\" rel=\"noopener\">Bastelmaterialien<\/a> und muss in kurzer Zeit einen kleinen Weihnachtsbaum oder andere Deko basteln. Der sch\u00f6nste (oder kreativste) Baum gewinnt.<\/p>\n<p>13. <strong>Secret Santa R\u00e4tsel<\/strong><\/p>\n<p>Jeder Kollege erh\u00e4lt ein lustiges R\u00e4tsel oder ein Quiz \u00fcber einen anderen Kollegen und muss erraten, wer gemeint ist.<\/p>\n<p>14. <strong>Gemeinsames Weihnachtsgedicht<\/strong><\/p>\n<p>Jeder Kollege schreibt eine Zeile eines Weihnachtsgedichts, das dann gemeinsam vorgelesen wird. Je absurder, desto besser!<\/p>\n<p>15. <strong>Montags-Keks-Challenge<\/strong><\/p>\n<p>Am Montag bringt jeder selbstgebackene Kekse mit. Das Team bewertet, wer die besten oder kreativsten Pl\u00e4tzchen mitgebracht hat.<\/p>\n<p>16. <strong>Weihnachtsfilm-Quiz<\/strong><\/p>\n<p>Jeder Kollege bringt ein Zitat oder einen Screenshot aus einem Weihnachtsfilm mit, und das Team muss den Film erraten.<\/p>\n<p>17. <strong>Kreativ-T\u00fcrchen gestalten<\/strong><\/p>\n<p>Jeder Kollege ist f\u00fcr einen Tag verantwortlich, das n\u00e4chste Adventst\u00fcrchen kreativ zu gestalten (digital oder als kleine Pr\u00e4sentation).<\/p>\n<p>18. <strong>Gesang auf Bestellung<\/strong><\/p>\n<p>Ein Kollege darf anrufen, wenn er eine Pause vom Arbeiten braucht \u2013 dann m\u00fcssen andere Kollegen (in einem improvisierten Chor) ein Weihnachtslied singen!<\/p>\n<p>19. <strong>Das schnellste Geschenk<\/strong><\/p>\n<p>Verpacke ein Geschenk so schnell wie m\u00f6glich \u2013 aber es muss auch ordentlich aussehen! Wer das sch\u00f6nste und schnellste Paket schn\u00fcrt, gewinnt. Wer cheaten will: Hier gibt&#8217;s eine tolle Anleitung zum Thema <a href=\"\/verpackungsnews\/geschenk-verpacken\" target=\"_blank\" rel=\"noopener\">Geschenke verpacken<\/a>!<\/p>\n<p>20. <strong>Spontaner 5-Minuten-Tanz<\/strong><\/p>\n<p>Sobald das Adventst\u00fcrchen ge\u00f6ffnet ist, m\u00fcssen alle im B\u00fcro f\u00fcr 5 Minuten zu einem weihnachtlichen Song tanzen. Locker bleiben und Spa\u00df haben ist das Motto!<\/p>\n<p>21. <strong>Weihnachtskrimi-R\u00e4tsel<\/strong><\/p>\n<p>Organisiere ein kleines \u201eWeihnachtskrimi\u201c-R\u00e4tsel, bei dem das Team gemeinsam herausfinden muss, wer den &#8222;Weihnachtsmann&#8220; bestohlen hat.<\/p>\n<p>22. <strong>Weihnachts-Sch\u00e4tzfrage<\/strong><\/p>\n<p>\u201eWie viele Weihnachtskarten wurden letztes Jahr im B\u00fcro verschickt?\u201c \u2013 das Team muss gemeinsam raten und sch\u00e4tzen.<\/p>\n<p>23. <strong>Gegenseitige Hilfe-Aktion<\/strong><\/p>\n<p>Jeder Kollege hilft heute einem anderen bei einer Aufgabe, die er sonst alleine machen w\u00fcrde. Das f\u00f6rdert nicht nur den Teamgeist, sondern sorgt auch f\u00fcr Entlastung.<\/p>\n<p>24. <strong>Weihnachtsgr\u00fc\u00dfe schreiben<\/strong><\/p>\n<p>Jeder schreibt eine kleine, pers\u00f6nliche Weihnachtsbotschaft an einen Kollegen und \u00fcberreicht sie am letzten Arbeitstag vor den Feiertagen. Eine sch\u00f6ne Art, Wertsch\u00e4tzung zu zeigen.<\/p>\n<div class=\"su-divider su-divider-style-dotted\" style=\"margin:15px 0;border-width:3px;border-color:#999999\"><\/div>\n<div class=\"su-divider su-divider-style-dotted\" style=\"margin:15px 0;border-width:3px;border-color:#999999\"><\/div>\n<h2><span class=\"ez-toc-section\" id=\"Adventskalender_im_Buero_per_Los_%E2%80%93_Mit_wem_habe_ich_das_Vergnuegen\"><\/span>Adventskalender im B\u00fcro per Los \u2013 Mit wem habe ich das Vergn\u00fcgen?<span class=\"ez-toc-section-end\"><\/span><\/h2>\n<div class=\"su-spacer\" style=\"height:30px\"><\/div>\n<p>Wir bei RAJA haben uns f\u00fcr den Geschenke-Adventskalender im B\u00fcro entschieden. Mittlerweile eine liebgewonnene Tradition: Jedes Jahr best\u00fcckt jeder Kollege bzw. jede Kollegin eines der T\u00fcrchen (oder, in kleineren Teams, nat\u00fcrlich auch mal mehr \ud83d\ude09 &#8230;). Das klappt in der gro\u00dfen Runde, unternehmensweit durch alle Abteilungen, aber nat\u00fcrlich auch im kleinen Kern-Team, also mit den direkt Kollegen und Kolleginnen im Team. Und weil der Spa\u00df nicht unbedingt f\u00fcr jedermann was ist, gilt die einfache Regel: Wer ein Geschenk beisteuert, kommt in den Lostopf. Und wer nicht, bleibt unbehelligt &#8211; aber eben auch unbeschenkt. \ud83c\udf85<\/p>\n<p>Das Los entscheidet: Wann bin ich dran mit \u00d6ffnen? Und welcher Kollege oder welche Kollegin war verantwortlich f\u00fcr meine \u00dcberraschung? Kennt man denjenigen oder diejenige \u201ehinter dem T\u00fcrchen\u201c, wei\u00df man auch schon ungef\u00e4hr, womit man zu rechnen hat\u2026 Oder? \ud83d\ude42<\/p>\n<p>Bei der Verpackung \u00fcberlassen wir dann aber wieder nichts dem Zufall, sondern greifen auf unsere Produkte zur\u00fcck! Die <a href=\"\/tragetaschen-geschenkverpackung\/tragetaschen\/papiertragetaschen\/lackpapier-tragetaschen-satinschleife_PDT01032.html\" target=\"_blank\" rel=\"noopener\">Lackpapier-Tragetaschen mit Satinschleife<\/a> gibt es praktischerweise in mehreren Gr\u00f6\u00dfen \u2013 und die <a href=\"\/tragetaschen-geschenkverpackung\/geschenkboxen-tueten\/organza-satinbeutel\/organza_OFF_DE_0534.html\" target=\"_blank\" rel=\"noopener\">Organza-Beutel<\/a> dazwischen sehen super aus! Unser Sortiment bietet aber noch einiges mehr an Potential f\u00fcr den Adventskalender im B\u00fcro:<\/p>\n<div class=\"su-spacer\" style=\"height:30px\"><\/div>\n<div class=\"su-image-carousel su-image-carousel-columns-4 su-image-carousel-has-spacing su-image-carousel-adaptive su-image-carousel-slides-style-default su-image-carousel-controls-style-light su-image-carousel-align-center\" style=\"max-width:830px\" data-flickity-options='{\"groupCells\":true,\"cellSelector\":\".su-image-carousel-item\",\"adaptiveHeight\":true,\"cellAlign\":\"left\",\"prevNextButtons\":true,\"pageDots\":false,\"autoPlay\":3000,\"imagesLoaded\":true,\"contain\":false,\"selectedAttraction\":0.007,\"friction\":0.25}' id=\"su_image_carousel_69f496a9edeb7\"><div class=\"su-image-carousel-item\"><div class=\"su-image-carousel-item-content\"><img loading=\"lazy\" decoding=\"async\" width=\"1200\" height=\"800\" src=\"https:\/\/www.rajapack.at\/verpackungsnews\/wp-content\/uploads\/2023\/05\/Recycling-PET.jpg\" class=\"\" alt=\"PET recycelt ist ein wertvoller Rohstoff\" srcset=\"https:\/\/www.rajapack.at\/verpackungsnews\/wp-content\/uploads\/2023\/05\/Recycling-PET.jpg 1200w, https:\/\/www.rajapack.at\/verpackungsnews\/wp-content\/uploads\/2023\/05\/Recycling-PET-430x287.jpg 430w, https:\/\/www.rajapack.at\/verpackungsnews\/wp-content\/uploads\/2023\/05\/Recycling-PET-1024x683.jpg 1024w, https:\/\/www.rajapack.at\/verpackungsnews\/wp-content\/uploads\/2023\/05\/Recycling-PET-768x512.jpg 768w\" sizes=\"auto, (max-width: 1200px) 100vw, 1200px\" \/><\/div><\/div><div class=\"su-image-carousel-item\"><div class=\"su-image-carousel-item-content\"><img loading=\"lazy\" decoding=\"async\" width=\"300\" height=\"300\" src=\"https:\/\/www.rajapack.at\/verpackungsnews\/wp-content\/uploads\/2021\/05\/geschenkbeutel-aus-graspapier_OFF_DE_01832.jpg\" class=\"\" alt=\"Beutel aus Gras\" srcset=\"https:\/\/www.rajapack.at\/verpackungsnews\/wp-content\/uploads\/2021\/05\/geschenkbeutel-aus-graspapier_OFF_DE_01832.jpg 300w, https:\/\/www.rajapack.at\/verpackungsnews\/wp-content\/uploads\/2021\/05\/geschenkbeutel-aus-graspapier_OFF_DE_01832-150x150.jpg 150w, https:\/\/www.rajapack.at\/verpackungsnews\/wp-content\/uploads\/2021\/05\/geschenkbeutel-aus-graspapier_OFF_DE_01832-120x120.jpg 120w\" sizes=\"auto, (max-width: 300px) 100vw, 300px\" \/><\/div><\/div><div class=\"su-image-carousel-item\"><div class=\"su-image-carousel-item-content\"><img loading=\"lazy\" decoding=\"async\" width=\"300\" height=\"300\" src=\"https:\/\/www.rajapack.at\/verpackungsnews\/wp-content\/uploads\/2021\/05\/geschenkpapier-aus-graspapier_HOU25.jpg\" class=\"\" alt=\"Gras Geschenkpapier\" srcset=\"https:\/\/www.rajapack.at\/verpackungsnews\/wp-content\/uploads\/2021\/05\/geschenkpapier-aus-graspapier_HOU25.jpg 300w, https:\/\/www.rajapack.at\/verpackungsnews\/wp-content\/uploads\/2021\/05\/geschenkpapier-aus-graspapier_HOU25-150x150.jpg 150w, https:\/\/www.rajapack.at\/verpackungsnews\/wp-content\/uploads\/2021\/05\/geschenkpapier-aus-graspapier_HOU25-120x120.jpg 120w\" sizes=\"auto, (max-width: 300px) 100vw, 300px\" \/><\/div><\/div><div class=\"su-image-carousel-item\"><div class=\"su-image-carousel-item-content\"><img loading=\"lazy\" decoding=\"async\" width=\"598\" height=\"636\" src=\"https:\/\/www.rajapack.at\/verpackungsnews\/wp-content\/uploads\/2020\/09\/kunst-u-kreation-geschenk-verpackung.jpg\" class=\"\" alt=\"Kunst und Verpackung\" srcset=\"https:\/\/www.rajapack.at\/verpackungsnews\/wp-content\/uploads\/2020\/09\/kunst-u-kreation-geschenk-verpackung.jpg 598w, https:\/\/www.rajapack.at\/verpackungsnews\/wp-content\/uploads\/2020\/09\/kunst-u-kreation-geschenk-verpackung-404x430.jpg 404w\" sizes=\"auto, (max-width: 598px) 100vw, 598px\" \/><\/div><\/div><div class=\"su-image-carousel-item\"><div class=\"su-image-carousel-item-content\"><img loading=\"lazy\" decoding=\"async\" width=\"1280\" height=\"1024\" src=\"https:\/\/www.rajapack.at\/verpackungsnews\/wp-content\/uploads\/2019\/09\/rote-geschenkbox.png\" class=\"\" alt=\"Geschenkbox geschenke nachhaltig verpacken\" srcset=\"https:\/\/www.rajapack.at\/verpackungsnews\/wp-content\/uploads\/2019\/09\/rote-geschenkbox.png 1280w, https:\/\/www.rajapack.at\/verpackungsnews\/wp-content\/uploads\/2019\/09\/rote-geschenkbox-430x344.png 430w, https:\/\/www.rajapack.at\/verpackungsnews\/wp-content\/uploads\/2019\/09\/rote-geschenkbox-1024x819.png 1024w, https:\/\/www.rajapack.at\/verpackungsnews\/wp-content\/uploads\/2019\/09\/rote-geschenkbox-768x614.png 768w\" sizes=\"auto, (max-width: 1280px) 100vw, 1280px\" \/><\/div><\/div><\/div><script id=\"su_image_carousel_69f496a9edeb7_script\">if(window.SUImageCarousel){setTimeout(function() {window.SUImageCarousel.initGallery(document.getElementById(\"su_image_carousel_69f496a9edeb7\"))}, 0);}var su_image_carousel_69f496a9edeb7_script=document.getElementById(\"su_image_carousel_69f496a9edeb7_script\");if(su_image_carousel_69f496a9edeb7_script){su_image_carousel_69f496a9edeb7_script.parentNode.removeChild(su_image_carousel_69f496a9edeb7_script);}<\/script>\n<div class=\"su-divider su-divider-style-dotted\" style=\"margin:15px 0;border-width:3px;border-color:#999999\"><\/div>\n<h2><span class=\"ez-toc-section\" id=\"Der_Adventskalender_gehoert_ins_Buero\"><\/span>Der Adventskalender geh\u00f6rt ins B\u00fcro!<span class=\"ez-toc-section-end\"><\/span><\/h2>\n<div class=\"su-spacer\" style=\"height:30px\"><\/div>\n<p>In den vergangenen Jahren haben wir immer wieder auch unseren Kunden bei der weihnachtlichen Vorfreude ein wenig &#8222;auf die Spr\u00fcnge&#8220; geholfen. Sei es mit dem digitalen Adventskalender, in dem wir in jedem Jahr in der Adventszeit mal spannende,\u00a0 mal lustige, mal informative, mal \u00fcberraschende Inhalte f\u00fcr Sie bereitgehalten haben &#8211; nicht zu vergessen die tollen Gewinne! &#8211; , sei es mit besonderen Aktionen rund um unsere Geschenkverpackungen oder sei es mit der Verlosung von Geschenkt\u00fcten, Geschenkkartons etc. zum Basteln des eigenen Adventskalenders in Ihrem B\u00fcro, Werkstatt, Praxis, Shop&#8230;<\/p>\n<p>Danke an dieser Stelle f\u00fcr Ihre netten Kommentare, f\u00fcr Ihre Ideen, Anregungen und unverbr\u00fcchliche Treue \ud83d\ude42<\/p>\n<p><strong>Bestimmt werden wir uns auch in diesem Jahr wieder was Nettes ausdenken!<\/strong><\/p>\n<div class=\"su-image-carousel su-image-carousel-has-spacing su-image-carousel-has-outline su-image-carousel-adaptive su-image-carousel-slides-style-default su-image-carousel-controls-style-light su-image-carousel-align-center\" style=\"\" data-flickity-options='{\"groupCells\":true,\"cellSelector\":\".su-image-carousel-item\",\"adaptiveHeight\":true,\"cellAlign\":\"left\",\"prevNextButtons\":true,\"pageDots\":false,\"autoPlay\":3000,\"imagesLoaded\":true,\"contain\":false,\"selectedAttraction\":0.025,\"friction\":0.28}' id=\"su_image_carousel_69f496a9ee376\"><div class=\"su-image-carousel-item\"><div class=\"su-image-carousel-item-content\"><a href=\"\" target=\"_blank\" rel=\"noopener noreferrer\" data-caption=\"\"><img loading=\"lazy\" decoding=\"async\" width=\"4947\" height=\"3171\" src=\"https:\/\/www.rajapack.at\/verpackungsnews\/wp-content\/uploads\/2015\/11\/dsc03455_x-scaled.jpg\" class=\"\" alt=\"Adventskalender f\u00fcr Kollegen\" \/><\/a><\/div><\/div><\/div><script id=\"su_image_carousel_69f496a9ee376_script\">if(window.SUImageCarousel){setTimeout(function() {window.SUImageCarousel.initGallery(document.getElementById(\"su_image_carousel_69f496a9ee376\"))}, 0);}var su_image_carousel_69f496a9ee376_script=document.getElementById(\"su_image_carousel_69f496a9ee376_script\");if(su_image_carousel_69f496a9ee376_script){su_image_carousel_69f496a9ee376_script.parentNode.removeChild(su_image_carousel_69f496a9ee376_script);}<\/script>\n<h2><span class=\"ez-toc-section\" id=\"Kleine_Bildergalerie_Der_RAJA_Adventskalender\"><\/span>Kleine Bildergalerie: Der RAJA Adventskalender<span class=\"ez-toc-section-end\"><\/span><\/h2>\n<div class=\"su-spacer\" style=\"height:30px\"><\/div>\n<div class=\"su-image-carousel su-image-carousel-columns-4 su-image-carousel-has-spacing su-image-carousel-has-outline su-image-carousel-adaptive su-image-carousel-slides-style-default su-image-carousel-controls-style-light su-image-carousel-align-center\" style=\"\" data-flickity-options='{\"groupCells\":true,\"cellSelector\":\".su-image-carousel-item\",\"adaptiveHeight\":true,\"cellAlign\":\"left\",\"prevNextButtons\":true,\"pageDots\":false,\"autoPlay\":3000,\"imagesLoaded\":true,\"contain\":false,\"selectedAttraction\":0.025,\"friction\":0.28}' id=\"su_image_carousel_69f496a9ee8f2\"><div class=\"su-image-carousel-item\"><div class=\"su-image-carousel-item-content\"><a href=\"\" target=\"_blank\" rel=\"noopener noreferrer\" data-caption=\"\"><img loading=\"lazy\" decoding=\"async\" width=\"475\" height=\"652\" src=\"https:\/\/www.rajapack.at\/verpackungsnews\/wp-content\/uploads\/2015\/11\/raja_adventskalender_2010.jpg\" class=\"\" alt=\"\" srcset=\"https:\/\/www.rajapack.at\/verpackungsnews\/wp-content\/uploads\/2015\/11\/raja_adventskalender_2010.jpg 475w, https:\/\/www.rajapack.at\/verpackungsnews\/wp-content\/uploads\/2015\/11\/raja_adventskalender_2010-313x430.jpg 313w\" sizes=\"auto, (max-width: 475px) 100vw, 475px\" \/><\/a><\/div><\/div><div class=\"su-image-carousel-item\"><div class=\"su-image-carousel-item-content\"><a href=\"\" target=\"_blank\" rel=\"noopener noreferrer\" data-caption=\"\"><img loading=\"lazy\" decoding=\"async\" width=\"332\" height=\"366\" src=\"https:\/\/www.rajapack.at\/verpackungsnews\/wp-content\/uploads\/2015\/11\/adventskalender.jpg\" class=\"\" alt=\"\" \/><\/a><\/div><\/div><div class=\"su-image-carousel-item\"><div class=\"su-image-carousel-item-content\"><a href=\"\" target=\"_blank\" rel=\"noopener noreferrer\" data-caption=\"\"><img loading=\"lazy\" decoding=\"async\" width=\"385\" height=\"354\" src=\"https:\/\/www.rajapack.at\/verpackungsnews\/wp-content\/uploads\/2015\/11\/Beitragsbild-neuer-Blog-Adventskalender.jpg\" class=\"\" alt=\"\" \/><\/a><\/div><\/div><div class=\"su-image-carousel-item\"><div class=\"su-image-carousel-item-content\"><a href=\"\" target=\"_blank\" rel=\"noopener noreferrer\" data-caption=\"\"><img loading=\"lazy\" decoding=\"async\" width=\"850\" height=\"1300\" src=\"https:\/\/www.rajapack.at\/verpackungsnews\/wp-content\/uploads\/2015\/11\/Hintergrund-Grafik-AK-2019-mit-Nummern.jpg\" class=\"\" alt=\"\" srcset=\"https:\/\/www.rajapack.at\/verpackungsnews\/wp-content\/uploads\/2015\/11\/Hintergrund-Grafik-AK-2019-mit-Nummern.jpg 850w, https:\/\/www.rajapack.at\/verpackungsnews\/wp-content\/uploads\/2015\/11\/Hintergrund-Grafik-AK-2019-mit-Nummern-281x430.jpg 281w, https:\/\/www.rajapack.at\/verpackungsnews\/wp-content\/uploads\/2015\/11\/Hintergrund-Grafik-AK-2019-mit-Nummern-670x1024.jpg 670w, https:\/\/www.rajapack.at\/verpackungsnews\/wp-content\/uploads\/2015\/11\/Hintergrund-Grafik-AK-2019-mit-Nummern-768x1175.jpg 768w\" sizes=\"auto, (max-width: 850px) 100vw, 850px\" \/><\/a><\/div><\/div><\/div><script id=\"su_image_carousel_69f496a9ee8f2_script\">if(window.SUImageCarousel){setTimeout(function() {window.SUImageCarousel.initGallery(document.getElementById(\"su_image_carousel_69f496a9ee8f2\"))}, 0);}var su_image_carousel_69f496a9ee8f2_script=document.getElementById(\"su_image_carousel_69f496a9ee8f2_script\");if(su_image_carousel_69f496a9ee8f2_script){su_image_carousel_69f496a9ee8f2_script.parentNode.removeChild(su_image_carousel_69f496a9ee8f2_script);}<\/script>\n<p>&nbsp;<\/p>\n","protected":false},"excerpt":{"rendered":"<p>Man ist definitiv nie zu alt f\u00fcr einen Adventskalender! T\u00fcren zu \u00f6ffnen macht immer Spa\u00df. In jedem Alter. Und deshalb haben wir auch beschlossen, in diesem Jahr im B\u00fcro einen [&#8230;]<\/p>\n","protected":false},"author":22,"featured_media":30256,"comment_status":"open","ping_status":"closed","sticky":false,"template":"","format":"standard","meta":{"_acf_changed":false,"footnotes":""},"categories":[12],"tags":[769,766],"class_list":["post-9182","post","type-post","status-publish","format-standard","has-post-thumbnail","hentry","category-raja-insights","tag-diy","tag-geschenke-verpacken"],"acf":[],"yoast_head":"\n<title>Der Adventskalender im B\u00fcro<\/title>\n<meta name=\"description\" content=\"Der Adventskalender im B\u00fcro bringt Kollegen enger zusammen. Warum das so ist und der Effekt schon mit einfachen Mitteln leicht umsetzbar ist:\" \/>\n<meta name=\"robots\" content=\"index, follow, max-snippet:-1, max-image-preview:large, max-video-preview:-1\" \/>\n<link rel=\"canonical\" href=\"https:\/\/www.rajapack.at\/verpackungsnews\/adventskalender-im-buero\" \/>\n<meta property=\"og:locale\" content=\"de_AT\" \/>\n<meta property=\"og:type\" content=\"article\" \/>\n<meta property=\"og:title\" content=\"Der Adventskalender im B\u00fcro\" \/>\n<meta property=\"og:description\" content=\"Der Adventskalender im B\u00fcro bringt Kollegen enger zusammen. Warum das so ist und der Effekt schon mit einfachen Mitteln leicht umsetzbar ist:\" \/>\n<meta property=\"og:url\" content=\"https:\/\/www.rajapack.at\/verpackungsnews\/adventskalender-im-buero\" \/>\n<meta property=\"og:site_name\" content=\"RAJAPACK Blog AT\" \/>\n<meta property=\"article:published_time\" content=\"2025-11-13T08:02:40+00:00\" \/>\n<meta property=\"article:modified_time\" content=\"2025-11-13T09:01:57+00:00\" \/>\n<meta property=\"og:image\" content=\"https:\/\/www.rajapack.at\/verpackungsnews\/wp-content\/uploads\/2024\/10\/Adventskalender-Mitarbeiter-intern-2024_4.jpg\" \/>\n\t<meta property=\"og:image:width\" content=\"810\" \/>\n\t<meta property=\"og:image:height\" content=\"462\" \/>\n\t<meta property=\"og:image:type\" content=\"image\/jpeg\" \/>\n<meta name=\"author\" content=\"RAJAPACK AT\" \/>\n<meta name=\"twitter:card\" content=\"summary_large_image\" \/>\n<meta name=\"twitter:label1\" content=\"Verfasst von\" \/>\n\t<meta name=\"twitter:data1\" content=\"RAJAPACK AT\" \/>\n\t<meta name=\"twitter:label2\" content=\"Gesch\u00e4tzte Lesezeit\" \/>\n\t<meta name=\"twitter:data2\" content=\"19 Minuten\" \/>\n<script type=\"application\/ld+json\" class=\"yoast-schema-graph\">{\n\t    \"@context\": \"https:\/\/schema.org\",\n\t    \"@graph\": [\n\t        {\n\t            \"@type\": \"Article\",\n\t            \"@id\": \"https:\/\/www.rajapack.at\/verpackungsnews\/adventskalender-im-buero#article\",\n\t            \"isPartOf\": {\n\t                \"@id\": \"https:\/\/www.rajapack.at\/verpackungsnews\/adventskalender-im-buero\"\n\t            },\n\t            \"author\": {\n\t                \"name\": \"RAJAPACK AT\",\n\t                \"@id\": \"https:\/\/www.rajapack.at\/verpackungsnews\/#\/schema\/person\/df6dc3629cb737ad2c3253a2901a8034\"\n\t            },\n\t            \"headline\": \"Der Adventskalender im B\u00fcro\",\n\t            \"datePublished\": \"2025-11-13T08:02:40+00:00\",\n\t            \"dateModified\": \"2025-11-13T09:01:57+00:00\",\n\t            \"mainEntityOfPage\": {\n\t                \"@id\": \"https:\/\/www.rajapack.at\/verpackungsnews\/adventskalender-im-buero\"\n\t            },\n\t            \"wordCount\": 3618,\n\t            \"commentCount\": 3,\n\t            \"publisher\": {\n\t                \"@id\": \"https:\/\/www.rajapack.at\/verpackungsnews\/#organization\"\n\t            },\n\t            \"image\": {\n\t                \"@id\": \"https:\/\/www.rajapack.at\/verpackungsnews\/adventskalender-im-buero#primaryimage\"\n\t            },\n\t            \"thumbnailUrl\": \"https:\/\/www.rajapack.at\/verpackungsnews\/wp-content\/uploads\/2024\/10\/Adventskalender-Mitarbeiter-intern-2024_4.jpg\",\n\t            \"keywords\": [\n\t                \"DIY\",\n\t                \"Geschenke verpacken\"\n\t            ],\n\t            \"articleSection\": [\n\t                \"RAJAPACK Insights\"\n\t            ],\n\t            \"inLanguage\": \"de-AT\",\n\t            \"potentialAction\": [\n\t                {\n\t                    \"@type\": \"CommentAction\",\n\t                    \"name\": \"Comment\",\n\t                    \"target\": [\n\t                        \"https:\/\/www.rajapack.at\/verpackungsnews\/adventskalender-im-buero#respond\"\n\t                    ]\n\t                }\n\t            ]\n\t        },\n\t        {\n\t            \"@type\": \"WebPage\",\n\t            \"@id\": \"https:\/\/www.rajapack.at\/verpackungsnews\/adventskalender-im-buero\",\n\t            \"url\": \"https:\/\/www.rajapack.at\/verpackungsnews\/adventskalender-im-buero\",\n\t            \"name\": \"Der Adventskalender im B\u00fcro\",\n\t            \"isPartOf\": {\n\t                \"@id\": \"https:\/\/www.rajapack.at\/verpackungsnews\/#website\"\n\t            },\n\t            \"primaryImageOfPage\": {\n\t                \"@id\": \"https:\/\/www.rajapack.at\/verpackungsnews\/adventskalender-im-buero#primaryimage\"\n\t            },\n\t            \"image\": {\n\t                \"@id\": \"https:\/\/www.rajapack.at\/verpackungsnews\/adventskalender-im-buero#primaryimage\"\n\t            },\n\t            \"thumbnailUrl\": \"https:\/\/www.rajapack.at\/verpackungsnews\/wp-content\/uploads\/2024\/10\/Adventskalender-Mitarbeiter-intern-2024_4.jpg\",\n\t            \"datePublished\": \"2025-11-13T08:02:40+00:00\",\n\t            \"dateModified\": \"2025-11-13T09:01:57+00:00\",\n\t            \"description\": \"Der Adventskalender im B\u00fcro bringt Kollegen enger zusammen. Warum das so ist und der Effekt schon mit einfachen Mitteln leicht umsetzbar ist:\",\n\t            \"inLanguage\": \"de-AT\",\n\t            \"potentialAction\": [\n\t                {\n\t                    \"@type\": \"ReadAction\",\n\t                    \"target\": [\n\t                        \"https:\/\/www.rajapack.at\/verpackungsnews\/adventskalender-im-buero\"\n\t                    ]\n\t                }\n\t            ]\n\t        },\n\t        {\n\t            \"@type\": \"ImageObject\",\n\t            \"inLanguage\": \"de-AT\",\n\t            \"@id\": \"https:\/\/www.rajapack.at\/verpackungsnews\/adventskalender-im-buero#primaryimage\",\n\t            \"url\": \"https:\/\/www.rajapack.at\/verpackungsnews\/wp-content\/uploads\/2024\/10\/Adventskalender-Mitarbeiter-intern-2024_4.jpg\",\n\t            \"contentUrl\": \"https:\/\/www.rajapack.at\/verpackungsnews\/wp-content\/uploads\/2024\/10\/Adventskalender-Mitarbeiter-intern-2024_4.jpg\",\n\t            \"width\": 810,\n\t            \"height\": 462,\n\t            \"caption\": \"Adventskalender im B\u00fcro Team\"\n\t        },\n\t        {\n\t            \"@type\": \"WebSite\",\n\t            \"@id\": \"https:\/\/www.rajapack.at\/verpackungsnews\/#website\",\n\t            \"url\": \"https:\/\/www.rajapack.at\/verpackungsnews\/\",\n\t            \"name\": \"RAJAPACK Blog AT\",\n\t            \"description\": \"Verpackungsnews vom Experten\",\n\t            \"publisher\": {\n\t                \"@id\": \"https:\/\/www.rajapack.at\/verpackungsnews\/#organization\"\n\t            },\n\t            \"potentialAction\": [\n\t                {\n\t                    \"@type\": \"SearchAction\",\n\t                    \"target\": {\n\t                        \"@type\": \"EntryPoint\",\n\t                        \"urlTemplate\": \"https:\/\/www.rajapack.at\/verpackungsnews\/?s={search_term_string}\"\n\t                    },\n\t                    \"query-input\": {\n\t                        \"@type\": \"PropertyValueSpecification\",\n\t                        \"valueRequired\": true,\n\t                        \"valueName\": \"search_term_string\"\n\t                    }\n\t                }\n\t            ],\n\t            \"inLanguage\": \"de-AT\"\n\t        },\n\t        {\n\t            \"@type\": \"Organization\",\n\t            \"@id\": \"https:\/\/www.rajapack.at\/verpackungsnews\/#organization\",\n\t            \"name\": \"RAJAPACK Blog AT\",\n\t            \"url\": \"https:\/\/www.rajapack.at\/verpackungsnews\/\",\n\t            \"logo\": {\n\t                \"@type\": \"ImageObject\",\n\t                \"inLanguage\": \"de-AT\",\n\t                \"@id\": \"https:\/\/www.rajapack.at\/verpackungsnews\/#\/schema\/logo\/image\/\",\n\t                \"url\": \"https:\/\/www.rajapack.at\/verpackungsnews\/wp-content\/uploads\/2021\/11\/LOGO-RAJA-800x243-1.jpg\",\n\t                \"contentUrl\": \"https:\/\/www.rajapack.at\/verpackungsnews\/wp-content\/uploads\/2021\/11\/LOGO-RAJA-800x243-1.jpg\",\n\t                \"width\": 800,\n\t                \"height\": 243,\n\t                \"caption\": \"RAJAPACK Blog AT\"\n\t            },\n\t            \"image\": {\n\t                \"@id\": \"https:\/\/www.rajapack.at\/verpackungsnews\/#\/schema\/logo\/image\/\"\n\t            },\n\t            \"sameAs\": [\n\t                \"https:\/\/de.linkedin.com\/company\/rajapack-gmbh\"\n\t            ]\n\t        },\n\t        {\n\t            \"@type\": \"Person\",\n\t            \"@id\": \"https:\/\/www.rajapack.at\/verpackungsnews\/#\/schema\/person\/df6dc3629cb737ad2c3253a2901a8034\",\n\t            \"name\": \"RAJAPACK AT\",\n\t            \"image\": {\n\t                \"@type\": \"ImageObject\",\n\t                \"inLanguage\": \"de-AT\",\n\t                \"@id\": \"https:\/\/www.rajapack.at\/verpackungsnews\/#\/schema\/person\/image\/\",\n\t                \"url\": \"https:\/\/secure.gravatar.com\/avatar\/4c95834f3b6420b1fbe980903e066e22?s=96&d=mm&r=g\",\n\t                \"contentUrl\": \"https:\/\/secure.gravatar.com\/avatar\/4c95834f3b6420b1fbe980903e066e22?s=96&d=mm&r=g\",\n\t                \"caption\": \"RAJAPACK AT\"\n\t            }\n\t        }\n\t    ]\n\t}<\/script>\n","yoast_head_json":{"title":"Der Adventskalender im B\u00fcro","description":"Der Adventskalender im B\u00fcro bringt Kollegen enger zusammen. Warum das so ist und der Effekt schon mit einfachen Mitteln leicht umsetzbar ist:","robots":{"index":"index","follow":"follow","max-snippet":"max-snippet:-1","max-image-preview":"max-image-preview:large","max-video-preview":"max-video-preview:-1"},"canonical":"https:\/\/www.rajapack.at\/verpackungsnews\/adventskalender-im-buero","og_locale":"de_AT","og_type":"article","og_title":"Der Adventskalender im B\u00fcro","og_description":"Der Adventskalender im B\u00fcro bringt Kollegen enger zusammen. Warum das so ist und der Effekt schon mit einfachen Mitteln leicht umsetzbar ist:","og_url":"https:\/\/www.rajapack.at\/verpackungsnews\/adventskalender-im-buero","og_site_name":"RAJAPACK Blog AT","article_published_time":"2025-11-13T08:02:40+00:00","article_modified_time":"2025-11-13T09:01:57+00:00","og_image":[{"width":810,"height":462,"url":"https:\/\/www.rajapack.at\/verpackungsnews\/wp-content\/uploads\/2024\/10\/Adventskalender-Mitarbeiter-intern-2024_4.jpg","type":"image\/jpeg"}],"author":"RAJAPACK AT","twitter_card":"summary_large_image","twitter_misc":{"Verfasst von":"RAJAPACK AT","Gesch\u00e4tzte Lesezeit":"19 Minuten"},"schema":{"@context":"https:\/\/schema.org","@graph":[{"@type":"Article","@id":"https:\/\/www.rajapack.at\/verpackungsnews\/adventskalender-im-buero#article","isPartOf":{"@id":"https:\/\/www.rajapack.at\/verpackungsnews\/adventskalender-im-buero"},"author":{"name":"RAJAPACK AT","@id":"https:\/\/www.rajapack.at\/verpackungsnews\/#\/schema\/person\/df6dc3629cb737ad2c3253a2901a8034"},"headline":"Der Adventskalender im B\u00fcro","datePublished":"2025-11-13T08:02:40+00:00","dateModified":"2025-11-13T09:01:57+00:00","mainEntityOfPage":{"@id":"https:\/\/www.rajapack.at\/verpackungsnews\/adventskalender-im-buero"},"wordCount":3618,"commentCount":3,"publisher":{"@id":"https:\/\/www.rajapack.at\/verpackungsnews\/#organization"},"image":{"@id":"https:\/\/www.rajapack.at\/verpackungsnews\/adventskalender-im-buero#primaryimage"},"thumbnailUrl":"https:\/\/www.rajapack.at\/verpackungsnews\/wp-content\/uploads\/2024\/10\/Adventskalender-Mitarbeiter-intern-2024_4.jpg","keywords":["DIY","Geschenke verpacken"],"articleSection":["RAJAPACK Insights"],"inLanguage":"de-AT","potentialAction":[{"@type":"CommentAction","name":"Comment","target":["https:\/\/www.rajapack.at\/verpackungsnews\/adventskalender-im-buero#respond"]}]},{"@type":"WebPage","@id":"https:\/\/www.rajapack.at\/verpackungsnews\/adventskalender-im-buero","url":"https:\/\/www.rajapack.at\/verpackungsnews\/adventskalender-im-buero","name":"Der Adventskalender im B\u00fcro","isPartOf":{"@id":"https:\/\/www.rajapack.at\/verpackungsnews\/#website"},"primaryImageOfPage":{"@id":"https:\/\/www.rajapack.at\/verpackungsnews\/adventskalender-im-buero#primaryimage"},"image":{"@id":"https:\/\/www.rajapack.at\/verpackungsnews\/adventskalender-im-buero#primaryimage"},"thumbnailUrl":"https:\/\/www.rajapack.at\/verpackungsnews\/wp-content\/uploads\/2024\/10\/Adventskalender-Mitarbeiter-intern-2024_4.jpg","datePublished":"2025-11-13T08:02:40+00:00","dateModified":"2025-11-13T09:01:57+00:00","description":"Der Adventskalender im B\u00fcro bringt Kollegen enger zusammen. Warum das so ist und der Effekt schon mit einfachen Mitteln leicht umsetzbar ist:","inLanguage":"de-AT","potentialAction":[{"@type":"ReadAction","target":["https:\/\/www.rajapack.at\/verpackungsnews\/adventskalender-im-buero"]}]},{"@type":"ImageObject","inLanguage":"de-AT","@id":"https:\/\/www.rajapack.at\/verpackungsnews\/adventskalender-im-buero#primaryimage","url":"https:\/\/www.rajapack.at\/verpackungsnews\/wp-content\/uploads\/2024\/10\/Adventskalender-Mitarbeiter-intern-2024_4.jpg","contentUrl":"https:\/\/www.rajapack.at\/verpackungsnews\/wp-content\/uploads\/2024\/10\/Adventskalender-Mitarbeiter-intern-2024_4.jpg","width":810,"height":462,"caption":"Adventskalender im B\u00fcro Team"},{"@type":"WebSite","@id":"https:\/\/www.rajapack.at\/verpackungsnews\/#website","url":"https:\/\/www.rajapack.at\/verpackungsnews\/","name":"RAJAPACK Blog AT","description":"Verpackungsnews vom Experten","publisher":{"@id":"https:\/\/www.rajapack.at\/verpackungsnews\/#organization"},"potentialAction":[{"@type":"SearchAction","target":{"@type":"EntryPoint","urlTemplate":"https:\/\/www.rajapack.at\/verpackungsnews\/?s={search_term_string}"},"query-input":{"@type":"PropertyValueSpecification","valueRequired":true,"valueName":"search_term_string"}}],"inLanguage":"de-AT"},{"@type":"Organization","@id":"https:\/\/www.rajapack.at\/verpackungsnews\/#organization","name":"RAJAPACK Blog AT","url":"https:\/\/www.rajapack.at\/verpackungsnews\/","logo":{"@type":"ImageObject","inLanguage":"de-AT","@id":"https:\/\/www.rajapack.at\/verpackungsnews\/#\/schema\/logo\/image\/","url":"https:\/\/www.rajapack.at\/verpackungsnews\/wp-content\/uploads\/2021\/11\/LOGO-RAJA-800x243-1.jpg","contentUrl":"https:\/\/www.rajapack.at\/verpackungsnews\/wp-content\/uploads\/2021\/11\/LOGO-RAJA-800x243-1.jpg","width":800,"height":243,"caption":"RAJAPACK Blog AT"},"image":{"@id":"https:\/\/www.rajapack.at\/verpackungsnews\/#\/schema\/logo\/image\/"},"sameAs":["https:\/\/de.linkedin.com\/company\/rajapack-gmbh"]},{"@type":"Person","@id":"https:\/\/www.rajapack.at\/verpackungsnews\/#\/schema\/person\/df6dc3629cb737ad2c3253a2901a8034","name":"RAJAPACK AT","image":{"@type":"ImageObject","inLanguage":"de-AT","@id":"https:\/\/www.rajapack.at\/verpackungsnews\/#\/schema\/person\/image\/","url":"https:\/\/secure.gravatar.com\/avatar\/4c95834f3b6420b1fbe980903e066e22?s=96&d=mm&r=g","contentUrl":"https:\/\/secure.gravatar.com\/avatar\/4c95834f3b6420b1fbe980903e066e22?s=96&d=mm&r=g","caption":"RAJAPACK AT"}}]}},"_links":{"self":[{"href":"https:\/\/www.rajapack.at\/verpackungsnews\/wp-json\/wp\/v2\/posts\/9182","targetHints":{"allow":["GET"]}}],"collection":[{"href":"https:\/\/www.rajapack.at\/verpackungsnews\/wp-json\/wp\/v2\/posts"}],"about":[{"href":"https:\/\/www.rajapack.at\/verpackungsnews\/wp-json\/wp\/v2\/types\/post"}],"author":[{"embeddable":true,"href":"https:\/\/www.rajapack.at\/verpackungsnews\/wp-json\/wp\/v2\/users\/22"}],"replies":[{"embeddable":true,"href":"https:\/\/www.rajapack.at\/verpackungsnews\/wp-json\/wp\/v2\/comments?post=9182"}],"version-history":[{"count":8,"href":"https:\/\/www.rajapack.at\/verpackungsnews\/wp-json\/wp\/v2\/posts\/9182\/revisions"}],"predecessor-version":[{"id":30226,"href":"https:\/\/www.rajapack.at\/verpackungsnews\/wp-json\/wp\/v2\/posts\/9182\/revisions\/30226"}],"wp:featuredmedia":[{"embeddable":true,"href":"https:\/\/www.rajapack.at\/verpackungsnews\/wp-json\/wp\/v2\/media\/30256"}],"wp:attachment":[{"href":"https:\/\/www.rajapack.at\/verpackungsnews\/wp-json\/wp\/v2\/media?parent=9182"}],"wp:term":[{"taxonomy":"category","embeddable":true,"href":"https:\/\/www.rajapack.at\/verpackungsnews\/wp-json\/wp\/v2\/categories?post=9182"},{"taxonomy":"post_tag","embeddable":true,"href":"https:\/\/www.rajapack.at\/verpackungsnews\/wp-json\/wp\/v2\/tags?post=9182"}],"curies":[{"name":"wp","href":"https:\/\/api.w.org\/{rel}","templated":true}]}}